{"id":42638,"date":"2024-04-04T10:05:07","date_gmt":"2024-04-04T13:05:07","guid":{"rendered":"https:\/\/atecordoba.org\/?p=42638"},"modified":"2024-04-04T14:06:50","modified_gmt":"2024-04-04T17:06:50","slug":"jubilados-y-trabajadores-estatales-en-el-ojo-del-ajuste","status":"publish","type":"post","link":"https:\/\/atecordoba.org\/?p=42638","title":{"rendered":"Jubilados y trabajadores estatales, en el ojo del ajuste"},"content":{"rendered":"<div class=\"wp-block-image\">\n<figure class=\"alignright size-large is-resized\"><img loading=\"lazy\" decoding=\"async\" src=\"https:\/\/atecordoba.org\/wp-content\/uploads\/2024\/04\/pasamontanas-verde-1024x683.jpg\" alt=\"\" class=\"wp-image-42639\" width=\"512\" height=\"342\" srcset=\"https:\/\/atecordoba.org\/wp-content\/uploads\/2024\/04\/pasamontanas-verde-1024x683.jpg 1024w, https:\/\/atecordoba.org\/wp-content\/uploads\/2024\/04\/pasamontanas-verde-300x200.jpg 300w, https:\/\/atecordoba.org\/wp-content\/uploads\/2024\/04\/pasamontanas-verde-768x512.jpg 768w, https:\/\/atecordoba.org\/wp-content\/uploads\/2024\/04\/pasamontanas-verde-750x500.jpg 750w, https:\/\/atecordoba.org\/wp-content\/uploads\/2024\/04\/pasamontanas-verde-1140x760.jpg 1140w, https:\/\/atecordoba.org\/wp-content\/uploads\/2024\/04\/pasamontanas-verde.jpg 1536w\" sizes=\"auto, (max-width: 512px) 100vw, 512px\" \/><\/figure>\n<\/div>\n\n\n<p>Hoy por hoy, el descuido que hay respecto de los jubilados y jubiladas por parte del Gobierno de Javier Milei permite entrever la deshumanizaci\u00f3n que recae sobre este sector. A las idas y vueltas con los aumentos, f\u00f3rmula de movilidad jubilatoria irrisoria -aprobada por decreto- y pagos desdoblados, se suman los despidos en \u00e1reas claves para la garant\u00eda de la seguridad social.<\/p>\n\n\n\n<p>Mientras que el vocero presidencial Manuel Adorni hab\u00eda dicho que el aumento de la f\u00f3rmula de movilidad jubilatoria iba a discutirse en el Congreso, el lunes 25 de marzo se confirm\u00f3 su modificaci\u00f3n a trav\u00e9s del <a href=\"https:\/\/www.boletinoficial.gov.ar\/detalleAviso\/primera\/305089\/20240325\">decreto 274\/2024<\/a>. Seg\u00fan los n\u00fameros, los aumentos que no alcanzan ni a la mitad de la Canasta B\u00e1sica del Jubilado, <a href=\"https:\/\/www.ambito.com\/politica\/canasta-basica-un-jubilado-necesita-cerca-700000-cubrir-sus-gastos-n5968353\">calculada en 685.041 pesos<\/a> por la Defensor\u00eda de la Tercera Edad a fin del corriente mes.<\/p>\n\n\n\n<p>Con el aumento decretado, la<strong>&nbsp;jubilaci\u00f3n m\u00ednima de abril&nbsp;<\/strong>ser\u00e1 de 171.283,31 pesos, monto al que se le adicionar\u00e1 el pago de un bono de 70 mil pesos. En consecuencia, el total de la jubilaci\u00f3n m\u00ednima en este mes alcanzar\u00e1 un total de 241.283,31 pesos.<\/p>\n\n\n\n<p>Por otra parte, la&nbsp;<strong>Pensi\u00f3n Universal para el Adulto Mayor&nbsp;<\/strong>(PUAM) asciende a 137.026,65 pesos. Al adicionar un bono de 70 mil pesos, queda en 207.026,65 pesos.<\/p>\n\n\n\n<p>Por su lado, las&nbsp;<strong>Pensiones No Contributivas<\/strong>&nbsp;(Invalidez y Vejez) quedar\u00e1n en 119.898,32 pesos por lo que, sumado al bono de 70 mil pesos, cobrar\u00e1n 189.898,32 pesos.<\/p>\n\n\n\n<p>Adem\u00e1s, seg\u00fan el mismo decreto, a partir de abril entrar\u00e1 en vigencia la f\u00f3rmula de aumento a trav\u00e9s del&nbsp;<strong>\u00cdndice de Precios al Consumidor<\/strong>&nbsp;(IPC) que resultar\u00e1 de lo calculado por el Instituto Nacional de Estad\u00edsticas y Censos (INDEC).<\/p>\n\n\n\n<p>De manera m\u00e1s reciente, de nuevo el vocero Adorni <a href=\"https:\/\/www.lapoliticaonline.com\/politica\/adorni-dice-que-no-desdoblan-el-pago-a-jubilados-no-son-dos-cuotas-son-dos-momentos-distintos\/\">dijo que&nbsp;los pagos se realizar\u00e1n en dos cuotas<\/a>: \u201cComo estamos al cierre del mes y de los d\u00edas h\u00e1biles, por tiempos administrativos lo que va a ocurrir es que se le va a pagar a los jubilados en dos liquidaciones diferentes, la primera va a ser por el haber aplicando la nueva f\u00f3rmula jubilatoria y la segunda va a ser por el bono\u201d.<\/p>\n\n\n\n<p>La improvisaci\u00f3n en el manejo con el sector con menor poder adquisitivo. La famosa frase \u201cfuertes con los d\u00e9biles\u201d aplica sin tapujos al gobierno de Javier Milei.<\/p>\n\n\n\n<p><strong>Los trabajadores y jubilados son descartables<\/strong><\/p>\n\n\n\n<p>Mientras el martes por la ma\u00f1ana se intentaba crear una distracci\u00f3n anunciando el cambio de nombre del Centro Cultural Kirchner, unas 70.000 personas recib\u00edan telegramas de despidos en \u00e1reas claves. De estos n\u00fameros, 1.200 corresponden al ANSES, organismo que brinda su servicio a m\u00e1s de 6millones de beneficiarios.<\/p>\n\n\n<div class=\"wp-block-image\">\n<figure class=\"aligncenter size-full is-resized\"><img loading=\"lazy\" decoding=\"async\" src=\"https:\/\/atecordoba.org\/wp-content\/uploads\/2024\/04\/carteles-despidos.jpg\" alt=\"\" class=\"wp-image-42640\" width=\"768\" height=\"512\" \/><\/figure>\n<\/div>\n\n\n<p>Debido a las bajas, algunas&nbsp;<strong>Unidades de Atenci\u00f3n Integral&nbsp;<\/strong>(UDAI) quedaron con&nbsp;<strong>menos del 75% de su planta<\/strong>, e incluso otras han debido cerrar, como el caso de UDAI ubicadas en Chaco, R\u00edo Negro, Buenos Aires y R\u00edo Cuarto. A ra\u00edz de este vaciamiento ya se habla del&nbsp;<a rel=\"noreferrer noopener\" href=\"https:\/\/www.eldiarioar.com\/politica\/denuncian-despidos-masivos-anses-dejan-organismo-borde-colapso_1_11249692.html\" target=\"_blank\">colapso del sistema previsional<\/a>.<\/p>\n\n\n\n<p>En medio de los despidos, las redes sociales ardieron. Los trolls hicieron su trabajo en &#8220;la calle online&#8221; al justificar los despidos, al deshumanizar a los y las trabajadoras, trat\u00e1ndolas de &#8220;\u00f1oquis&#8221;, en l\u00ednea recta con el discurso del presidente quien est\u00e1 obsesionado con desbaratar el Estado sin criterio razonable.<\/p>\n\n\n\n<p>En este contexto, en di\u00e1logo con&nbsp;<strong>Enfant Terrible<\/strong>, la&nbsp;<strong>delegada de ATE C\u00f3rdoba en ANSES&nbsp;<\/strong>en la oficina de servicios jur\u00eddicos en Alta Gracia,<strong>&nbsp;Estefan\u00eda Carranza<\/strong>, remarc\u00f3 que los 850 despidos m\u00e1s recientes se hicieron sin par\u00e1metro alguno, s\u00f3lo por tratarse de contrataciones dadas en 2020.<\/p>\n\n\n\n<p>\u201cTenemos casos de compa\u00f1eros que vienen de traslados de otros organismos por eso figuran a partir del 2020, compa\u00f1eros con tutela sindical, de ingreso por cupo trans, compa\u00f1eras que estaban dando licencia por maternidad o de casos con sentencia judicial firme\u201d, precis\u00f3 Carranza.<\/p>\n\n\n\n<p>En su relato, cont\u00f3 que el&nbsp;<strong>modus operandi para las desafectaciones&nbsp;<\/strong>consiste en enviar el telegrama d\u00edas despu\u00e9s, pero previo a eso, cuando el trabajador quiere ingresar al sistema no puede hacerlo, porque se han dado de baja sus claves de acceso y no puede generarlas en el biom\u00e9trico: \u201cEsto ha generado un estado de temor generalizado, generando un da\u00f1o psicof\u00edsico sobre los trabajadores que no saben si van a poder trabajar o no, siendo un caso de violencia laboral m\u00e1s que expl\u00edcita\u201d.<\/p>\n\n\n<div class=\"wp-block-image\">\n<figure class=\"alignleft size-full\"><img loading=\"lazy\" decoding=\"async\" width=\"696\" height=\"404\" src=\"https:\/\/atecordoba.org\/wp-content\/uploads\/2024\/04\/jubilado-farmacia-1.jpeg\" alt=\"\" class=\"wp-image-42642\" srcset=\"https:\/\/atecordoba.org\/wp-content\/uploads\/2024\/04\/jubilado-farmacia-1.jpeg 696w, https:\/\/atecordoba.org\/wp-content\/uploads\/2024\/04\/jubilado-farmacia-1-300x174.jpeg 300w\" sizes=\"auto, (max-width: 696px) 100vw, 696px\" \/><\/figure>\n<\/div>\n\n\n<p>Por otro lado, Carranza cuestion\u00f3 que la figura del<em>&nbsp;\u00f1oqui<\/em>&nbsp;sobre la cual se fundamentan los despidos: \u201cLos mitos de los \u00f1oquis no son m\u00e1s que falacias. Los \u00f1oquis los ponen los mismos pol\u00edticos que despu\u00e9s tienen el tup\u00e9 de se\u00f1alar a las bases\u201d.<\/p>\n\n\n\n<p>En esta l\u00ednea, la delegada sindical cuestion\u00f3 que \u201clas prestaciones son muy sensibles como para que se act\u00fae con este desmedro\u201d ya que ANSES es un organismo \u201cque atraviesa a los ciudadanos antes de nacer y luego de la muerte a trav\u00e9s de las prestaciones como prenatal, maternidad, asignaciones, PROGRESAR para incentivar estudios, PROCREAR para viviendas, o pensiones post-morten\u201d. Adem\u00e1s, brinda atenci\u00f3n a situaciones puntuales de maternidad, vejez, o de salud a trav\u00e9s de la obra social PAMI.<\/p>\n\n\n\n<p>A su vez, Estefan\u00eda remarc\u00f3 que<strong>&nbsp;la seguridad social no es una opci\u00f3n, sino una obligaci\u00f3n del Estado<\/strong>, algo que est\u00e1 amparado jur\u00eddicamente por la OIT y fijado en la Constituci\u00f3n Nacional: \u201ces una obligaci\u00f3n del Congreso, tiene que estar en cabeza del Estado, porque si lo dejas en manos privadas va a ser restrictivo, para unos pocos\u201d.<\/p>\n\n\n\n<p>\u201cComo trabajadores sospechamos que la idea es decir que lo p\u00fablico no funciona para abrir paso a lo privado, y ya sabemos lo que pas\u00f3 con las AFJP\u201d, agreg\u00f3 Carranza.<\/p>\n\n\n\n<p>Consultada respecto a si considera al sector de jubilados y jubiladas como variable predilecta de ajuste, la trabajadora estatal coincidi\u00f3 en que: \u201cSe ataca a los jubilados porque es el sector m\u00e1s vulnerable, estamos hablando de adultos mayores, pero instalan que representan un gasto para la sociedad, pero hablamos de personas que han trabajado toda su vida\u201d.<\/p>\n\n\n\n<p>Por otro lado, Carranza reconoci\u00f3 que los jubilados \u201cya ven\u00edan mal, porque siempre son el \u00faltimo orej\u00f3n del tarro para mejorar, hablando en criollo\u201d. Sin embargo, defendi\u00f3 que \u201cal menos este sistema ha permitido, a trav\u00e9s de las leyes de moratoria, tener una vejez un poco m\u00e1s digna, teniendo cobertura con obra social para poder acceder a remedios b\u00e1sicos, un ingreso fijo, que quiz\u00e1s no era el que ten\u00edan que tener, pero les permit\u00eda alquilar una habitaci\u00f3n&#8230; cosas que, ojo, les correspond\u00eda y era obligaci\u00f3n del Estado proporcionarles\u201d.<\/p>\n\n\n\n<p>Por \u00faltimo, respecto al posible colapso del sistema de atenci\u00f3n, Estefan\u00eda plante\u00f3 que: \u201cLa poblaci\u00f3n no va a poder gestionar los tr\u00e1mites que tiene que realizar para acceder a los beneficios de la seguridad social, o sea, implica una desprotecci\u00f3n expl\u00edcita. Imaginate un desempleo, que no se pueda tramitar, con todos el desempleo que est\u00e1 habiendo. Va a impactar directamente en toda la poblaci\u00f3n\u201d.<\/p>\n\n\n\n<p><\/p>\n\n\n\n<p><\/p>\n","protected":false},"excerpt":{"rendered":"<p>Hoy por hoy, el descuido que hay respecto de los jubilados y jubiladas por parte del Gobierno de Javier Milei permite entrever la deshumanizaci\u00f3n que recae sobre este sector. A las idas y vueltas con los aumentos, f\u00f3rmula de movilidad jubilatoria irrisoria -aprobada por decreto- y pagos desdoblados, se suman los despidos en \u00e1reas claves [&hellip;]<\/p>\n","protected":false},"author":7,"featured_media":42620,"comment_status":"open","ping_status":"open","sticky":false,"template":"","format":"standard","meta":{"_exactmetrics_skip_tracking":false,"_exactmetrics_sitenote_active":false,"_exactmetrics_sitenote_note":"","_exactmetrics_sitenote_category":0,"jnews-multi-image_gallery":[],"jnews_single_post":{"subtitle":"El sistema previsional avanza hacia \u201cuna desprotecci\u00f3n expl\u00edcita\u201d con jubilados y trabajadores como carne de ca\u00f1\u00f3n, entre despidos masivos, movilidad jubilatoria por decreto, pago de haberes fraccionados. \u00bfVamos al colapso? (fuente:enfantterrible.com.ar)","format":"standard","video":"","gallery":"","source_name":"","source_url":"","via_name":"","via_url":"","override_template":"0","override":[{"template":"1","single_blog_custom":"","parallax":"1","fullscreen":"1","layout":"no-sidebar-narrow","sidebar":"default-sidebar","second_sidebar":"default-sidebar","sticky_sidebar":"1","share_position":"bottom","share_float_style":"share-monocrhome","show_share_counter":"1","show_view_counter":"1","show_featured":"0","show_post_meta":"1","show_post_author":"0","show_post_author_image":"1","show_post_date":"1","post_date_format":"default","post_date_format_custom":"Y\/m\/d","show_post_category":"1","show_post_reading_time":"0","post_reading_time_wpm":"300","show_zoom_button":"0","zoom_button_out_step":"2","zoom_button_in_step":"3","show_post_tag":"1","show_prev_next_post":"0","show_popup_post":"0","number_popup_post":"1","show_author_box":"0","show_post_related":"1","show_inline_post_related":"0"}],"override_image_size":"0","image_override":[{"single_post_thumbnail_size":"crop-500","single_post_gallery_size":"crop-500"}],"trending_post":"0","trending_post_position":"meta","trending_post_label":"Trending","sponsored_post":"0","sponsored_post_label":"Sponsored by","sponsored_post_name":"","sponsored_post_url":"","sponsored_post_logo_enable":"0","sponsored_post_logo":"","sponsored_post_desc":"","disable_ad":"0"},"jnews_primary_category":{"id":"","hide":""},"jnews_social_meta":{"fb_title":"","fb_description":"","fb_image":"","twitter_title":"","twitter_description":"","twitter_image":""},"jnews_review":[],"enable_review":"0","type":"percentage","name":"","summary":"","brand":"","sku":"","good":[{"good_text":""}],"bad":[{"bad_text":""}],"score_override":"","override_value":"","rating":[{"rating_text":"","rating_number":"10"}],"price":[{"shop":"","price":"","link":"","icon":""}],"jnews_override_counter":{"override_view_counter":"0","view_counter_number":"0","override_share_counter":"0","share_counter_number":"0","override_like_counter":"0","like_counter_number":"0","override_dislike_counter":"0","dislike_counter_number":"0"},"jnews_post_split":{"enable_post_split":"0","post_split":[{"template":"1","tag":"h2","numbering":"asc","mode":"normal","first":"0","enable_toc":"0","toc_type":"normal"}]},"footnotes":""},"categories":[10,1],"tags":[],"class_list":["post-42638","post","type-post","status-publish","format-standard","has-post-thumbnail","hentry","category-accion-politica","category-sin-categoria"],"jetpack_featured_media_url":"https:\/\/atecordoba.org\/wp-content\/uploads\/2024\/04\/IMG-20240403-WA0299-e1712236012819.jpg","_links":{"self":[{"href":"https:\/\/atecordoba.org\/index.php?rest_route=\/wp\/v2\/posts\/42638","targetHints":{"allow":["GET"]}}],"collection":[{"href":"https:\/\/atecordoba.org\/index.php?rest_route=\/wp\/v2\/posts"}],"about":[{"href":"https:\/\/atecordoba.org\/index.php?rest_route=\/wp\/v2\/types\/post"}],"author":[{"embeddable":true,"href":"https:\/\/atecordoba.org\/index.php?rest_route=\/wp\/v2\/users\/7"}],"replies":[{"embeddable":true,"href":"https:\/\/atecordoba.org\/index.php?rest_route=%2Fwp%2Fv2%2Fcomments&post=42638"}],"version-history":[{"count":2,"href":"https:\/\/atecordoba.org\/index.php?rest_route=\/wp\/v2\/posts\/42638\/revisions"}],"predecessor-version":[{"id":42644,"href":"https:\/\/atecordoba.org\/index.php?rest_route=\/wp\/v2\/posts\/42638\/revisions\/42644"}],"wp:featuredmedia":[{"embeddable":true,"href":"https:\/\/atecordoba.org\/index.php?rest_route=\/wp\/v2\/media\/42620"}],"wp:attachment":[{"href":"https:\/\/atecordoba.org\/index.php?rest_route=%2Fwp%2Fv2%2Fmedia&parent=42638"}],"wp:term":[{"taxonomy":"category","embeddable":true,"href":"https:\/\/atecordoba.org\/index.php?rest_route=%2Fwp%2Fv2%2Fcategories&post=42638"},{"taxonomy":"post_tag","embeddable":true,"href":"https:\/\/atecordoba.org\/index.php?rest_route=%2Fwp%2Fv2%2Ftags&post=42638"}],"curies":[{"name":"wp","href":"https:\/\/api.w.org\/{rel}","templated":true}]}}