{"id":42550,"date":"2024-03-27T12:42:46","date_gmt":"2024-03-27T15:42:46","guid":{"rendered":"https:\/\/atecordoba.org\/?p=42550"},"modified":"2024-03-27T13:18:44","modified_gmt":"2024-03-27T16:18:44","slug":"despidos-en-conae-una-precuela-de-lo-que-nos-espera-en-el-estado","status":"publish","type":"post","link":"https:\/\/atecordoba.org\/?p=42550","title":{"rendered":"Despidos en CONAE y ANDIS, una precuela de lo que nos espera en el estado"},"content":{"rendered":"\n<h5 class=\"wp-block-heading\">Con la baja de contratos la Agencia Nacional de Discapacidad y la actividad espacial en Argentina est\u00e1 seriamente comprometida.<\/h5>\n\n\n<div class=\"wp-block-image\">\n<figure class=\"alignright size-full is-resized\"><img loading=\"lazy\" decoding=\"async\" src=\"https:\/\/atecordoba.org\/wp-content\/uploads\/2024\/03\/WhatsApp-Image-2024-02-29-at-11.01.33-1024x576-1.jpeg\" alt=\"\" class=\"wp-image-42566\" width=\"512\" height=\"288\" srcset=\"https:\/\/atecordoba.org\/wp-content\/uploads\/2024\/03\/WhatsApp-Image-2024-02-29-at-11.01.33-1024x576-1.jpeg 1024w, https:\/\/atecordoba.org\/wp-content\/uploads\/2024\/03\/WhatsApp-Image-2024-02-29-at-11.01.33-1024x576-1-300x169.jpeg 300w, https:\/\/atecordoba.org\/wp-content\/uploads\/2024\/03\/WhatsApp-Image-2024-02-29-at-11.01.33-1024x576-1-768x432.jpeg 768w, https:\/\/atecordoba.org\/wp-content\/uploads\/2024\/03\/WhatsApp-Image-2024-02-29-at-11.01.33-1024x576-1-750x422.jpeg 750w\" sizes=\"auto, (max-width: 512px) 100vw, 512px\" \/><\/figure>\n<\/div>\n\n\n<figure class=\"wp-block-image size-large is-resized\"><img loading=\"lazy\" decoding=\"async\" src=\"https:\/\/atecordoba.org\/wp-content\/uploads\/2024\/03\/WhatsApp-Image-2024-03-27-at-12.16.31-PM-1024x473.jpeg\" alt=\"\" class=\"wp-image-42556\" width=\"512\" height=\"237\" srcset=\"https:\/\/atecordoba.org\/wp-content\/uploads\/2024\/03\/WhatsApp-Image-2024-03-27-at-12.16.31-PM-1024x473.jpeg 1024w, https:\/\/atecordoba.org\/wp-content\/uploads\/2024\/03\/WhatsApp-Image-2024-03-27-at-12.16.31-PM-300x139.jpeg 300w, https:\/\/atecordoba.org\/wp-content\/uploads\/2024\/03\/WhatsApp-Image-2024-03-27-at-12.16.31-PM-768x355.jpeg 768w, https:\/\/atecordoba.org\/wp-content\/uploads\/2024\/03\/WhatsApp-Image-2024-03-27-at-12.16.31-PM-1536x709.jpeg 1536w, https:\/\/atecordoba.org\/wp-content\/uploads\/2024\/03\/WhatsApp-Image-2024-03-27-at-12.16.31-PM-750x346.jpeg 750w, https:\/\/atecordoba.org\/wp-content\/uploads\/2024\/03\/WhatsApp-Image-2024-03-27-at-12.16.31-PM-1140x527.jpeg 1140w, https:\/\/atecordoba.org\/wp-content\/uploads\/2024\/03\/WhatsApp-Image-2024-03-27-at-12.16.31-PM.jpeg 1600w\" sizes=\"auto, (max-width: 512px) 100vw, 512px\" \/><\/figure>\n\n\n\n<h5 class=\"wp-block-heading\">Despidos en CONAE:<\/h5>\n\n\n\n<p>En estos momentos se est\u00e1 decidiendo el destino de 48 trabajadoras y trabajadores de la CONAE. Adem\u00e1s de la insensibilidad y la tragedia de cada una de esas historias de vida, la CONAE se quedar\u00eda en el caso de menor da\u00f1o con un escenario de un 5% menos de la planta, y en el peor de los casos con un 20% menos. Son 284 trabajadores, si se pierden esos puestos, sumada a la baja del salario real, la actividad espacial en Argentina est\u00e1 seriamente comprometida.<\/p>\n\n\n\n<p><strong>Emiliano Baum,<\/strong>&nbsp;delegado de ATE de la CONAE, nos presica la situacion que estan viviendo las y los compa\u00f1eros del sector:<\/p>\n\n\n\n<p>&#8220;Con esta baja va a ser muy dif\u00edcil que podamos seguir prestando los servicios que brindamos entre otras cosas incluyen el control la soberan\u00eda mar\u00edtima, es decir la detecci\u00f3n algo que afecta muy muy fuertemente la provisi\u00f3n de datos e informaci\u00f3n para el servicio meteorol\u00f3gico nacional, para Organizaci\u00f3n Mundial de Meteorolog\u00eda para la prevenci\u00f3n o predicci\u00f3n de plagas o enfermedades inclusive por los cambios clim\u00e1ticos a trav\u00e9s de las observaciones las im\u00e1genes la investigaci\u00f3n el desarrollo y la conquista del espacio por parte de la Argentina&#8221;.<\/p>\n\n\n\n<p>&#8220;Frente a esto estamos realizando asambleas y algunas actividades de de visualizaci\u00f3n del conflicto entre ellas comunicarnos con los medios para que en conjunto la sociedad entienda lo que se pierde con estos ajustes, se pierde soberan\u00eda&#8221;<\/p>\n\n\n\n<p>&#8220;Este gobierno se contradicen y se chocan de frente con la realidad de sus acciones, por eso queremos que toda la comunidad se entere y exigimos al gobierno nacional que se renueve en todos los contratos de los trabajadores y trabajadoras que hoy est\u00e1n en esta situaci\u00f3n de incertidumbre, que se pase a planta ese personal, que se aumente el presupuesto que hoy est\u00e1 congelado, as\u00ed como estamos solo&nbsp; se puede funcionar hasta mitad de a\u00f1o, como es el caso de las universidades es un caso muy similar y exigimos un aumento salarial para que quienes trabajamos en la CONAE tengamos que dejar de irnos&#8221;.<\/p>\n\n\n<div class=\"wp-block-image\">\n<figure class=\"alignright size-large is-resized\"><img loading=\"lazy\" decoding=\"async\" src=\"https:\/\/atecordoba.org\/wp-content\/uploads\/2024\/03\/WhatsApp-Image-2024-03-27-at-12.16.30-PM-1024x768.jpeg\" alt=\"\" class=\"wp-image-42559\" width=\"512\" height=\"384\" srcset=\"https:\/\/atecordoba.org\/wp-content\/uploads\/2024\/03\/WhatsApp-Image-2024-03-27-at-12.16.30-PM-1024x768.jpeg 1024w, https:\/\/atecordoba.org\/wp-content\/uploads\/2024\/03\/WhatsApp-Image-2024-03-27-at-12.16.30-PM-300x225.jpeg 300w, https:\/\/atecordoba.org\/wp-content\/uploads\/2024\/03\/WhatsApp-Image-2024-03-27-at-12.16.30-PM-768x576.jpeg 768w, https:\/\/atecordoba.org\/wp-content\/uploads\/2024\/03\/WhatsApp-Image-2024-03-27-at-12.16.30-PM-1536x1152.jpeg 1536w, https:\/\/atecordoba.org\/wp-content\/uploads\/2024\/03\/WhatsApp-Image-2024-03-27-at-12.16.30-PM-750x563.jpeg 750w, https:\/\/atecordoba.org\/wp-content\/uploads\/2024\/03\/WhatsApp-Image-2024-03-27-at-12.16.30-PM-1140x855.jpeg 1140w, https:\/\/atecordoba.org\/wp-content\/uploads\/2024\/03\/WhatsApp-Image-2024-03-27-at-12.16.30-PM.jpeg 1600w\" sizes=\"auto, (max-width: 512px) 100vw, 512px\" \/><\/figure>\n<\/div>\n\n\n<figure class=\"wp-block-image size-large is-resized\"><img loading=\"lazy\" decoding=\"async\" src=\"https:\/\/atecordoba.org\/wp-content\/uploads\/2024\/03\/WhatsApp-Image-2024-03-27-at-12.16.30-PM-1-1024x768.jpeg\" alt=\"\" class=\"wp-image-42558\" width=\"512\" height=\"384\" srcset=\"https:\/\/atecordoba.org\/wp-content\/uploads\/2024\/03\/WhatsApp-Image-2024-03-27-at-12.16.30-PM-1-1024x768.jpeg 1024w, https:\/\/atecordoba.org\/wp-content\/uploads\/2024\/03\/WhatsApp-Image-2024-03-27-at-12.16.30-PM-1-300x225.jpeg 300w, https:\/\/atecordoba.org\/wp-content\/uploads\/2024\/03\/WhatsApp-Image-2024-03-27-at-12.16.30-PM-1-768x576.jpeg 768w, https:\/\/atecordoba.org\/wp-content\/uploads\/2024\/03\/WhatsApp-Image-2024-03-27-at-12.16.30-PM-1-1536x1152.jpeg 1536w, https:\/\/atecordoba.org\/wp-content\/uploads\/2024\/03\/WhatsApp-Image-2024-03-27-at-12.16.30-PM-1-750x563.jpeg 750w, https:\/\/atecordoba.org\/wp-content\/uploads\/2024\/03\/WhatsApp-Image-2024-03-27-at-12.16.30-PM-1-1140x855.jpeg 1140w, https:\/\/atecordoba.org\/wp-content\/uploads\/2024\/03\/WhatsApp-Image-2024-03-27-at-12.16.30-PM-1.jpeg 1600w\" sizes=\"auto, (max-width: 512px) 100vw, 512px\" \/><\/figure>\n\n\n\n<h5 class=\"wp-block-heading\">Despidos en ANDIS:<\/h5>\n\n\n\n<p>En C\u00f3rdoba son 20 el total de trabajadores y trabajadoras en la Agencia nacional de Discapacidad de las cuales fueron notificados y notificadas por despidos 8 (7 de C\u00f3rdoba capital y 1 de R\u00edo Cuarto), cabe destacar que una de las despedidas es nuestra delegada Cristina Roggero.<\/p>\n\n\n\n<p>A nivel nacional son 163 nuevas desvinculaciones en la Agencia Nacional de Discapacidad, que se suman a 135 que ya hab\u00edan sido anunciados a fines de febrero.<\/p>\n\n\n\n<p>ANDIS, que actualmente tiene un total de 1.200 trabajadores y trabajadoras, es producto de una fusi\u00f3n que se hizo en 2017, durante el Gobierno de Macri, de la Comisi\u00f3n Nacional de Pensiones con la Comisi\u00f3n Nacional de Discapacidad, con el Servicio de Rehabilitaci\u00f3n, y con el programa Incluir Salud, que es un programa que le da cobertura a pensionadas y pensionados no contributivos.<\/p>\n\n\n<div class=\"wp-block-image\">\n<figure class=\"alignright size-full is-resized\"><img loading=\"lazy\" decoding=\"async\" src=\"https:\/\/atecordoba.org\/wp-content\/uploads\/2024\/03\/WhatsApp-Image-2024-02-29-at-11.04.29-576x1024-1.jpeg\" alt=\"\" class=\"wp-image-42569\" width=\"288\" height=\"512\" srcset=\"https:\/\/atecordoba.org\/wp-content\/uploads\/2024\/03\/WhatsApp-Image-2024-02-29-at-11.04.29-576x1024-1.jpeg 576w, https:\/\/atecordoba.org\/wp-content\/uploads\/2024\/03\/WhatsApp-Image-2024-02-29-at-11.04.29-576x1024-1-169x300.jpeg 169w\" sizes=\"auto, (max-width: 288px) 100vw, 288px\" \/><\/figure>\n<\/div>\n\n\n<p>&#8220;El ajuste es brutal y el director ejecutivo Diego Spagnuolo no sabe nada de discapacidad, como el resto de la nueva gesti\u00f3n. Se trata de personas que realmente no tienen otras posibilidades. Hay compa\u00f1eras y compa\u00f1eros que ni siquiera tienen trabajo: de 10 personas, 8 no tienen trabajo.&nbsp;<strong>Es una barbaridad<\/strong>&#8221; se\u00f1al\u00f3 Guadalupe, una de las compa\u00f1eras damnificadas.<\/p>\n\n\n\n<figure class=\"wp-block-image size-large is-resized\"><img loading=\"lazy\" decoding=\"async\" src=\"https:\/\/atecordoba.org\/wp-content\/uploads\/2024\/03\/WhatsApp-Image-2024-03-27-at-12.48.35-PM-1024x768.jpeg\" alt=\"\" class=\"wp-image-42572\" width=\"512\" height=\"384\" srcset=\"https:\/\/atecordoba.org\/wp-content\/uploads\/2024\/03\/WhatsApp-Image-2024-03-27-at-12.48.35-PM-1024x768.jpeg 1024w, https:\/\/atecordoba.org\/wp-content\/uploads\/2024\/03\/WhatsApp-Image-2024-03-27-at-12.48.35-PM-300x225.jpeg 300w, https:\/\/atecordoba.org\/wp-content\/uploads\/2024\/03\/WhatsApp-Image-2024-03-27-at-12.48.35-PM-768x576.jpeg 768w, https:\/\/atecordoba.org\/wp-content\/uploads\/2024\/03\/WhatsApp-Image-2024-03-27-at-12.48.35-PM-1536x1152.jpeg 1536w, https:\/\/atecordoba.org\/wp-content\/uploads\/2024\/03\/WhatsApp-Image-2024-03-27-at-12.48.35-PM-750x563.jpeg 750w, https:\/\/atecordoba.org\/wp-content\/uploads\/2024\/03\/WhatsApp-Image-2024-03-27-at-12.48.35-PM-1140x855.jpeg 1140w, https:\/\/atecordoba.org\/wp-content\/uploads\/2024\/03\/WhatsApp-Image-2024-03-27-at-12.48.35-PM.jpeg 1600w\" sizes=\"auto, (max-width: 512px) 100vw, 512px\" \/><\/figure>\n\n\n\n<h4 class=\"wp-block-heading\">En el estado se esperan entre 15 y 20 mil despedidos para fin de mes:<\/h4>\n\n\n<div class=\"wp-block-image\">\n<figure class=\"alignright size-full is-resized\"><img loading=\"lazy\" decoding=\"async\" src=\"https:\/\/atecordoba.org\/wp-content\/uploads\/2024\/03\/WhatsApp-Image-2023-12-29-at-9.13.01-AM-2-1.jpg\" alt=\"\" class=\"wp-image-42560\" width=\"384\" height=\"512\" srcset=\"https:\/\/atecordoba.org\/wp-content\/uploads\/2024\/03\/WhatsApp-Image-2023-12-29-at-9.13.01-AM-2-1.jpg 768w, https:\/\/atecordoba.org\/wp-content\/uploads\/2024\/03\/WhatsApp-Image-2023-12-29-at-9.13.01-AM-2-1-225x300.jpg 225w, https:\/\/atecordoba.org\/wp-content\/uploads\/2024\/03\/WhatsApp-Image-2023-12-29-at-9.13.01-AM-2-1-750x1000.jpg 750w\" sizes=\"auto, (max-width: 384px) 100vw, 384px\" \/><\/figure>\n<\/div>\n\n\n<p><strong>\u201cEl gobierno de Javier Milei desguaza el Estado y achica las pol\u00edticas p\u00fablicas para la comunidad, pero s\u00ed hay un Estado presente para que grupos econ\u00f3micos hagan sus ganancias. Queda un Estado de expresi\u00f3n min\u00fascula pero garante para que grupos econ\u00f3micos tenga aseguradas sus riquezas\u201d<\/strong> asegur\u00f3 nuestro secretario general Federico Giuliani.&nbsp;<\/p>\n\n\n\n<p>Algunos de los despidos que ya fueron notificados en el \u00faltimo mes, fueron los&nbsp;<strong>1200 de la ANSES<\/strong>, unos&nbsp;<strong>670 en el Servicio Meteorol\u00f3gico Nacional<\/strong>, unos&nbsp;<strong>600 por los Centros de Referencia<\/strong>, unos&nbsp;<strong>40 en la Agencia de Administraci\u00f3n de Bienes del Estado<\/strong>, y una fuerte porci\u00f3n proveniente del Ministerio de Capital Humano de Pettovello:&nbsp;en&nbsp;<strong>ANDIS 163<\/strong> (que se suman a las 135 de la anterior tanda), en el&nbsp;<strong>Incaa 170<\/strong>, en&nbsp;<strong>Aysa 200<\/strong>, en la&nbsp;<strong>Secretar\u00eda de Derechos Humanos 26<\/strong>, en el&nbsp;<strong>Enacom 50<\/strong>&nbsp;y en el&nbsp;<strong>Conicet otros 50<\/strong>.<\/p>\n\n\n\n<p>Desde nuestro sindicato tenemos la informaci\u00f3n que&nbsp;<strong>esos n\u00fameros en dicha cartera seguir\u00edan incrementando<\/strong>: &#8220;Se habla de unos&nbsp;<strong>1500 despidos<\/strong>&nbsp;que ser\u00edamos notificados ma\u00f1ana&#8221;.<\/p>\n\n\n\n<p>La motosierra tambi\u00e9n lleg\u00f3 al&nbsp;<strong>Centro Nacional de Alto Rendimiento Deportivo (CeNARD), con el despido de m\u00e1s del 30%&nbsp;de la planta de&nbsp;400 empleados<\/strong>. Las bajas forman parte de la etapa inicial del&nbsp;plan de \u201cadecuaci\u00f3n\u201d del organismo.&nbsp;<\/p>\n\n\n\n<p>Las bajas responden al decreto 84\/2023 publicado en el Bolet\u00edn Oficial el pasado 23 de diciembre, a trav\u00e9s del cual el Poder Ejecutivo&nbsp;estableci\u00f3 renovaciones por un per\u00edodo de tres meses a los trabajadores contratados, mientras, en paralelo, llev\u00f3 adelante auditorias para relevar cada \u00e1rea y establecer el estado de situaci\u00f3n de cada cartera.&nbsp;<\/p>\n\n\n\n<h4 class=\"wp-block-heading\">La advertencia de ATE:<\/h4>\n\n\n<div class=\"wp-block-image\">\n<figure class=\"alignleft size-large is-resized\"><img loading=\"lazy\" decoding=\"async\" src=\"https:\/\/atecordoba.org\/wp-content\/uploads\/2024\/03\/rodolfo-aguiar-1024x682.jpg\" alt=\"\" class=\"wp-image-42561\" width=\"512\" height=\"341\" srcset=\"https:\/\/atecordoba.org\/wp-content\/uploads\/2024\/03\/rodolfo-aguiar-1024x682.jpg 1024w, https:\/\/atecordoba.org\/wp-content\/uploads\/2024\/03\/rodolfo-aguiar-300x200.jpg 300w, https:\/\/atecordoba.org\/wp-content\/uploads\/2024\/03\/rodolfo-aguiar-768x512.jpg 768w, https:\/\/atecordoba.org\/wp-content\/uploads\/2024\/03\/rodolfo-aguiar-750x500.jpg 750w, https:\/\/atecordoba.org\/wp-content\/uploads\/2024\/03\/rodolfo-aguiar-1140x760.jpg 1140w, https:\/\/atecordoba.org\/wp-content\/uploads\/2024\/03\/rodolfo-aguiar.jpg 1280w\" sizes=\"auto, (max-width: 512px) 100vw, 512px\" \/><\/figure>\n<\/div>\n\n\n<p>Al respecto,&nbsp;Rodolfo Aguiar, nuestro secretario general de ATE Nacional&nbsp;plante\u00f3 en conversaci\u00f3n con la agencia&nbsp;<em>NA<\/em>&nbsp;que si la ministraci\u00f3n libertaria no renueva el porcentaje que promete implicar\u00e1 el despido de &#8220;entre&nbsp;<strong>14.000 y 21.000&#8243;&nbsp;trabajadores<\/strong>.&nbsp;Adem\u00e1s, detall\u00f3 que de los 71.000 empleados estatales en observaci\u00f3n,&nbsp;65.000 corresponden a v\u00ednculos laborales de los denominados Art\u00edculo 9 de la APN, y otros 6.000 de los conocidos como 1.109<\/p>\n\n\n\n<p>El titular de ATE prometi\u00f3 &#8220;profundizar el plan de lucha&#8221;&nbsp;y alert\u00f3 sobre el creciente escenario del escenario de conflictividad social que calific\u00f3 de &#8220;inevitable&#8221;. &#8220;El Gobierno ha instalado una campa\u00f1a de desprestigio con verdadero \u00e9xito. Caputo justifica los despidos&nbsp;diciendo que la gente espera que en el Estado quienes prestan servicio est\u00e9n por vocaci\u00f3n de servir.&nbsp;Seg\u00fan \u00e9l, muchos est\u00e1n para hacer negocios\u2026 no vaya a ser cosa que el echado por la movilizaci\u00f3n popular sea \u00e9l&#8221;, complet\u00f3 el dirigente sindical.&nbsp;<\/p>\n\n\n\n<p>&#8220;Nadie debe dudar acerca de que vamos a resistir cualquier posibilidad de que el Estado aparezca como garante del saqueo de todos nuestros recursos naturales, como pretende el Gobierno&#8221;, anticip\u00f3 Aguiar, y revel\u00f3 que&nbsp;la CTA Aut\u00f3noma, central de la que forma parte, pelea por un nuevo paro general.&nbsp;<\/p>\n\n\n\n<p>Por \u00faltimo, afirm\u00f3 que &#8220;son tiempos de resistir pero tambi\u00e9n de tener propuestas&#8221;, por lo que prometi\u00f3 &#8220;seguir luchando y multiplicando las protestas para impedir cualquier cesant\u00eda ilegal e injustificada en el Estado&#8221;.&nbsp;<\/p>\n\n\n\n<p><audio preload=\"none\" src=\"https:\/\/suresnoticias.com.ar\/download\/multimedia.audio.a74fd248973c7162.bWl4XzdtMzhzIChhdWRpby1qb2luZXIuY29tKS5tcDM%3D.mp3\"><\/audio><\/p>\n","protected":false},"excerpt":{"rendered":"<p>Con la baja de contratos la Agencia Nacional de Discapacidad y la actividad espacial en Argentina est\u00e1 seriamente comprometida. Despidos en CONAE: En estos momentos se est\u00e1 decidiendo el destino de 48 trabajadoras y trabajadores de la CONAE. Adem\u00e1s de la insensibilidad y la tragedia de cada una de esas historias de vida, la CONAE [&hellip;]<\/p>\n","protected":false},"author":3,"featured_media":42557,"comment_status":"open","ping_status":"open","sticky":false,"template":"","format":"standard","meta":{"_exactmetrics_skip_tracking":false,"_exactmetrics_sitenote_active":false,"_exactmetrics_sitenote_note":"","_exactmetrics_sitenote_category":0,"jnews-multi-image_gallery":[],"jnews_single_post":{"subtitle":"","format":"standard","video":"","gallery":"","source_name":"","source_url":"","via_name":"","via_url":"","override_template":"0","override":[{"template":"1","single_blog_custom":"","parallax":"1","fullscreen":"1","layout":"no-sidebar-narrow","sidebar":"default-sidebar","second_sidebar":"default-sidebar","sticky_sidebar":"1","share_position":"bottom","share_float_style":"share-monocrhome","show_share_counter":"1","show_view_counter":"1","show_featured":"0","show_post_meta":"1","show_post_author":"0","show_post_author_image":"1","show_post_date":"1","post_date_format":"default","post_date_format_custom":"Y\/m\/d","show_post_category":"1","show_post_reading_time":"0","post_reading_time_wpm":"300","show_zoom_button":"0","zoom_button_out_step":"2","zoom_button_in_step":"3","show_post_tag":"1","show_prev_next_post":"0","show_popup_post":"0","number_popup_post":"1","show_author_box":"0","show_post_related":"1","show_inline_post_related":"0"}],"override_image_size":"0","image_override":[{"single_post_thumbnail_size":"crop-500","single_post_gallery_size":"crop-500"}],"trending_post":"0","trending_post_position":"meta","trending_post_label":"Trending","sponsored_post":"0","sponsored_post_label":"Sponsored by","sponsored_post_name":"","sponsored_post_url":"","sponsored_post_logo_enable":"0","sponsored_post_logo":"","sponsored_post_desc":"","disable_ad":"0"},"jnews_primary_category":{"id":"","hide":""},"jnews_social_meta":{"fb_title":"","fb_description":"","fb_image":"","twitter_title":"","twitter_description":"","twitter_image":""},"jnews_review":[],"enable_review":"0","type":"percentage","name":"","summary":"","brand":"","sku":"","good":[{"good_text":""}],"bad":[{"bad_text":""}],"score_override":"","override_value":"","rating":[{"rating_text":"","rating_number":"10"}],"price":[{"shop":"","price":"","link":"","icon":""}],"jnews_override_counter":{"override_view_counter":"0","view_counter_number":"0","override_share_counter":"0","share_counter_number":"0","override_like_counter":"0","like_counter_number":"0","override_dislike_counter":"0","dislike_counter_number":"0"},"jnews_post_split":{"enable_post_split":"0","post_split":[{"template":"1","tag":"h2","numbering":"asc","mode":"normal","first":"0","enable_toc":"0","toc_type":"normal"}]},"footnotes":""},"categories":[10],"tags":[],"class_list":["post-42550","post","type-post","status-publish","format-standard","has-post-thumbnail","hentry","category-accion-politica"],"jetpack_featured_media_url":"https:\/\/atecordoba.org\/wp-content\/uploads\/2024\/03\/WhatsApp-Image-2024-03-27-at-12.16.31-PM-1.jpeg","_links":{"self":[{"href":"https:\/\/atecordoba.org\/index.php?rest_route=\/wp\/v2\/posts\/42550","targetHints":{"allow":["GET"]}}],"collection":[{"href":"https:\/\/atecordoba.org\/index.php?rest_route=\/wp\/v2\/posts"}],"about":[{"href":"https:\/\/atecordoba.org\/index.php?rest_route=\/wp\/v2\/types\/post"}],"author":[{"embeddable":true,"href":"https:\/\/atecordoba.org\/index.php?rest_route=\/wp\/v2\/users\/3"}],"replies":[{"embeddable":true,"href":"https:\/\/atecordoba.org\/index.php?rest_route=%2Fwp%2Fv2%2Fcomments&post=42550"}],"version-history":[{"count":6,"href":"https:\/\/atecordoba.org\/index.php?rest_route=\/wp\/v2\/posts\/42550\/revisions"}],"predecessor-version":[{"id":42579,"href":"https:\/\/atecordoba.org\/index.php?rest_route=\/wp\/v2\/posts\/42550\/revisions\/42579"}],"wp:featuredmedia":[{"embeddable":true,"href":"https:\/\/atecordoba.org\/index.php?rest_route=\/wp\/v2\/media\/42557"}],"wp:attachment":[{"href":"https:\/\/atecordoba.org\/index.php?rest_route=%2Fwp%2Fv2%2Fmedia&parent=42550"}],"wp:term":[{"taxonomy":"category","embeddable":true,"href":"https:\/\/atecordoba.org\/index.php?rest_route=%2Fwp%2Fv2%2Fcategories&post=42550"},{"taxonomy":"post_tag","embeddable":true,"href":"https:\/\/atecordoba.org\/index.php?rest_route=%2Fwp%2Fv2%2Ftags&post=42550"}],"curies":[{"name":"wp","href":"https:\/\/api.w.org\/{rel}","templated":true}]}}