{"id":42530,"date":"2024-03-27T10:50:30","date_gmt":"2024-03-27T13:50:30","guid":{"rendered":"https:\/\/atecordoba.org\/?p=42530"},"modified":"2024-03-27T11:33:14","modified_gmt":"2024-03-27T14:33:14","slug":"reunion-con-gabriela-brouwer-de-koning-para-dar-cuenta-del-riesgo-que-implica-el-cierre-de-organismos-nacionales-en-cordoba","status":"publish","type":"post","link":"https:\/\/atecordoba.org\/?p=42530","title":{"rendered":"Reuni\u00f3n con Gabriela Brouwer de Koning para dar cuenta del riesgo que implica el cierre de organismos nacionales en C\u00f3rdoba"},"content":{"rendered":"\n<h2 class=\"wp-block-heading\">En el marco de las conversaciones que ATE viene llevando a cabo con los legisladores nacionales por C\u00f3rdoba ayer se realiz\u00f3 una reuni\u00f3n virtual con la diputada Nacional Gabriela Brouwer de Koning a qui\u00e9n le presentamos nuestro informe de <strong>&#8220;cuadro de situaci\u00f3n de los organismos nacionales&#8221; <\/strong> (el mismo abarca qu\u00e9 derechos garantizan, cantidad de trabajadores y proporcionalidad respecto al porcentaje de poblaci\u00f3n que abarca cada organismo).<\/h2>\n\n\n\n<p>Adem\u00e1s, sumamos el compromiso de presentarle la semana que viene otro informe con lo que vaya sucediendo respecto a los <strong>anuncios de despidos y cierres de organismos<\/strong>.<\/p>\n\n\n<div class=\"wp-block-image\">\n<figure class=\"alignleft size-large is-resized\"><img loading=\"lazy\" decoding=\"async\" src=\"https:\/\/atecordoba.org\/wp-content\/uploads\/2024\/03\/WhatsApp-Image-2024-03-27-at-9.04.11-AM-1-459x1024.jpeg\" alt=\"\" class=\"wp-image-42532\" width=\"230\" height=\"512\" srcset=\"https:\/\/atecordoba.org\/wp-content\/uploads\/2024\/03\/WhatsApp-Image-2024-03-27-at-9.04.11-AM-1-459x1024.jpeg 459w, https:\/\/atecordoba.org\/wp-content\/uploads\/2024\/03\/WhatsApp-Image-2024-03-27-at-9.04.11-AM-1-688x1536.jpeg 688w, https:\/\/atecordoba.org\/wp-content\/uploads\/2024\/03\/WhatsApp-Image-2024-03-27-at-9.04.11-AM-1.jpeg 717w\" sizes=\"auto, (max-width: 230px) 100vw, 230px\" \/><\/figure>\n<\/div>\n\n\n<p>La intenci\u00f3n de estas acciones es que la diputada riotercense pueda elevar un pedido de cuadro de situaci\u00f3n al gobierno Nacional que tendr\u00e1 que dar explicaciones sobre que efectos concretos tendr\u00e1 el despido de personal y el cierre de organismos para la calidad de vida de las y los cordobeses, as\u00ed como el riesgo que ya no se puedan concretar los derechos que la Constituci\u00f3n ordena garantizar a la poblaci\u00f3n. <\/p>\n\n\n\n<p>Vale mencionar que estos organismos llegan como efectores a los puntos m\u00e1s extremos de la provincia.<\/p>\n\n\n\n<p>Respecto a la reuni\u00f3n nuestra secretaria de prensa Julia Giuliani mencion\u00f3: <\/p>\n\n\n\n<figure class=\"wp-block-pullquote\"><blockquote><p>&#8220;se estuvo presentando el cuadro de situaci\u00f3n de los organismos nacionales en la provincia de C\u00f3rdoba, la preocupaci\u00f3n con nuestros representantes que hablen con tanta liviandad de recortes, de echar estatales y dem\u00e1s cuando en realidad esos estatales en vez de ser \u00f1oquis o casta son garantes de derechos,, quienes desarrollan y llevan adelante las pol\u00edticas p\u00fablicas en materia de seguridad social, de cuidado de las infancias y las adolescencias, hacer inspecciones en lugares de trabajo, etc&#8221;<\/p><\/blockquote><\/figure>\n\n\n\n<p>As\u00ed, se hizo hincapi\u00e9 en los derechos en materia de seguridad social, salud, soberan\u00eda alimentaria, cultura, discapacidad, lucha contra la discriminaci\u00f3n, g\u00e9nero, relaciones del trabajo en el campo estatal y privado, producci\u00f3n para la defensa, energ\u00eda, desarrollo agropecuario e industrial, ambiente, etc.<\/p>\n\n\n\n<p>Cabe destacar que en jornadas anteriores ATE tambi\u00e9n estuvo con las y los diputados, Oscar Agost Carre\u00f1o, Pablo Carro y Gabriela Est\u00e9vez .<\/p>\n\n\n<div class=\"wp-block-image\">\n<figure class=\"alignright size-large is-resized\"><img loading=\"lazy\" decoding=\"async\" src=\"https:\/\/atecordoba.org\/wp-content\/uploads\/2024\/03\/WhatsApp-Image-2024-03-27-at-11.31.44-AM-1-1024x578.jpeg\" alt=\"\" class=\"wp-image-42542\" width=\"512\" height=\"289\" srcset=\"https:\/\/atecordoba.org\/wp-content\/uploads\/2024\/03\/WhatsApp-Image-2024-03-27-at-11.31.44-AM-1-1024x578.jpeg 1024w, https:\/\/atecordoba.org\/wp-content\/uploads\/2024\/03\/WhatsApp-Image-2024-03-27-at-11.31.44-AM-1-300x169.jpeg 300w, https:\/\/atecordoba.org\/wp-content\/uploads\/2024\/03\/WhatsApp-Image-2024-03-27-at-11.31.44-AM-1-768x434.jpeg 768w, https:\/\/atecordoba.org\/wp-content\/uploads\/2024\/03\/WhatsApp-Image-2024-03-27-at-11.31.44-AM-1-1536x867.jpeg 1536w, https:\/\/atecordoba.org\/wp-content\/uploads\/2024\/03\/WhatsApp-Image-2024-03-27-at-11.31.44-AM-1-2048x1156.jpeg 2048w, https:\/\/atecordoba.org\/wp-content\/uploads\/2024\/03\/WhatsApp-Image-2024-03-27-at-11.31.44-AM-1-750x423.jpeg 750w, https:\/\/atecordoba.org\/wp-content\/uploads\/2024\/03\/WhatsApp-Image-2024-03-27-at-11.31.44-AM-1-1140x643.jpeg 1140w\" sizes=\"auto, (max-width: 512px) 100vw, 512px\" \/><\/figure>\n<\/div>\n\n\n<figure class=\"wp-block-image size-full is-resized\"><img loading=\"lazy\" decoding=\"async\" src=\"https:\/\/atecordoba.org\/wp-content\/uploads\/2024\/03\/agost-1-2.jpg\" alt=\"\" class=\"wp-image-42543\" width=\"270\" height=\"387\" srcset=\"https:\/\/atecordoba.org\/wp-content\/uploads\/2024\/03\/agost-1-2.jpg 540w, https:\/\/atecordoba.org\/wp-content\/uploads\/2024\/03\/agost-1-2-209x300.jpg 209w\" sizes=\"auto, (max-width: 270px) 100vw, 270px\" \/><\/figure>\n\n\n\n<p>Las reuniones fueron organizadas por la Secretaria de Acci\u00f3n Pol\u00edtica, a cargo de Alejandra Agnone, y la Secretaria de Prensa, cuya titular es Julia Giuliani. Adem\u00e1s participan compa\u00f1eras y compa\u00f1eros de los distintos sectores de trabajadores, quienes junto con el informe explican a las y los legisladores las tareas que cumplen en cada organismo.<\/p>\n\n\n\n<p>Seguimos avanzando para defender los puestos de trabajo y lo p\u00fablico.<\/p>\n\n\n\n<p>Para acceder al informe completo descargar el archivo a continuaci\u00f3n:<\/p>\n\n\n\n<div class=\"wp-block-file\"><a id=\"wp-block-file--media-1f22eb5d-2d55-450f-be29-e1da375f04aa\" href=\"https:\/\/atecordoba.org\/wp-content\/uploads\/2024\/03\/Organismos-Nacionales-Provincia-de-Cordoba-1.docx\">Organismos-Nacionales-Provincia-de-Cordoba-1<\/a><a href=\"https:\/\/atecordoba.org\/wp-content\/uploads\/2024\/03\/Organismos-Nacionales-Provincia-de-Cordoba-1.docx\" class=\"wp-block-file__button wp-element-button\" download aria-describedby=\"wp-block-file--media-1f22eb5d-2d55-450f-be29-e1da375f04aa\">Descarga<\/a><\/div>\n","protected":false},"excerpt":{"rendered":"<p>En el marco de las conversaciones que ATE viene llevando a cabo con los legisladores nacionales por C\u00f3rdoba ayer se realiz\u00f3 una reuni\u00f3n virtual con la diputada Nacional Gabriela Brouwer de Koning a qui\u00e9n le presentamos nuestro informe de &#8220;cuadro de situaci\u00f3n de los organismos nacionales&#8221; (el mismo abarca qu\u00e9 derechos garantizan, cantidad de trabajadores [&hellip;]<\/p>\n","protected":false},"author":3,"featured_media":42532,"comment_status":"open","ping_status":"open","sticky":false,"template":"","format":"standard","meta":{"_exactmetrics_skip_tracking":false,"_exactmetrics_sitenote_active":false,"_exactmetrics_sitenote_note":"","_exactmetrics_sitenote_category":0,"jnews-multi-image_gallery":[],"jnews_single_post":{"subtitle":"","format":"standard","video":"","gallery":"","source_name":"","source_url":"","via_name":"","via_url":"","override_template":"0","override":[{"template":"1","single_blog_custom":"","parallax":"1","fullscreen":"1","layout":"no-sidebar-narrow","sidebar":"default-sidebar","second_sidebar":"default-sidebar","sticky_sidebar":"1","share_position":"bottom","share_float_style":"share-monocrhome","show_share_counter":"1","show_view_counter":"1","show_featured":"0","show_post_meta":"1","show_post_author":"0","show_post_author_image":"1","show_post_date":"1","post_date_format":"default","post_date_format_custom":"Y\/m\/d","show_post_category":"1","show_post_reading_time":"0","post_reading_time_wpm":"300","show_zoom_button":"0","zoom_button_out_step":"2","zoom_button_in_step":"3","show_post_tag":"1","show_prev_next_post":"0","show_popup_post":"0","number_popup_post":"1","show_author_box":"0","show_post_related":"1","show_inline_post_related":"0"}],"override_image_size":"0","image_override":[{"single_post_thumbnail_size":"crop-500","single_post_gallery_size":"crop-500"}],"trending_post":"0","trending_post_position":"meta","trending_post_label":"Trending","sponsored_post":"0","sponsored_post_label":"Sponsored by","sponsored_post_name":"","sponsored_post_url":"","sponsored_post_logo_enable":"0","sponsored_post_logo":"","sponsored_post_desc":"","disable_ad":"0"},"jnews_primary_category":{"id":"","hide":""},"jnews_social_meta":{"fb_title":"","fb_description":"","fb_image":"","twitter_title":"","twitter_description":"","twitter_image":""},"jnews_review":[],"enable_review":"0","type":"percentage","name":"","summary":"","brand":"","sku":"","good":[{"good_text":""}],"bad":[{"bad_text":""}],"score_override":"","override_value":"","rating":[{"rating_text":"","rating_number":"10"}],"price":[{"shop":"","price":"","link":"","icon":""}],"jnews_override_counter":{"override_view_counter":"0","view_counter_number":"0","override_share_counter":"0","share_counter_number":"0","override_like_counter":"0","like_counter_number":"0","override_dislike_counter":"0","dislike_counter_number":"0"},"jnews_post_split":{"enable_post_split":"0","post_split":[{"template":"1","tag":"h2","numbering":"asc","mode":"normal","first":"0","enable_toc":"0","toc_type":"normal"}]},"footnotes":""},"categories":[18],"tags":[],"class_list":["post-42530","post","type-post","status-publish","format-standard","has-post-thumbnail","hentry","category-nacionales"],"jetpack_featured_media_url":"https:\/\/atecordoba.org\/wp-content\/uploads\/2024\/03\/WhatsApp-Image-2024-03-27-at-9.04.11-AM-1.jpeg","_links":{"self":[{"href":"https:\/\/atecordoba.org\/index.php?rest_route=\/wp\/v2\/posts\/42530","targetHints":{"allow":["GET"]}}],"collection":[{"href":"https:\/\/atecordoba.org\/index.php?rest_route=\/wp\/v2\/posts"}],"about":[{"href":"https:\/\/atecordoba.org\/index.php?rest_route=\/wp\/v2\/types\/post"}],"author":[{"embeddable":true,"href":"https:\/\/atecordoba.org\/index.php?rest_route=\/wp\/v2\/users\/3"}],"replies":[{"embeddable":true,"href":"https:\/\/atecordoba.org\/index.php?rest_route=%2Fwp%2Fv2%2Fcomments&post=42530"}],"version-history":[{"count":4,"href":"https:\/\/atecordoba.org\/index.php?rest_route=\/wp\/v2\/posts\/42530\/revisions"}],"predecessor-version":[{"id":42544,"href":"https:\/\/atecordoba.org\/index.php?rest_route=\/wp\/v2\/posts\/42530\/revisions\/42544"}],"wp:featuredmedia":[{"embeddable":true,"href":"https:\/\/atecordoba.org\/index.php?rest_route=\/wp\/v2\/media\/42532"}],"wp:attachment":[{"href":"https:\/\/atecordoba.org\/index.php?rest_route=%2Fwp%2Fv2%2Fmedia&parent=42530"}],"wp:term":[{"taxonomy":"category","embeddable":true,"href":"https:\/\/atecordoba.org\/index.php?rest_route=%2Fwp%2Fv2%2Fcategories&post=42530"},{"taxonomy":"post_tag","embeddable":true,"href":"https:\/\/atecordoba.org\/index.php?rest_route=%2Fwp%2Fv2%2Ftags&post=42530"}],"curies":[{"name":"wp","href":"https:\/\/api.w.org\/{rel}","templated":true}]}}