{"id":42513,"date":"2024-03-26T16:25:46","date_gmt":"2024-03-26T19:25:46","guid":{"rendered":"https:\/\/atecordoba.org\/?p=42513"},"modified":"2024-03-26T16:25:46","modified_gmt":"2024-03-26T19:25:46","slug":"se-realizo-en-cordoba-la-jornada-nacional-de-lucha-en-contra-de-los-despidos-en-el-estado","status":"publish","type":"post","link":"https:\/\/atecordoba.org\/?p=42513","title":{"rendered":"Se realiz\u00f3 en C\u00f3rdoba la Jornada Nacional de Lucha en contra de los despidos en el estado"},"content":{"rendered":"\n<p>La misma se realiz\u00f3 en el ex ministerio de trabajo (27 de Abril 351) y cont\u00f3 con una gran cantidad de convocatoria.<\/p>\n\n\n\n<figure class=\"wp-block-image size-large\"><img loading=\"lazy\" decoding=\"async\" width=\"1024\" height=\"578\" src=\"https:\/\/atecordoba.org\/wp-content\/uploads\/2024\/03\/WhatsApp-Image-2024-03-26-at-1.17.31-PM-1-1024x578.jpeg\" alt=\"\" class=\"wp-image-42515\" srcset=\"https:\/\/atecordoba.org\/wp-content\/uploads\/2024\/03\/WhatsApp-Image-2024-03-26-at-1.17.31-PM-1-1024x578.jpeg 1024w, https:\/\/atecordoba.org\/wp-content\/uploads\/2024\/03\/WhatsApp-Image-2024-03-26-at-1.17.31-PM-1-300x169.jpeg 300w, https:\/\/atecordoba.org\/wp-content\/uploads\/2024\/03\/WhatsApp-Image-2024-03-26-at-1.17.31-PM-1-768x434.jpeg 768w, https:\/\/atecordoba.org\/wp-content\/uploads\/2024\/03\/WhatsApp-Image-2024-03-26-at-1.17.31-PM-1-1536x867.jpeg 1536w, https:\/\/atecordoba.org\/wp-content\/uploads\/2024\/03\/WhatsApp-Image-2024-03-26-at-1.17.31-PM-1-2048x1156.jpeg 2048w, https:\/\/atecordoba.org\/wp-content\/uploads\/2024\/03\/WhatsApp-Image-2024-03-26-at-1.17.31-PM-1-750x423.jpeg 750w, https:\/\/atecordoba.org\/wp-content\/uploads\/2024\/03\/WhatsApp-Image-2024-03-26-at-1.17.31-PM-1-1140x643.jpeg 1140w\" sizes=\"auto, (max-width: 1024px) 100vw, 1024px\" \/><\/figure>\n\n\n\n<p>En el marco del plan de lucha que ATE viene llevando adelante en todo el pa\u00eds resistiendo y frenando el ajuste que impulsa el Gobierno de Javier Milei, hoy se llev\u00f3 a cabo una concentraci\u00f3n con radio abierta y corte de la calle 27 de Abril en horas de la ma\u00f1ana<strong> para exigir estabilidad laboral, reincorporaci\u00f3n de despedidos, reapertura de paritarias y rechazo de los despidos programados por el gobierno nacional para el 31 de Marzo de 2024.<\/strong><\/p>\n\n\n<div class=\"wp-block-image\">\n<figure class=\"alignright size-large is-resized\"><img loading=\"lazy\" decoding=\"async\" src=\"https:\/\/atecordoba.org\/wp-content\/uploads\/2024\/03\/WhatsApp-Image-2024-03-26-at-1.17.31-PM-6-1024x578.jpeg\" alt=\"\" class=\"wp-image-42519\" width=\"512\" height=\"289\" srcset=\"https:\/\/atecordoba.org\/wp-content\/uploads\/2024\/03\/WhatsApp-Image-2024-03-26-at-1.17.31-PM-6-1024x578.jpeg 1024w, https:\/\/atecordoba.org\/wp-content\/uploads\/2024\/03\/WhatsApp-Image-2024-03-26-at-1.17.31-PM-6-300x169.jpeg 300w, https:\/\/atecordoba.org\/wp-content\/uploads\/2024\/03\/WhatsApp-Image-2024-03-26-at-1.17.31-PM-6-768x433.jpeg 768w, https:\/\/atecordoba.org\/wp-content\/uploads\/2024\/03\/WhatsApp-Image-2024-03-26-at-1.17.31-PM-6-1536x867.jpeg 1536w, https:\/\/atecordoba.org\/wp-content\/uploads\/2024\/03\/WhatsApp-Image-2024-03-26-at-1.17.31-PM-6-750x423.jpeg 750w, https:\/\/atecordoba.org\/wp-content\/uploads\/2024\/03\/WhatsApp-Image-2024-03-26-at-1.17.31-PM-6-1140x643.jpeg 1140w, https:\/\/atecordoba.org\/wp-content\/uploads\/2024\/03\/WhatsApp-Image-2024-03-26-at-1.17.31-PM-6.jpeg 1600w\" sizes=\"auto, (max-width: 512px) 100vw, 512px\" \/><\/figure>\n<\/div>\n\n\n<figure class=\"wp-block-image size-large is-resized\"><img loading=\"lazy\" decoding=\"async\" src=\"https:\/\/atecordoba.org\/wp-content\/uploads\/2024\/03\/WhatsApp-Image-2024-03-26-at-1.17.31-PM-1024x578.jpeg\" alt=\"\" class=\"wp-image-42514\" width=\"512\" height=\"289\" srcset=\"https:\/\/atecordoba.org\/wp-content\/uploads\/2024\/03\/WhatsApp-Image-2024-03-26-at-1.17.31-PM-1024x578.jpeg 1024w, https:\/\/atecordoba.org\/wp-content\/uploads\/2024\/03\/WhatsApp-Image-2024-03-26-at-1.17.31-PM-300x169.jpeg 300w, https:\/\/atecordoba.org\/wp-content\/uploads\/2024\/03\/WhatsApp-Image-2024-03-26-at-1.17.31-PM-768x434.jpeg 768w, https:\/\/atecordoba.org\/wp-content\/uploads\/2024\/03\/WhatsApp-Image-2024-03-26-at-1.17.31-PM-1536x867.jpeg 1536w, https:\/\/atecordoba.org\/wp-content\/uploads\/2024\/03\/WhatsApp-Image-2024-03-26-at-1.17.31-PM-2048x1156.jpeg 2048w, https:\/\/atecordoba.org\/wp-content\/uploads\/2024\/03\/WhatsApp-Image-2024-03-26-at-1.17.31-PM-750x423.jpeg 750w, https:\/\/atecordoba.org\/wp-content\/uploads\/2024\/03\/WhatsApp-Image-2024-03-26-at-1.17.31-PM-1140x643.jpeg 1140w\" sizes=\"auto, (max-width: 512px) 100vw, 512px\" \/><\/figure>\n\n\n\n<p>Durante el acto <strong>hubo presencia de todos los sectores nacionales<\/strong> que brindaron palabras de apoyo a las y los trabajadores del ministerio de trabajo.<\/p>\n\n\n\n<p>Cabe destacar que en medio de la manifestaci\u00f3n pac\u00edfica <strong>la polic\u00eda de la provincia de C\u00f3rdoba interrumpi\u00f3 la jornada amedrentando <\/strong>y exigiendo que se respete la media calzada con una supuesta orden del fiscal De Aragon (La orden jam\u00e1s fue mostrada a pesar de los insistentes pedidos del secretario general Federico Giuliani).<\/p>\n\n\n\n<figure class=\"wp-block-image size-large is-resized\"><img loading=\"lazy\" decoding=\"async\" src=\"https:\/\/atecordoba.org\/wp-content\/uploads\/2024\/03\/WhatsApp-Image-2024-03-26-at-1.17.31-PM-10-1024x578.jpeg\" alt=\"\" class=\"wp-image-42528\" width=\"512\" height=\"289\" srcset=\"https:\/\/atecordoba.org\/wp-content\/uploads\/2024\/03\/WhatsApp-Image-2024-03-26-at-1.17.31-PM-10-1024x578.jpeg 1024w, https:\/\/atecordoba.org\/wp-content\/uploads\/2024\/03\/WhatsApp-Image-2024-03-26-at-1.17.31-PM-10-300x169.jpeg 300w, https:\/\/atecordoba.org\/wp-content\/uploads\/2024\/03\/WhatsApp-Image-2024-03-26-at-1.17.31-PM-10-768x434.jpeg 768w, https:\/\/atecordoba.org\/wp-content\/uploads\/2024\/03\/WhatsApp-Image-2024-03-26-at-1.17.31-PM-10-1536x867.jpeg 1536w, https:\/\/atecordoba.org\/wp-content\/uploads\/2024\/03\/WhatsApp-Image-2024-03-26-at-1.17.31-PM-10-2048x1156.jpeg 2048w, https:\/\/atecordoba.org\/wp-content\/uploads\/2024\/03\/WhatsApp-Image-2024-03-26-at-1.17.31-PM-10-750x423.jpeg 750w, https:\/\/atecordoba.org\/wp-content\/uploads\/2024\/03\/WhatsApp-Image-2024-03-26-at-1.17.31-PM-10-1140x643.jpeg 1140w\" sizes=\"auto, (max-width: 512px) 100vw, 512px\" \/><\/figure>\n\n\n\n<figure class=\"wp-block-pullquote\"><blockquote><p>&#8220;La\u00a0situaci\u00f3n\u00a0que\u00a0acabamos\u00a0de\u00a0vivir\u00a0con\u00a0la\u00a0presencia\u00a0desmedida\u00a0e\u00a0innecesaria\u00a0de\u00a0la\u00a0polic\u00eda\u00a0de\u00a0la\u00a0provincia\u00a0de\u00a0C\u00f3rdoba\u00a0con\u00a0los\u00a0cuerpos\u00a0de\u00a0infanter\u00eda\u00a0preparados\u00a0para\u00a0reprimir\u00a0con\u00a0ganas\u00a0de\u00a0pelear.\u00a0Creo\u00a0que\u00a0en\u00a0este\u00a0contexto\u00a0en\u00a0donde\u00a0abundan\u00a0los\u00a0choreos\u00a0y\u00a0en\u00a0donde\u00a0muchos\u00a0son\u00a0&#8220;poli\u00a0ladron&#8221;,\u00a0deber\u00edan\u00a0dedicarse\u00a0a\u00a0cuidar\u00a0a\u00a0la\u00a0ciudadan\u00eda\u00a0y\u00a0no\u00a0a\u00a0venir\u00a0a\u00a0una\u00a0manifestaci\u00f3n\u00a0pac\u00edfica\u00a0que\u00a0est\u00e1\u00a0plagada\u00a0de\u00a0trabajadores,\u00a0exigiendo\u00a0que\u00a0los\u00a0incorporen\u00a0a sus\u00a0puestos\u00a0de\u00a0laburo.\u00a0Pero\u00a0sobre\u00a0todo\u00a0ac\u00e1\u00a0hay\u00a0que\u00a0repudiar\u00a0al\u00a0fiscal\u00a0De\u00a0Aragon\u00a0que\u00a0se cree\u00a0due\u00f1o\u00a0y\u00a0se\u00f1or\u00a0de\u00a0la\u00a0calle,\u00a0volvemos\u00a0a\u00a0decirle\u00a0al\u00a0fiscal\u00a0De\u00a0Aragon\u00a0que\u00a0protestar es un derecho&#8221;<\/p><cite>expres\u00f3 nuestro secretario general Federico Giuliani<\/cite><\/blockquote><\/figure>\n\n\n\n<figure class=\"wp-block-image size-large is-resized\"><img loading=\"lazy\" decoding=\"async\" src=\"https:\/\/atecordoba.org\/wp-content\/uploads\/2024\/03\/WhatsApp-Image-2024-03-26-at-1.17.31-PM-2-1024x578.jpeg\" alt=\"\" class=\"wp-image-42516\" width=\"512\" height=\"289\" srcset=\"https:\/\/atecordoba.org\/wp-content\/uploads\/2024\/03\/WhatsApp-Image-2024-03-26-at-1.17.31-PM-2-1024x578.jpeg 1024w, https:\/\/atecordoba.org\/wp-content\/uploads\/2024\/03\/WhatsApp-Image-2024-03-26-at-1.17.31-PM-2-300x169.jpeg 300w, https:\/\/atecordoba.org\/wp-content\/uploads\/2024\/03\/WhatsApp-Image-2024-03-26-at-1.17.31-PM-2-768x434.jpeg 768w, https:\/\/atecordoba.org\/wp-content\/uploads\/2024\/03\/WhatsApp-Image-2024-03-26-at-1.17.31-PM-2-1536x867.jpeg 1536w, https:\/\/atecordoba.org\/wp-content\/uploads\/2024\/03\/WhatsApp-Image-2024-03-26-at-1.17.31-PM-2-2048x1156.jpeg 2048w, https:\/\/atecordoba.org\/wp-content\/uploads\/2024\/03\/WhatsApp-Image-2024-03-26-at-1.17.31-PM-2-750x423.jpeg 750w, https:\/\/atecordoba.org\/wp-content\/uploads\/2024\/03\/WhatsApp-Image-2024-03-26-at-1.17.31-PM-2-1140x643.jpeg 1140w\" sizes=\"auto, (max-width: 512px) 100vw, 512px\" \/><\/figure>\n\n\n\n<p><strong>Respecto al contexto pol\u00edtico actual Federico menciona que: <\/strong><\/p>\n\n\n\n<figure class=\"wp-block-pullquote\"><blockquote><p>&#8220;este gobierno revanchista fascista viene a terminar lo que no pudieron las dictaduras genocidas lo que no pudo el menemismo y lo que no pudo el macrismo y nosotras y nosotros con generosidad con valent\u00eda le hemos demostrado a lo largo y a lo ancho de la Argentina en toda la historia de nuestra orgullosa y querida clase obrera que m\u00e1s temprano que tarde nuestros derechos y nuestros sue\u00f1os van a ser la pesadilla de la oligarqu\u00eda revanchista&#8221;<br><\/p><\/blockquote><\/figure>\n\n\n\n<figure class=\"wp-block-image size-large\"><img loading=\"lazy\" decoding=\"async\" width=\"1024\" height=\"578\" src=\"https:\/\/atecordoba.org\/wp-content\/uploads\/2024\/03\/WhatsApp-Image-2024-03-26-at-1.17.31-PM-8-1024x578.jpeg\" alt=\"\" class=\"wp-image-42524\" srcset=\"https:\/\/atecordoba.org\/wp-content\/uploads\/2024\/03\/WhatsApp-Image-2024-03-26-at-1.17.31-PM-8-1024x578.jpeg 1024w, https:\/\/atecordoba.org\/wp-content\/uploads\/2024\/03\/WhatsApp-Image-2024-03-26-at-1.17.31-PM-8-300x169.jpeg 300w, https:\/\/atecordoba.org\/wp-content\/uploads\/2024\/03\/WhatsApp-Image-2024-03-26-at-1.17.31-PM-8-768x434.jpeg 768w, https:\/\/atecordoba.org\/wp-content\/uploads\/2024\/03\/WhatsApp-Image-2024-03-26-at-1.17.31-PM-8-1536x867.jpeg 1536w, https:\/\/atecordoba.org\/wp-content\/uploads\/2024\/03\/WhatsApp-Image-2024-03-26-at-1.17.31-PM-8-2048x1156.jpeg 2048w, https:\/\/atecordoba.org\/wp-content\/uploads\/2024\/03\/WhatsApp-Image-2024-03-26-at-1.17.31-PM-8-750x423.jpeg 750w, https:\/\/atecordoba.org\/wp-content\/uploads\/2024\/03\/WhatsApp-Image-2024-03-26-at-1.17.31-PM-8-1140x643.jpeg 1140w\" sizes=\"auto, (max-width: 1024px) 100vw, 1024px\" \/><\/figure>\n\n\n<div class=\"wp-block-image\">\n<figure class=\"alignright size-large is-resized\"><img loading=\"lazy\" decoding=\"async\" src=\"https:\/\/atecordoba.org\/wp-content\/uploads\/2024\/03\/WhatsApp-Image-2024-03-26-at-1.17.31-PM-4-1-1024x578.jpeg\" alt=\"\" class=\"wp-image-42527\" width=\"512\" height=\"289\" srcset=\"https:\/\/atecordoba.org\/wp-content\/uploads\/2024\/03\/WhatsApp-Image-2024-03-26-at-1.17.31-PM-4-1-1024x578.jpeg 1024w, https:\/\/atecordoba.org\/wp-content\/uploads\/2024\/03\/WhatsApp-Image-2024-03-26-at-1.17.31-PM-4-1-300x169.jpeg 300w, https:\/\/atecordoba.org\/wp-content\/uploads\/2024\/03\/WhatsApp-Image-2024-03-26-at-1.17.31-PM-4-1-768x434.jpeg 768w, https:\/\/atecordoba.org\/wp-content\/uploads\/2024\/03\/WhatsApp-Image-2024-03-26-at-1.17.31-PM-4-1-1536x867.jpeg 1536w, https:\/\/atecordoba.org\/wp-content\/uploads\/2024\/03\/WhatsApp-Image-2024-03-26-at-1.17.31-PM-4-1-2048x1156.jpeg 2048w, https:\/\/atecordoba.org\/wp-content\/uploads\/2024\/03\/WhatsApp-Image-2024-03-26-at-1.17.31-PM-4-1-750x423.jpeg 750w, https:\/\/atecordoba.org\/wp-content\/uploads\/2024\/03\/WhatsApp-Image-2024-03-26-at-1.17.31-PM-4-1-1140x643.jpeg 1140w\" sizes=\"auto, (max-width: 512px) 100vw, 512px\" \/><\/figure>\n<\/div>\n\n\n<figure class=\"wp-block-image size-large is-resized\"><img loading=\"lazy\" decoding=\"async\" src=\"https:\/\/atecordoba.org\/wp-content\/uploads\/2024\/03\/WhatsApp-Image-2024-03-26-at-1.17.31-PM-8-1-1024x578.jpeg\" alt=\"\" class=\"wp-image-42525\" width=\"512\" height=\"289\" srcset=\"https:\/\/atecordoba.org\/wp-content\/uploads\/2024\/03\/WhatsApp-Image-2024-03-26-at-1.17.31-PM-8-1-1024x578.jpeg 1024w, https:\/\/atecordoba.org\/wp-content\/uploads\/2024\/03\/WhatsApp-Image-2024-03-26-at-1.17.31-PM-8-1-300x169.jpeg 300w, https:\/\/atecordoba.org\/wp-content\/uploads\/2024\/03\/WhatsApp-Image-2024-03-26-at-1.17.31-PM-8-1-768x434.jpeg 768w, https:\/\/atecordoba.org\/wp-content\/uploads\/2024\/03\/WhatsApp-Image-2024-03-26-at-1.17.31-PM-8-1-1536x867.jpeg 1536w, https:\/\/atecordoba.org\/wp-content\/uploads\/2024\/03\/WhatsApp-Image-2024-03-26-at-1.17.31-PM-8-1-2048x1156.jpeg 2048w, https:\/\/atecordoba.org\/wp-content\/uploads\/2024\/03\/WhatsApp-Image-2024-03-26-at-1.17.31-PM-8-1-750x423.jpeg 750w, https:\/\/atecordoba.org\/wp-content\/uploads\/2024\/03\/WhatsApp-Image-2024-03-26-at-1.17.31-PM-8-1-1140x643.jpeg 1140w\" sizes=\"auto, (max-width: 512px) 100vw, 512px\" \/><\/figure>\n\n\n<div class=\"wp-block-image\">\n<figure class=\"alignleft size-large is-resized\"><img loading=\"lazy\" decoding=\"async\" src=\"https:\/\/atecordoba.org\/wp-content\/uploads\/2024\/03\/WhatsApp-Image-2024-03-26-at-1.17.31-PM-3-1024x578.jpeg\" alt=\"\" class=\"wp-image-42520\" width=\"512\" height=\"289\" srcset=\"https:\/\/atecordoba.org\/wp-content\/uploads\/2024\/03\/WhatsApp-Image-2024-03-26-at-1.17.31-PM-3-1024x578.jpeg 1024w, https:\/\/atecordoba.org\/wp-content\/uploads\/2024\/03\/WhatsApp-Image-2024-03-26-at-1.17.31-PM-3-300x169.jpeg 300w, https:\/\/atecordoba.org\/wp-content\/uploads\/2024\/03\/WhatsApp-Image-2024-03-26-at-1.17.31-PM-3-768x434.jpeg 768w, https:\/\/atecordoba.org\/wp-content\/uploads\/2024\/03\/WhatsApp-Image-2024-03-26-at-1.17.31-PM-3-1536x867.jpeg 1536w, https:\/\/atecordoba.org\/wp-content\/uploads\/2024\/03\/WhatsApp-Image-2024-03-26-at-1.17.31-PM-3-2048x1156.jpeg 2048w, https:\/\/atecordoba.org\/wp-content\/uploads\/2024\/03\/WhatsApp-Image-2024-03-26-at-1.17.31-PM-3-750x423.jpeg 750w, https:\/\/atecordoba.org\/wp-content\/uploads\/2024\/03\/WhatsApp-Image-2024-03-26-at-1.17.31-PM-3-1140x643.jpeg 1140w\" sizes=\"auto, (max-width: 512px) 100vw, 512px\" \/><\/figure>\n<\/div>\n\n<div class=\"wp-block-image\">\n<figure class=\"alignleft size-large is-resized\"><img loading=\"lazy\" decoding=\"async\" src=\"https:\/\/atecordoba.org\/wp-content\/uploads\/2024\/03\/WhatsApp-Image-2024-03-26-at-1.17.31-PM-7-1024x578.jpeg\" alt=\"\" class=\"wp-image-42518\" width=\"512\" height=\"289\" srcset=\"https:\/\/atecordoba.org\/wp-content\/uploads\/2024\/03\/WhatsApp-Image-2024-03-26-at-1.17.31-PM-7-1024x578.jpeg 1024w, https:\/\/atecordoba.org\/wp-content\/uploads\/2024\/03\/WhatsApp-Image-2024-03-26-at-1.17.31-PM-7-300x169.jpeg 300w, https:\/\/atecordoba.org\/wp-content\/uploads\/2024\/03\/WhatsApp-Image-2024-03-26-at-1.17.31-PM-7-768x434.jpeg 768w, https:\/\/atecordoba.org\/wp-content\/uploads\/2024\/03\/WhatsApp-Image-2024-03-26-at-1.17.31-PM-7-1536x867.jpeg 1536w, https:\/\/atecordoba.org\/wp-content\/uploads\/2024\/03\/WhatsApp-Image-2024-03-26-at-1.17.31-PM-7-2048x1156.jpeg 2048w, https:\/\/atecordoba.org\/wp-content\/uploads\/2024\/03\/WhatsApp-Image-2024-03-26-at-1.17.31-PM-7-750x423.jpeg 750w, https:\/\/atecordoba.org\/wp-content\/uploads\/2024\/03\/WhatsApp-Image-2024-03-26-at-1.17.31-PM-7-1140x643.jpeg 1140w\" sizes=\"auto, (max-width: 512px) 100vw, 512px\" \/><\/figure>\n<\/div>\n\n\n<figure class=\"wp-block-image size-large is-resized\"><img loading=\"lazy\" decoding=\"async\" src=\"https:\/\/atecordoba.org\/wp-content\/uploads\/2024\/03\/WhatsApp-Image-2024-03-26-at-1.17.31-PM-5-1024x578.jpeg\" alt=\"\" class=\"wp-image-42517\" width=\"512\" height=\"289\" srcset=\"https:\/\/atecordoba.org\/wp-content\/uploads\/2024\/03\/WhatsApp-Image-2024-03-26-at-1.17.31-PM-5-1024x578.jpeg 1024w, https:\/\/atecordoba.org\/wp-content\/uploads\/2024\/03\/WhatsApp-Image-2024-03-26-at-1.17.31-PM-5-300x169.jpeg 300w, https:\/\/atecordoba.org\/wp-content\/uploads\/2024\/03\/WhatsApp-Image-2024-03-26-at-1.17.31-PM-5-768x433.jpeg 768w, https:\/\/atecordoba.org\/wp-content\/uploads\/2024\/03\/WhatsApp-Image-2024-03-26-at-1.17.31-PM-5-1536x867.jpeg 1536w, https:\/\/atecordoba.org\/wp-content\/uploads\/2024\/03\/WhatsApp-Image-2024-03-26-at-1.17.31-PM-5-750x423.jpeg 750w, https:\/\/atecordoba.org\/wp-content\/uploads\/2024\/03\/WhatsApp-Image-2024-03-26-at-1.17.31-PM-5-1140x643.jpeg 1140w, https:\/\/atecordoba.org\/wp-content\/uploads\/2024\/03\/WhatsApp-Image-2024-03-26-at-1.17.31-PM-5.jpeg 1600w\" sizes=\"auto, (max-width: 512px) 100vw, 512px\" \/><\/figure>\n","protected":false},"excerpt":{"rendered":"<p>La misma se realiz\u00f3 en el ex ministerio de trabajo (27 de Abril 351) y cont\u00f3 con una gran cantidad de convocatoria. En el marco del plan de lucha que ATE viene llevando adelante en todo el pa\u00eds resistiendo y frenando el ajuste que impulsa el Gobierno de Javier Milei, hoy se llev\u00f3 a cabo [&hellip;]<\/p>\n","protected":false},"author":3,"featured_media":42514,"comment_status":"open","ping_status":"open","sticky":false,"template":"","format":"standard","meta":{"_exactmetrics_skip_tracking":false,"_exactmetrics_sitenote_active":false,"_exactmetrics_sitenote_note":"","_exactmetrics_sitenote_category":0,"jnews-multi-image_gallery":[],"jnews_single_post":{"subtitle":"","format":"standard","video":"","gallery":"","source_name":"","source_url":"","via_name":"","via_url":"","override_template":"0","override":[{"template":"1","single_blog_custom":"","parallax":"1","fullscreen":"1","layout":"no-sidebar-narrow","sidebar":"default-sidebar","second_sidebar":"default-sidebar","sticky_sidebar":"1","share_position":"bottom","share_float_style":"share-monocrhome","show_share_counter":"1","show_view_counter":"1","show_featured":"0","show_post_meta":"1","show_post_author":"0","show_post_author_image":"1","show_post_date":"1","post_date_format":"default","post_date_format_custom":"Y\/m\/d","show_post_category":"1","show_post_reading_time":"0","post_reading_time_wpm":"300","show_zoom_button":"0","zoom_button_out_step":"2","zoom_button_in_step":"3","show_post_tag":"1","show_prev_next_post":"0","show_popup_post":"0","number_popup_post":"1","show_author_box":"0","show_post_related":"1","show_inline_post_related":"0"}],"override_image_size":"0","image_override":[{"single_post_thumbnail_size":"crop-500","single_post_gallery_size":"crop-500"}],"trending_post":"0","trending_post_position":"meta","trending_post_label":"Trending","sponsored_post":"0","sponsored_post_label":"Sponsored by","sponsored_post_name":"","sponsored_post_url":"","sponsored_post_logo_enable":"0","sponsored_post_logo":"","sponsored_post_desc":"","disable_ad":"0"},"jnews_primary_category":{"id":"","hide":""},"jnews_social_meta":{"fb_title":"","fb_description":"","fb_image":"","twitter_title":"","twitter_description":"","twitter_image":""},"jnews_review":[],"enable_review":"0","type":"percentage","name":"","summary":"","brand":"","sku":"","good":[{"good_text":""}],"bad":[{"bad_text":""}],"score_override":"","override_value":"","rating":[{"rating_text":"","rating_number":"10"}],"price":[{"shop":"","price":"","link":"","icon":""}],"jnews_override_counter":{"override_view_counter":"0","view_counter_number":"0","override_share_counter":"0","share_counter_number":"0","override_like_counter":"0","like_counter_number":"0","override_dislike_counter":"0","dislike_counter_number":"0"},"jnews_post_split":{"enable_post_split":"0","post_split":[{"template":"1","tag":"h2","numbering":"asc","mode":"normal","first":"0","enable_toc":"0","toc_type":"normal"}]},"footnotes":""},"categories":[18],"tags":[],"class_list":["post-42513","post","type-post","status-publish","format-standard","has-post-thumbnail","hentry","category-nacionales"],"jetpack_featured_media_url":"https:\/\/atecordoba.org\/wp-content\/uploads\/2024\/03\/WhatsApp-Image-2024-03-26-at-1.17.31-PM.jpeg","_links":{"self":[{"href":"https:\/\/atecordoba.org\/index.php?rest_route=\/wp\/v2\/posts\/42513","targetHints":{"allow":["GET"]}}],"collection":[{"href":"https:\/\/atecordoba.org\/index.php?rest_route=\/wp\/v2\/posts"}],"about":[{"href":"https:\/\/atecordoba.org\/index.php?rest_route=\/wp\/v2\/types\/post"}],"author":[{"embeddable":true,"href":"https:\/\/atecordoba.org\/index.php?rest_route=\/wp\/v2\/users\/3"}],"replies":[{"embeddable":true,"href":"https:\/\/atecordoba.org\/index.php?rest_route=%2Fwp%2Fv2%2Fcomments&post=42513"}],"version-history":[{"count":1,"href":"https:\/\/atecordoba.org\/index.php?rest_route=\/wp\/v2\/posts\/42513\/revisions"}],"predecessor-version":[{"id":42529,"href":"https:\/\/atecordoba.org\/index.php?rest_route=\/wp\/v2\/posts\/42513\/revisions\/42529"}],"wp:featuredmedia":[{"embeddable":true,"href":"https:\/\/atecordoba.org\/index.php?rest_route=\/wp\/v2\/media\/42514"}],"wp:attachment":[{"href":"https:\/\/atecordoba.org\/index.php?rest_route=%2Fwp%2Fv2%2Fmedia&parent=42513"}],"wp:term":[{"taxonomy":"category","embeddable":true,"href":"https:\/\/atecordoba.org\/index.php?rest_route=%2Fwp%2Fv2%2Fcategories&post=42513"},{"taxonomy":"post_tag","embeddable":true,"href":"https:\/\/atecordoba.org\/index.php?rest_route=%2Fwp%2Fv2%2Ftags&post=42513"}],"curies":[{"name":"wp","href":"https:\/\/api.w.org\/{rel}","templated":true}]}}