{"id":42497,"date":"2024-03-25T15:44:50","date_gmt":"2024-03-25T18:44:50","guid":{"rendered":"https:\/\/atecordoba.org\/?p=42497"},"modified":"2024-03-25T15:50:08","modified_gmt":"2024-03-25T18:50:08","slug":"prosiguen-las-reuniones-con-legisladores-nacionales-para-dar-cuenta-del-riesgo-que-implica-el-cierre-de-organismos-nacionales-en-cordoba","status":"publish","type":"post","link":"https:\/\/atecordoba.org\/?p=42497","title":{"rendered":"Prosiguen las reuniones con legisladores nacionales para dar cuenta del riesgo que implica el cierre de organismos nacionales en C\u00f3rdoba"},"content":{"rendered":"<div class=\"wp-block-image\">\n<figure class=\"alignleft size-full is-resized\"><img loading=\"lazy\" decoding=\"async\" src=\"https:\/\/atecordoba.org\/wp-content\/uploads\/2024\/03\/agost-1.jpg\" alt=\"\" class=\"wp-image-42499\" width=\"405\" height=\"581\" srcset=\"https:\/\/atecordoba.org\/wp-content\/uploads\/2024\/03\/agost-1.jpg 540w, https:\/\/atecordoba.org\/wp-content\/uploads\/2024\/03\/agost-1-209x300.jpg 209w\" sizes=\"auto, (max-width: 405px) 100vw, 405px\" \/><\/figure>\n<\/div>\n\n\n<p>En el marco de las conversaciones que ATE viene llevando a cabo con los legisladores nacionales por C\u00f3rdoba, frente al brutal ajuste del Estado nacional, y ante los efectos concretos que el despido de personal y el cierre de organismos implica para la calidad de vida de las y los cordobeses, as\u00ed como el riesgo que ya no se puedan concretar los derechos que la Constituci\u00f3n ordena garantizar a la poblaci\u00f3n, el viernes pasado se realiz\u00f3 una reuni\u00f3n virtual con el diputado Nacional Oscar Agost Carre\u00f1o.<\/p>\n\n\n\n<p>En la reuni\u00f3n se le present\u00f3 al representante por C\u00f3rdoba un informe exhaustivo respecto a las funciones que cumplen los distintos organismos nacionales en la provincia y qu\u00e9 derechos garantiza cada uno de los sectores en particular.<\/p>\n\n\n\n<p>As\u00ed, se hizo hincapi\u00e9 en los derechos en materia de seguridad social, salud, soberan\u00eda alimentaria, cultura, discapacidad, lucha contra la discriminaci\u00f3n, g\u00e9nero, relaciones del trabajo en el campo estatal y privado, producci\u00f3n para la defensa, energ\u00eda, desarrollo agropecuario e industrial, ambiente, etc.<\/p>\n\n\n\n<p>Vale mencionar que estos organismos llegan como efectores a los puntos m\u00e1s extremos de la provincia.<\/p>\n\n\n\n<p>Hoy se realizar\u00e1 otra reuni\u00f3n con la diputada nacional Gabriela Estevez y su par de bancada Pablo Carro. En tanto ma\u00f1ana, ser\u00e1 el turno de la riotercerense Gabriela Brouwer de Koning.<\/p>\n\n\n\n<p>Las reuniones fueron organizadas por la Secretaria de Acci\u00f3n Pol\u00edtica, a cargo de Alejandra Agnone, y la Secretaria de Prensa, cuya titular es Julia Giuliani. Adem\u00e1s participan compa\u00f1eras y compa\u00f1eros de los distintos sectores de trabajadores, quienes junto con el informe explican a las y los legisladores las tareas que cumplen en cada organismo.<\/p>\n\n\n\n<p>Para acceder al informe completo descargar el archivo a continuaci\u00f3n.<\/p>\n\n\n\n<div class=\"wp-block-file\"><a id=\"wp-block-file--media-fbae38f8-bfff-49ad-9eff-f2d017f74896\" href=\"https:\/\/atecordoba.org\/wp-content\/uploads\/2024\/03\/Organismos-Nacionales-Provincia-de-Cordoba.docx\">Organismos-Nacionales-Provincia-de-Cordoba<\/a><a href=\"https:\/\/atecordoba.org\/wp-content\/uploads\/2024\/03\/Organismos-Nacionales-Provincia-de-Cordoba.docx\" class=\"wp-block-file__button wp-element-button\" download aria-describedby=\"wp-block-file--media-fbae38f8-bfff-49ad-9eff-f2d017f74896\">Descarga<\/a><\/div>\n","protected":false},"excerpt":{"rendered":"<p>En el marco de las conversaciones que ATE viene llevando a cabo con los legisladores nacionales por C\u00f3rdoba, frente al brutal ajuste del Estado nacional, y ante los efectos concretos que el despido de personal y el cierre de organismos implica para la calidad de vida de las y los cordobeses, as\u00ed como el riesgo [&hellip;]<\/p>\n","protected":false},"author":7,"featured_media":42501,"comment_status":"open","ping_status":"open","sticky":false,"template":"","format":"standard","meta":{"_exactmetrics_skip_tracking":false,"_exactmetrics_sitenote_active":false,"_exactmetrics_sitenote_note":"","_exactmetrics_sitenote_category":0,"jnews-multi-image_gallery":[],"jnews_single_post":{"subtitle":"Se hizo hincapi\u00e9 en los derechos en materia de seguridad social, salud, soberan\u00eda alimentaria, cultura, discapacidad, lucha contra la discriminaci\u00f3n, g\u00e9nero, relaciones del trabajo en el campo estatal y privado, producci\u00f3n para la defensa, energ\u00eda, desarrollo agropecuario e industrial, ambiente, etc.","format":"standard","video":"","gallery":"","source_name":"","source_url":"","via_name":"","via_url":"","override_template":"0","override":[{"template":"1","single_blog_custom":"","parallax":"1","fullscreen":"1","layout":"no-sidebar-narrow","sidebar":"default-sidebar","second_sidebar":"default-sidebar","sticky_sidebar":"1","share_position":"bottom","share_float_style":"share-monocrhome","show_share_counter":"1","show_view_counter":"1","show_featured":"0","show_post_meta":"1","show_post_author":"0","show_post_author_image":"1","show_post_date":"1","post_date_format":"default","post_date_format_custom":"Y\/m\/d","show_post_category":"1","show_post_reading_time":"0","post_reading_time_wpm":"300","show_zoom_button":"0","zoom_button_out_step":"2","zoom_button_in_step":"3","show_post_tag":"1","show_prev_next_post":"0","show_popup_post":"0","number_popup_post":"1","show_author_box":"0","show_post_related":"1","show_inline_post_related":"0"}],"override_image_size":"0","image_override":[{"single_post_thumbnail_size":"crop-500","single_post_gallery_size":"crop-500"}],"trending_post":"0","trending_post_position":"meta","trending_post_label":"Trending","sponsored_post":"0","sponsored_post_label":"Sponsored by","sponsored_post_name":"","sponsored_post_url":"","sponsored_post_logo_enable":"0","sponsored_post_logo":"","sponsored_post_desc":"","disable_ad":"0"},"jnews_primary_category":{"id":"","hide":""},"jnews_social_meta":{"fb_title":"","fb_description":"","fb_image":"","twitter_title":"","twitter_description":"","twitter_image":""},"jnews_review":[],"enable_review":"0","type":"percentage","name":"","summary":"","brand":"","sku":"","good":[{"good_text":""}],"bad":[{"bad_text":""}],"score_override":"","override_value":"","rating":[{"rating_text":"","rating_number":"10"}],"price":[{"shop":"","price":"","link":"","icon":""}],"jnews_override_counter":{"override_view_counter":"0","view_counter_number":"0","override_share_counter":"0","share_counter_number":"0","override_like_counter":"0","like_counter_number":"0","override_dislike_counter":"0","dislike_counter_number":"0"},"jnews_post_split":{"enable_post_split":"0","post_split":[{"template":"1","tag":"h2","numbering":"asc","mode":"normal","first":"0","enable_toc":"0","toc_type":"normal"}]},"footnotes":""},"categories":[10],"tags":[],"class_list":["post-42497","post","type-post","status-publish","format-standard","has-post-thumbnail","hentry","category-accion-politica"],"jetpack_featured_media_url":"https:\/\/atecordoba.org\/wp-content\/uploads\/2024\/03\/agost-2.jpg","_links":{"self":[{"href":"https:\/\/atecordoba.org\/index.php?rest_route=\/wp\/v2\/posts\/42497","targetHints":{"allow":["GET"]}}],"collection":[{"href":"https:\/\/atecordoba.org\/index.php?rest_route=\/wp\/v2\/posts"}],"about":[{"href":"https:\/\/atecordoba.org\/index.php?rest_route=\/wp\/v2\/types\/post"}],"author":[{"embeddable":true,"href":"https:\/\/atecordoba.org\/index.php?rest_route=\/wp\/v2\/users\/7"}],"replies":[{"embeddable":true,"href":"https:\/\/atecordoba.org\/index.php?rest_route=%2Fwp%2Fv2%2Fcomments&post=42497"}],"version-history":[{"count":3,"href":"https:\/\/atecordoba.org\/index.php?rest_route=\/wp\/v2\/posts\/42497\/revisions"}],"predecessor-version":[{"id":42505,"href":"https:\/\/atecordoba.org\/index.php?rest_route=\/wp\/v2\/posts\/42497\/revisions\/42505"}],"wp:featuredmedia":[{"embeddable":true,"href":"https:\/\/atecordoba.org\/index.php?rest_route=\/wp\/v2\/media\/42501"}],"wp:attachment":[{"href":"https:\/\/atecordoba.org\/index.php?rest_route=%2Fwp%2Fv2%2Fmedia&parent=42497"}],"wp:term":[{"taxonomy":"category","embeddable":true,"href":"https:\/\/atecordoba.org\/index.php?rest_route=%2Fwp%2Fv2%2Fcategories&post=42497"},{"taxonomy":"post_tag","embeddable":true,"href":"https:\/\/atecordoba.org\/index.php?rest_route=%2Fwp%2Fv2%2Ftags&post=42497"}],"curies":[{"name":"wp","href":"https:\/\/api.w.org\/{rel}","templated":true}]}}