{"id":42471,"date":"2024-03-25T12:42:42","date_gmt":"2024-03-25T15:42:42","guid":{"rendered":"https:\/\/atecordoba.org\/?p=42471"},"modified":"2024-03-25T12:42:43","modified_gmt":"2024-03-25T15:42:43","slug":"40-anos-de-paicor-ate-participo-del-aniversario-oficial-que-hizo-el-gobierno-de-cordoba","status":"publish","type":"post","link":"https:\/\/atecordoba.org\/?p=42471","title":{"rendered":"40 a\u00f1os de PAICOR: ATE particip\u00f3 del aniversario oficial que hizo el Gobierno de C\u00f3rdoba"},"content":{"rendered":"<div class=\"wp-block-image\">\n<figure class=\"aligncenter size-large is-resized\"><img loading=\"lazy\" decoding=\"async\" src=\"https:\/\/atecordoba.org\/wp-content\/uploads\/2024\/03\/IMG-20240324-WA0267-1024x771.jpg\" alt=\"\" class=\"wp-image-42472\" width=\"768\" height=\"578\" \/><\/figure>\n<\/div>\n\n\n<p>En el marco del 40 aniversario de la creaci\u00f3n del Programa Alimentario Integral C\u00f3rdoba (PAICOR) ATE particip\u00f3 el s\u00e1bado para del festejo que el Gobierno de la Provincia organiz\u00f3 en el predio del Complejo Feriar.<\/p>\n\n\n\n<p>En la oportunidad, estuvo encabezando la comitiva de nuestro gremio la secretaria General Adjunta del Consejo Directivo Provincial (CDP), Gabriela Alcoba. <\/p>\n\n\n<div class=\"wp-block-image\">\n<figure class=\"aligncenter size-large is-resized\"><img loading=\"lazy\" decoding=\"async\" src=\"https:\/\/atecordoba.org\/wp-content\/uploads\/2024\/03\/IMG-20240324-WA0266-1024x576.jpg\" alt=\"\" class=\"wp-image-42473\" width=\"768\" height=\"432\" srcset=\"https:\/\/atecordoba.org\/wp-content\/uploads\/2024\/03\/IMG-20240324-WA0266-1024x576.jpg 1024w, https:\/\/atecordoba.org\/wp-content\/uploads\/2024\/03\/IMG-20240324-WA0266-300x169.jpg 300w, https:\/\/atecordoba.org\/wp-content\/uploads\/2024\/03\/IMG-20240324-WA0266-768x432.jpg 768w, https:\/\/atecordoba.org\/wp-content\/uploads\/2024\/03\/IMG-20240324-WA0266-750x422.jpg 750w, https:\/\/atecordoba.org\/wp-content\/uploads\/2024\/03\/IMG-20240324-WA0266.jpg 1080w\" sizes=\"auto, (max-width: 768px) 100vw, 768px\" \/><\/figure>\n<\/div>\n\n\n<p>En declaraciones a la prensa ubicada en el lugar, Alcoba dijo que es necesario reconocer &#8220;40 a\u00f1os cubriendo las necesidades esenciales de las ni\u00f1as y ni\u00f1os de C\u00f3rdoba. Tenemos que se\u00f1alar la importancia que el Gobierno de C\u00f3rdoba nos invita como organizaci\u00f3n sindical a participar de este evento&#8221;.<\/p>\n\n\n\n<p>&#8220;Las y los compa\u00f1eros de PAICOR eligieron hace un tiempo a ATE para pelear por sus derechos. Sabemos que las condiciones que est\u00e1n son muy precarias y falta mucho. Hay un piso de dignidad que est\u00e1 relacionado con poder ejercer la capacidad de organizarse y de ah\u00ed para arriba todo&#8221;, dijo la dirigente para destacar la participaci\u00f3n de ATE en el evento.<\/p>\n\n\n<div class=\"wp-block-image\">\n<figure class=\"aligncenter size-large is-resized\"><img loading=\"lazy\" decoding=\"async\" src=\"https:\/\/atecordoba.org\/wp-content\/uploads\/2024\/03\/IMG-20240324-WA0268-1024x576.jpg\" alt=\"\" class=\"wp-image-42474\" width=\"768\" height=\"432\" srcset=\"https:\/\/atecordoba.org\/wp-content\/uploads\/2024\/03\/IMG-20240324-WA0268-1024x576.jpg 1024w, https:\/\/atecordoba.org\/wp-content\/uploads\/2024\/03\/IMG-20240324-WA0268-300x169.jpg 300w, https:\/\/atecordoba.org\/wp-content\/uploads\/2024\/03\/IMG-20240324-WA0268-768x432.jpg 768w, https:\/\/atecordoba.org\/wp-content\/uploads\/2024\/03\/IMG-20240324-WA0268-750x422.jpg 750w, https:\/\/atecordoba.org\/wp-content\/uploads\/2024\/03\/IMG-20240324-WA0268.jpg 1080w\" sizes=\"auto, (max-width: 768px) 100vw, 768px\" \/><\/figure>\n<\/div>\n\n\n<p>Y adelant\u00f3 que &#8220;estamos trabajando sobre un convenio colectivo para el personal del PAICOR porque nos parece importante que tengan un marco de regulaci\u00f3n que hoy no tienen. Estamos trabajando con el equipo jur\u00eddico y t\u00e9cnico para saber donde est\u00e1n paradas las compa\u00f1eras y a partir de ah\u00ed poder dignificar su tarea, que es esencial. Hablamos de las infancias, de necesidades b\u00e1sicas y derechos, como el derecho a la alimentaci\u00f3n&#8221;.<\/p>\n\n\n<div class=\"wp-block-image\">\n<figure class=\"aligncenter size-large is-resized\"><img loading=\"lazy\" decoding=\"async\" src=\"https:\/\/atecordoba.org\/wp-content\/uploads\/2024\/03\/IMG-20240324-WA0268-1024x576.jpg\" alt=\"\" class=\"wp-image-42474\" width=\"768\" height=\"432\" srcset=\"https:\/\/atecordoba.org\/wp-content\/uploads\/2024\/03\/IMG-20240324-WA0268-1024x576.jpg 1024w, https:\/\/atecordoba.org\/wp-content\/uploads\/2024\/03\/IMG-20240324-WA0268-300x169.jpg 300w, https:\/\/atecordoba.org\/wp-content\/uploads\/2024\/03\/IMG-20240324-WA0268-768x432.jpg 768w, https:\/\/atecordoba.org\/wp-content\/uploads\/2024\/03\/IMG-20240324-WA0268-750x422.jpg 750w, https:\/\/atecordoba.org\/wp-content\/uploads\/2024\/03\/IMG-20240324-WA0268.jpg 1080w\" sizes=\"auto, (max-width: 768px) 100vw, 768px\" \/><\/figure>\n<\/div>\n\n\n<p>A su turno, el compa\u00f1ero Fabricio Ferreyra, trabajador del programa, describi\u00f3 el panorama que sufren las y los trabajadores del sector: &#8220;hoy por hoy el sistema nos toma como un plan social y cobramos un salario muy bajo. Se habla de un aumento pero es el piso porque no tenemos antig\u00fcedad, aportes jubilatorios, tenemos que pagar el APROSS de nuestro bolsillo. Por eso vamos a seguir insistiendo en la reivindicaci\u00f3n de todas y todos los compa\u00f1eros de PAICOR para que llegado el momento puedan obtener la jubilaci\u00f3n correspondiente a su trayectoria de trabajo&#8221;.<\/p>\n\n\n\n<p>El gobierno anunci\u00f3 un aumento de &#8220;hasta el 132%&#8221; aunque  resta conocer los detalles de la medida y a qu\u00e9 personal afecta. <\/p>\n\n\n\n<figure class=\"wp-block-gallery has-nested-images columns-default is-cropped wp-block-gallery-1 is-layout-flex wp-block-gallery-is-layout-flex\">\n<figure class=\"wp-block-image size-large\"><a href=\"https:\/\/atecordoba.org\/wp-content\/uploads\/2024\/03\/IMG-20240324-WA0269.jpg\" target=\"_blank\" rel=\"noopener\"><img loading=\"lazy\" decoding=\"async\" width=\"1024\" height=\"576\" data-id=\"42476\" src=\"https:\/\/atecordoba.org\/wp-content\/uploads\/2024\/03\/IMG-20240324-WA0269-1024x576.jpg\" alt=\"\" class=\"wp-image-42476\" srcset=\"https:\/\/atecordoba.org\/wp-content\/uploads\/2024\/03\/IMG-20240324-WA0269-1024x576.jpg 1024w, https:\/\/atecordoba.org\/wp-content\/uploads\/2024\/03\/IMG-20240324-WA0269-300x169.jpg 300w, https:\/\/atecordoba.org\/wp-content\/uploads\/2024\/03\/IMG-20240324-WA0269-768x432.jpg 768w, https:\/\/atecordoba.org\/wp-content\/uploads\/2024\/03\/IMG-20240324-WA0269-750x422.jpg 750w, https:\/\/atecordoba.org\/wp-content\/uploads\/2024\/03\/IMG-20240324-WA0269.jpg 1080w\" sizes=\"auto, (max-width: 1024px) 100vw, 1024px\" \/><\/a><\/figure>\n\n\n\n<figure class=\"wp-block-image size-large\"><a href=\"https:\/\/atecordoba.org\/wp-content\/uploads\/2024\/03\/IMG-20240324-WA0270.jpg\" target=\"_blank\" rel=\"noopener\"><img loading=\"lazy\" decoding=\"async\" width=\"1024\" height=\"576\" data-id=\"42478\" src=\"https:\/\/atecordoba.org\/wp-content\/uploads\/2024\/03\/IMG-20240324-WA0270-1024x576.jpg\" alt=\"\" class=\"wp-image-42478\" srcset=\"https:\/\/atecordoba.org\/wp-content\/uploads\/2024\/03\/IMG-20240324-WA0270-1024x576.jpg 1024w, https:\/\/atecordoba.org\/wp-content\/uploads\/2024\/03\/IMG-20240324-WA0270-300x169.jpg 300w, https:\/\/atecordoba.org\/wp-content\/uploads\/2024\/03\/IMG-20240324-WA0270-768x432.jpg 768w, https:\/\/atecordoba.org\/wp-content\/uploads\/2024\/03\/IMG-20240324-WA0270-1536x864.jpg 1536w, https:\/\/atecordoba.org\/wp-content\/uploads\/2024\/03\/IMG-20240324-WA0270-750x422.jpg 750w, https:\/\/atecordoba.org\/wp-content\/uploads\/2024\/03\/IMG-20240324-WA0270-1140x641.jpg 1140w, https:\/\/atecordoba.org\/wp-content\/uploads\/2024\/03\/IMG-20240324-WA0270.jpg 1600w\" sizes=\"auto, (max-width: 1024px) 100vw, 1024px\" \/><\/a><\/figure>\n\n\n\n<figure class=\"wp-block-image size-large\"><a href=\"https:\/\/atecordoba.org\/wp-content\/uploads\/2024\/03\/IMG-20240324-WA0271.jpg\" target=\"_blank\" rel=\"noopener\"><img loading=\"lazy\" decoding=\"async\" width=\"1024\" height=\"576\" data-id=\"42477\" src=\"https:\/\/atecordoba.org\/wp-content\/uploads\/2024\/03\/IMG-20240324-WA0271-1024x576.jpg\" alt=\"\" class=\"wp-image-42477\" srcset=\"https:\/\/atecordoba.org\/wp-content\/uploads\/2024\/03\/IMG-20240324-WA0271-1024x576.jpg 1024w, https:\/\/atecordoba.org\/wp-content\/uploads\/2024\/03\/IMG-20240324-WA0271-300x169.jpg 300w, https:\/\/atecordoba.org\/wp-content\/uploads\/2024\/03\/IMG-20240324-WA0271-768x432.jpg 768w, https:\/\/atecordoba.org\/wp-content\/uploads\/2024\/03\/IMG-20240324-WA0271-1536x864.jpg 1536w, https:\/\/atecordoba.org\/wp-content\/uploads\/2024\/03\/IMG-20240324-WA0271-750x422.jpg 750w, https:\/\/atecordoba.org\/wp-content\/uploads\/2024\/03\/IMG-20240324-WA0271-1140x641.jpg 1140w, https:\/\/atecordoba.org\/wp-content\/uploads\/2024\/03\/IMG-20240324-WA0271.jpg 1600w\" sizes=\"auto, (max-width: 1024px) 100vw, 1024px\" \/><\/a><\/figure>\n<\/figure>\n","protected":false},"excerpt":{"rendered":"<p>En el marco del 40 aniversario de la creaci\u00f3n del Programa Alimentario Integral C\u00f3rdoba (PAICOR) ATE particip\u00f3 el s\u00e1bado para del festejo que el Gobierno de la Provincia organiz\u00f3 en el predio del Complejo Feriar. En la oportunidad, estuvo encabezando la comitiva de nuestro gremio la secretaria General Adjunta del Consejo Directivo Provincial (CDP), Gabriela [&hellip;]<\/p>\n","protected":false},"author":7,"featured_media":42472,"comment_status":"open","ping_status":"open","sticky":false,"template":"","format":"standard","meta":{"_exactmetrics_skip_tracking":false,"_exactmetrics_sitenote_active":false,"_exactmetrics_sitenote_note":"","_exactmetrics_sitenote_category":0,"jnews-multi-image_gallery":[],"jnews_single_post":{"subtitle":"La secretaria General Adjunta de ATE C\u00f3rdoba, Gabriela Alcoba, dijo que es necesario reconocer \"40 a\u00f1os cubriendo las necesidades esenciales de las ni\u00f1as y ni\u00f1os de C\u00f3rdoba. Tenemos que se\u00f1alar la importancia que el Gobierno de C\u00f3rdoba nos invita como organizaci\u00f3n sindical a participar de este evento\".","format":"standard","video":"","gallery":"","source_name":"","source_url":"","via_name":"","via_url":"","override_template":"0","override":[{"template":"1","single_blog_custom":"","parallax":"1","fullscreen":"1","layout":"no-sidebar-narrow","sidebar":"default-sidebar","second_sidebar":"default-sidebar","sticky_sidebar":"1","share_position":"bottom","share_float_style":"share-monocrhome","show_share_counter":"1","show_view_counter":"1","show_featured":"0","show_post_meta":"1","show_post_author":"0","show_post_author_image":"1","show_post_date":"1","post_date_format":"default","post_date_format_custom":"Y\/m\/d","show_post_category":"1","show_post_reading_time":"0","post_reading_time_wpm":"300","show_zoom_button":"0","zoom_button_out_step":"2","zoom_button_in_step":"3","show_post_tag":"1","show_prev_next_post":"0","show_popup_post":"0","number_popup_post":"1","show_author_box":"0","show_post_related":"1","show_inline_post_related":"0"}],"override_image_size":"0","image_override":[{"single_post_thumbnail_size":"crop-500","single_post_gallery_size":"crop-500"}],"trending_post":"0","trending_post_position":"meta","trending_post_label":"Trending","sponsored_post":"0","sponsored_post_label":"Sponsored by","sponsored_post_name":"","sponsored_post_url":"","sponsored_post_logo_enable":"0","sponsored_post_logo":"","sponsored_post_desc":"","disable_ad":"0"},"jnews_primary_category":{"id":"","hide":""},"jnews_social_meta":{"fb_title":"","fb_description":"","fb_image":"","twitter_title":"","twitter_description":"","twitter_image":""},"jnews_review":[],"enable_review":"0","type":"percentage","name":"","summary":"","brand":"","sku":"","good":[{"good_text":""}],"bad":[{"bad_text":""}],"score_override":"","override_value":"","rating":[{"rating_text":"","rating_number":"10"}],"price":[{"shop":"","price":"","link":"","icon":""}],"jnews_override_counter":{"override_view_counter":"0","view_counter_number":"0","override_share_counter":"0","share_counter_number":"0","override_like_counter":"0","like_counter_number":"0","override_dislike_counter":"0","dislike_counter_number":"0"},"jnews_post_split":{"enable_post_split":"0","post_split":[{"template":"1","tag":"h2","numbering":"asc","mode":"normal","first":"0","enable_toc":"0","toc_type":"normal"}]},"footnotes":""},"categories":[8],"tags":[],"class_list":["post-42471","post","type-post","status-publish","format-standard","has-post-thumbnail","hentry","category-provinciales"],"jetpack_featured_media_url":"https:\/\/atecordoba.org\/wp-content\/uploads\/2024\/03\/IMG-20240324-WA0267-e1711381351184.jpg","_links":{"self":[{"href":"https:\/\/atecordoba.org\/index.php?rest_route=\/wp\/v2\/posts\/42471","targetHints":{"allow":["GET"]}}],"collection":[{"href":"https:\/\/atecordoba.org\/index.php?rest_route=\/wp\/v2\/posts"}],"about":[{"href":"https:\/\/atecordoba.org\/index.php?rest_route=\/wp\/v2\/types\/post"}],"author":[{"embeddable":true,"href":"https:\/\/atecordoba.org\/index.php?rest_route=\/wp\/v2\/users\/7"}],"replies":[{"embeddable":true,"href":"https:\/\/atecordoba.org\/index.php?rest_route=%2Fwp%2Fv2%2Fcomments&post=42471"}],"version-history":[{"count":1,"href":"https:\/\/atecordoba.org\/index.php?rest_route=\/wp\/v2\/posts\/42471\/revisions"}],"predecessor-version":[{"id":42479,"href":"https:\/\/atecordoba.org\/index.php?rest_route=\/wp\/v2\/posts\/42471\/revisions\/42479"}],"wp:featuredmedia":[{"embeddable":true,"href":"https:\/\/atecordoba.org\/index.php?rest_route=\/wp\/v2\/media\/42472"}],"wp:attachment":[{"href":"https:\/\/atecordoba.org\/index.php?rest_route=%2Fwp%2Fv2%2Fmedia&parent=42471"}],"wp:term":[{"taxonomy":"category","embeddable":true,"href":"https:\/\/atecordoba.org\/index.php?rest_route=%2Fwp%2Fv2%2Fcategories&post=42471"},{"taxonomy":"post_tag","embeddable":true,"href":"https:\/\/atecordoba.org\/index.php?rest_route=%2Fwp%2Fv2%2Ftags&post=42471"}],"curies":[{"name":"wp","href":"https:\/\/api.w.org\/{rel}","templated":true}]}}