{"id":4247,"date":"2014-06-11T18:58:03","date_gmt":"2014-06-11T21:58:03","guid":{"rendered":"http:\/\/www.atecordoba.org\/?p=4247"},"modified":"2014-06-11T18:58:03","modified_gmt":"2014-06-11T21:58:03","slug":"cordoba-lanzo-la-campana-nacional-pro-el-82-movil-para-todos-los-jubilados","status":"publish","type":"post","link":"https:\/\/atecordoba.org\/?p=4247","title":{"rendered":"C\u00f3rdoba lanz\u00f3 la campa\u00f1a nacional por el 82% m\u00f3vil para todos los jubilados"},"content":{"rendered":"<p><em>Con la presencia de dirigentes nacionales y del interior provincial, ATE y CTA inauguraron la colecta de adhesiones para el proyecto de ley que establece el hist\u00f3rico reclamo de los compa\u00f1eros jubilados de todo el pa\u00eds. Gran afluencia de cordobeses acompa\u00f1\u00f3 la iniciativa.<\/em><\/p>\n<p style=\"text-align: center;\"><a href=\"http:\/\/www.atecordoba.org\/wp-content\/uploads\/2014\/06\/mesa-jubilados-1.png\"><img loading=\"lazy\" decoding=\"async\" class=\"aligncenter  wp-image-4249\" alt=\"mesa jubilados 1\" src=\"http:\/\/www.atecordoba.org\/wp-content\/uploads\/2014\/06\/mesa-jubilados-1.png\" width=\"560\" height=\"315\" \/><\/a><\/p>\n<p style=\"text-align: left;\">La convocatoria cont\u00f3 con la presencia de la conducci\u00f3n de ATE C\u00f3rdoba, encabezada por la secretaria General Mar\u00eda Teresa Romero, los secretarios Generales de las seccionales Villa Mar\u00eda y R\u00edo Tercero, Walter Secondino y Cristian Colman, junto a los secretarios Generales de CTA de esas localidades, Jose Gorozo y H\u00e9ctor Cirio, m\u00e1s el secretario General de CTA C\u00f3rdoba Capital, Francisco Pavan. El centro de Jubilados de ATE provincial, estuvo representado por su presidenta Carmen Neder y Gomez. A nivel nacional, se cont\u00f3 con el apoyo del presidente del centro nacional de jubilados de ATE, Jos\u00e9 Perez, de las compa\u00f1eras Lidia Meza y Noelia Guzman, junto a la integrante del Consejo Directivo Nacional de ATE, Marta Galante.<\/p>\n<p style=\"text-align: center;\"><a href=\"http:\/\/www.atecordoba.org\/wp-content\/uploads\/2014\/06\/DSC_0027_2.jpg\"><img loading=\"lazy\" decoding=\"async\" class=\"aligncenter  wp-image-4250\" alt=\"DSC_0027_2\" src=\"http:\/\/www.atecordoba.org\/wp-content\/uploads\/2014\/06\/DSC_0027_2.jpg\" width=\"553\" height=\"311\" \/><\/a><\/p>\n<p style=\"text-align: left;\">Apenas instalada la mesa para la recepci\u00f3n de firmas, much\u00edsimos cordobeses se acercaron a apoyar la iniciativa. La muestras de solidaridad de los jovenes y el agradecimiento de los mayores \u00a0llenaron de fuerza a los compa\u00f1eros para volantear la iniciativa de que se funda en el proyecto de ley que nuestro diputado nacional, V\u00edctor de Gennaro, present\u00f3 en el Congreso recientemente, revalidando otor proyecto presentado en su oportunidad por la compa\u00f1era Graciela Iturraspe.<\/p>\n<p style=\"text-align: center;\"><a href=\"http:\/\/www.atecordoba.org\/wp-content\/uploads\/2014\/06\/DSC_0021.jpg\"><img loading=\"lazy\" decoding=\"async\" class=\"aligncenter  wp-image-4251\" alt=\"DSC_0021\" src=\"http:\/\/www.atecordoba.org\/wp-content\/uploads\/2014\/06\/DSC_0021.jpg\" width=\"553\" height=\"311\" \/><\/a><\/p>\n<p style=\"text-align: left;\">&#8220;Este disparador que es el mill\u00f3n de firmas, contempla un conjunto de necesidades del pueblo. Aqu\u00ed faltan mesas y sobran brazos para firmar. La gente entiende que el tema previsional es central porque los que hoy trabajan, ma\u00f1ana ser\u00e1n jubilados&#8221;, explic\u00f3 Jos\u00e9 Perez.<\/p>\n<p style=\"text-align: center;\"><a href=\"http:\/\/www.atecordoba.org\/wp-content\/uploads\/2014\/06\/mesa-jubilados-3.png\"><img loading=\"lazy\" decoding=\"async\" class=\"aligncenter  wp-image-4254\" alt=\"mesa jubilados 3\" src=\"http:\/\/www.atecordoba.org\/wp-content\/uploads\/2014\/06\/mesa-jubilados-3.png\" width=\"560\" height=\"315\" \/><\/a><\/p>\n<p style=\"text-align: left;\">&#8220;Esto que pasa hoy ac\u00e1 -coment\u00f3 el dirigente de los jubilados- sucede tambi\u00e9n en todo el pa\u00eds. En esta C\u00f3rdoba, que tiene el la memoria de Tosco, quiz\u00e1s la gente tenga m\u00e1s predisposici\u00f3n, pero nos sirve para tomar oxigeno y seguir esta campa\u00f1a nacional para lograr los avales necesarios para que se debata en el Congreso el proyecto de V\u00edctor De Gennaro. Estuvimos en Rosario, tambi\u00e9n con una rica historia y un compromiso activo, servir\u00e1 como multiplicador para conseguir el mill\u00f3n de firmas, que tiene imbuido el conjunto de las necesidades de la sociedad&#8221;.<\/p>\n<p style=\"text-align: center;\"><a href=\"http:\/\/www.atecordoba.org\/wp-content\/uploads\/2014\/06\/mesa-jubilados-2.png\"><img loading=\"lazy\" decoding=\"async\" class=\"aligncenter  wp-image-4253\" alt=\"mesa jubilados 2\" src=\"http:\/\/www.atecordoba.org\/wp-content\/uploads\/2014\/06\/mesa-jubilados-2.png\" width=\"560\" height=\"315\" \/><\/a><\/p>\n<p>Con 35 a\u00f1os de trabajo en la Direcci\u00f3n de Agua de la provincia de San Luis. Hoy cobra 3005 pesos de jubilaci\u00f3n. \u201cHay mucha bronca. Son cuatro millones de jubilados que cobran 2780 pesos. Este proyecto de ley previsional involucra a todos los sectores. Porque la creaci\u00f3n de un instituto gestionado por jubilados y trabajadores de todos los sectores, que s\u00f3lo est\u00e9 controlado por el gobierno pero no toque un peso, es la forma de garantizar haberes dignos para los jubilados&#8221;.<\/p>\n<p style=\"text-align: center;\"><a href=\"http:\/\/www.atecordoba.org\/wp-content\/uploads\/2014\/06\/mesa-jubilados-4.png\"><img loading=\"lazy\" decoding=\"async\" class=\"aligncenter  wp-image-4255\" alt=\"mesa jubilados 4\" src=\"http:\/\/www.atecordoba.org\/wp-content\/uploads\/2014\/06\/mesa-jubilados-4.png\" width=\"560\" height=\"315\" \/><\/a><\/p>\n<p>A su turno, Maria Teresa Romero se\u00f1al\u00f3 que &#8220;esto que hacemos espero que sirva para que quienes nos gobiernan y quienes nos quieren gobernar, entiendan que no podemos seguir con esta situaci\u00f3n de los jubilados. Cuando los jubilados llegan a una cierta edad necesitan atenci\u00f3n especial, comida espec\u00edfica, muchos remedios y ahora resulta que quienes contribuyeron con su trabajo y sus aportes a levantar el pa\u00eds no pueden llegar a fin de mes, ni vivir tranquilos. El aumento del 11% de este a\u00f1o es vergonzoso, menor al del a\u00f1o pasado con una inflaci\u00f3n mucho m\u00e1s alta&#8221;.<\/p>\n<p style=\"text-align: center;\"><a href=\"http:\/\/www.atecordoba.org\/wp-content\/uploads\/2014\/06\/mesa-jubilados-5.png\"><img loading=\"lazy\" decoding=\"async\" class=\"aligncenter  wp-image-4256\" alt=\"mesa jubilados 5\" src=\"http:\/\/www.atecordoba.org\/wp-content\/uploads\/2014\/06\/mesa-jubilados-5.png\" width=\"315\" height=\"560\" \/><\/a><\/p>\n<p>&#8220;Desde ATE y CTA, junto a muchos otros sectores, vamos a seguir dando la pelea -agreg\u00f3 al dirigente- porque es lo justo para los jubilados. El a\u00f1o pasado se cumplieron 20 a\u00f1os de la aprobaci\u00f3n de la ley de AFJP de Cavallo y vale recordar que en ese momento ATE sali\u00f3 a pelear para mantener el sistema solidario y lo logramos juntando en ese momento 1 mill\u00f3n de firmas. Sino hubi\u00e9semos quedado como otros pa\u00edses, solo con el sistema privado, y hoy no habr\u00edamos podido recuperar los fondos previsionales&#8221;.<\/p>\n<p style=\"text-align: center;\"><a href=\"http:\/\/www.atecordoba.org\/wp-content\/uploads\/2014\/06\/mesa-jubilados-6.png\"><img loading=\"lazy\" decoding=\"async\" class=\"aligncenter  wp-image-4257\" alt=\"mesa jubilados 6\" src=\"http:\/\/www.atecordoba.org\/wp-content\/uploads\/2014\/06\/mesa-jubilados-6.png\" width=\"560\" height=\"315\" \/><\/a><\/p>\n<p>Y afirm\u00f3 que &#8220;el error cometido con las AFPJ nadie fue responsable y ahora estamos en una situaci\u00f3n donde tambi\u00e9n tendremos que pedir responsabilidades como lo hicimos en su momento. Y que de una vez por todas hay asuma los errores que se cometen&#8221;.<\/p>\n<p style=\"text-align: center;\"><a href=\"http:\/\/www.atecordoba.org\/wp-content\/uploads\/2014\/06\/mesa-jubilados-7.png\"><img loading=\"lazy\" decoding=\"async\" class=\"aligncenter  wp-image-4258\" alt=\"mesa jubilados 7\" src=\"http:\/\/www.atecordoba.org\/wp-content\/uploads\/2014\/06\/mesa-jubilados-7.png\" width=\"560\" height=\"315\" \/><\/a><\/p>\n<p>Por su parte, \u00a0la compa\u00f1era\u00a0Marta Galante, profundiz\u00f3, detallando los aspectos sobresalientes del proyecto de ley. &#8220;Establece la movilidad de los haberes de los jubilados y sean proporcionales en el 82% con los salarios de los activos. De esta forma, cuando los activos reciban aumentos, estos se trasladen a los jubilados. Tambi\u00e9n se propone garantizar el m\u00ednimo, vital y m\u00f3vil. Hoy son 3800 pesos, pero los compa\u00f1eros jubilados cobran un m\u00ednimo 2700, muy por debajo de ese m\u00ednimo. Como novedad, el proyecto suma el Fondo de Garant\u00eda de Sustentabilidad, de forma que los fondos que ingresan s\u00f3lo sean utilizados para prestaciones previsionales, ya que hoy muchos distra\u00eddos se sirven de estas cajas para otros fines. Aparte, establece una garant\u00eda para todos los mayores de 65 a\u00f1os que no pudieron hacer aportes, por medio de este fondo, para que tengan el salario garantizado&#8221;.<\/p>\n<p style=\"text-align: center;\"><a href=\"http:\/\/www.atecordoba.org\/wp-content\/uploads\/2014\/06\/mesa-jubilados-8.png\"><img loading=\"lazy\" decoding=\"async\" class=\"aligncenter  wp-image-4259\" alt=\"mesa jubilados 8\" src=\"http:\/\/www.atecordoba.org\/wp-content\/uploads\/2014\/06\/mesa-jubilados-8.png\" width=\"560\" height=\"372\" \/><\/a><\/p>\n<p>La mesa logr\u00f3 juntar en tres horas cientos de firmas, con el compromiso de seguir insistiendo para convencer al congreso que este es un proyecto que debe ser tratado con urgencia. Los jubilados no pueden esperar y la justicia previsional es innegociable. Las planillas para juntar firmas se encuentran a disposici\u00f3n en las seccionales de ATE, en cada una de las organizaciones de la CTA y con los delegados de cada sector.<\/p>\n<p style=\"text-align: center;\"><a href=\"http:\/\/www.atecordoba.org\/wp-content\/uploads\/2014\/06\/mesa-jubilados-9.png\"><img loading=\"lazy\" decoding=\"async\" class=\"aligncenter  wp-image-4260\" alt=\"mesa jubilados 9\" src=\"http:\/\/www.atecordoba.org\/wp-content\/uploads\/2014\/06\/mesa-jubilados-9.png\" width=\"560\" height=\"372\" \/><\/a><\/p>\n<p>&nbsp;<\/p>\n","protected":false},"excerpt":{"rendered":"<p>Con la presencia de dirigentes nacionales y del interior provincial, ATE y CTA inauguraron la colecta de adhesiones para el proyecto de ley que establece el hist\u00f3rico reclamo de los compa\u00f1eros jubilados de todo el pa\u00eds. Gran afluencia de cordobeses acompa\u00f1\u00f3 la iniciativa. La convocatoria cont\u00f3 con la presencia de la conducci\u00f3n de ATE C\u00f3rdoba, [&hellip;]<\/p>\n","protected":false},"author":1,"featured_media":19220,"comment_status":"open","ping_status":"open","sticky":false,"template":"","format":"standard","meta":{"_exactmetrics_skip_tracking":false,"_exactmetrics_sitenote_active":false,"_exactmetrics_sitenote_note":"","_exactmetrics_sitenote_category":0,"jnews-multi-image_gallery":[],"jnews_single_post":[],"jnews_primary_category":[],"jnews_social_meta":[],"jnews_review":[],"enable_review":"","type":"","name":"","summary":"","brand":"","sku":"","good":[],"bad":[],"score_override":"","override_value":"","rating":[],"price":[],"jnews_override_counter":[],"jnews_post_split":[],"footnotes":""},"categories":[22,18],"tags":[23],"class_list":["post-4247","post","type-post","status-publish","format-standard","has-post-thumbnail","hentry","category-jubilados","category-nacionales","tag-jubilados-2"],"jetpack_featured_media_url":"https:\/\/atecordoba.org\/wp-content\/uploads\/2020\/05\/logo-nuevochico-e1561581322808.png","_links":{"self":[{"href":"https:\/\/atecordoba.org\/index.php?rest_route=\/wp\/v2\/posts\/4247","targetHints":{"allow":["GET"]}}],"collection":[{"href":"https:\/\/atecordoba.org\/index.php?rest_route=\/wp\/v2\/posts"}],"about":[{"href":"https:\/\/atecordoba.org\/index.php?rest_route=\/wp\/v2\/types\/post"}],"author":[{"embeddable":true,"href":"https:\/\/atecordoba.org\/index.php?rest_route=\/wp\/v2\/users\/1"}],"replies":[{"embeddable":true,"href":"https:\/\/atecordoba.org\/index.php?rest_route=%2Fwp%2Fv2%2Fcomments&post=4247"}],"version-history":[{"count":0,"href":"https:\/\/atecordoba.org\/index.php?rest_route=\/wp\/v2\/posts\/4247\/revisions"}],"wp:featuredmedia":[{"embeddable":true,"href":"https:\/\/atecordoba.org\/index.php?rest_route=\/wp\/v2\/media\/19220"}],"wp:attachment":[{"href":"https:\/\/atecordoba.org\/index.php?rest_route=%2Fwp%2Fv2%2Fmedia&parent=4247"}],"wp:term":[{"taxonomy":"category","embeddable":true,"href":"https:\/\/atecordoba.org\/index.php?rest_route=%2Fwp%2Fv2%2Fcategories&post=4247"},{"taxonomy":"post_tag","embeddable":true,"href":"https:\/\/atecordoba.org\/index.php?rest_route=%2Fwp%2Fv2%2Ftags&post=4247"}],"curies":[{"name":"wp","href":"https:\/\/api.w.org\/{rel}","templated":true}]}}