{"id":42458,"date":"2024-03-25T11:33:16","date_gmt":"2024-03-25T14:33:16","guid":{"rendered":"https:\/\/atecordoba.org\/?p=42458"},"modified":"2024-03-25T11:33:16","modified_gmt":"2024-03-25T14:33:16","slug":"congreso-nacional-de-la-cta-a-unidad-justicia-social-y-soberania-popular-por-una-patria-emancipada","status":"publish","type":"post","link":"https:\/\/atecordoba.org\/?p=42458","title":{"rendered":"Congreso Nacional de la CTA-A: \u201cUnidad, Justicia Social y Soberan\u00eda Popular por una Patria Emancipada\u201d"},"content":{"rendered":"<div class=\"wp-block-image\">\n<figure class=\"aligncenter size-large is-resized\"><img loading=\"lazy\" decoding=\"async\" src=\"https:\/\/atecordoba.org\/wp-content\/uploads\/2024\/03\/portada-1-1024x682.jpg\" alt=\"\" class=\"wp-image-42460\" width=\"768\" height=\"512\" srcset=\"https:\/\/atecordoba.org\/wp-content\/uploads\/2024\/03\/portada-1-1024x682.jpg 1024w, https:\/\/atecordoba.org\/wp-content\/uploads\/2024\/03\/portada-1-300x200.jpg 300w, https:\/\/atecordoba.org\/wp-content\/uploads\/2024\/03\/portada-1-768x512.jpg 768w, https:\/\/atecordoba.org\/wp-content\/uploads\/2024\/03\/portada-1-750x500.jpg 750w, https:\/\/atecordoba.org\/wp-content\/uploads\/2024\/03\/portada-1-1140x760.jpg 1140w, https:\/\/atecordoba.org\/wp-content\/uploads\/2024\/03\/portada-1.jpg 1280w\" sizes=\"auto, (max-width: 768px) 100vw, 768px\" \/><\/figure>\n<\/div>\n\n\n<p>Con la presencia de 373 congresales y bajo la consigna \u201cUnidad, Justicia Social y Soberan\u00eda Popular por una Patria Emancipada\u201d se realiz\u00f3 el s\u00e1bado en la ciudad de Avellaneda, Buenos Aires, el 3\u00b0 Congreso Ordinario y 6\u00b0 Extraordinario de la CTA Aut\u00f3noma.<\/p>\n\n\n\n<p>Particip\u00f3 de la m\u00e1xima instancia democr\u00e1tica de la Central el Secretario General de la CTA Aut\u00f3noma de la provincia de C\u00f3rdoba, Federico Giuliani, junto a la Secretaria Adjunta y dirigente de la Federaci\u00f3n Nacional Territorial (FeNaT-CTAA), Silvia Alcoba, y una delegaci\u00f3n de congresales de la Central mediterr\u00e1nea.<\/p>\n\n\n<div class=\"wp-block-image\">\n<figure class=\"alignright size-full\"><img loading=\"lazy\" decoding=\"async\" width=\"398\" height=\"534\" src=\"https:\/\/atecordoba.org\/wp-content\/uploads\/2024\/03\/Captura-de-pantalla-2024-03-25-102244.jpg\" alt=\"\" class=\"wp-image-42461\" srcset=\"https:\/\/atecordoba.org\/wp-content\/uploads\/2024\/03\/Captura-de-pantalla-2024-03-25-102244.jpg 398w, https:\/\/atecordoba.org\/wp-content\/uploads\/2024\/03\/Captura-de-pantalla-2024-03-25-102244-224x300.jpg 224w\" sizes=\"auto, (max-width: 398px) 100vw, 398px\" \/><\/figure>\n<\/div>\n\n\n<p>El Secretario General de ATE C\u00f3rdoba fue uno de los oradores en la intensa jornada y, a su t\u00e9rmino, apunt\u00f3: \u201cTrajimos nuestra tonada cordobesa al Congreso Nacional de CTA y propusimos la convocatoria a un Paro General Activo para terminar con Milei\u201d.<\/p>\n\n\n\n<p>El Congreso tambi\u00e9n cont\u00f3 con la presencia de 137 delegados fraternales y 37 delegados internacionales. Entre los dirigentes pol\u00edticos, sindicales y sociales estuvieron presentes el intendente de Avellaneda, Jorge Ferraresi, y el Ministro de Trabajo de la Provincia de Buenos Aires, Walter Correa. Tambi\u00e9n Hugo Yasky, Roberto Baradel y Pedro Wasiejko, de la CTA de los Trabajadores; Alejandro Gramajo, de la UTEP;\u00a0 Mar\u00eda Del Carmen Verd\u00fa, de la CORREPI;\u00a0 Abel Furlan, de la UOM; Eduardo Belliboni, del Polo Obrero; N\u00e9stor Pitrola, del Frente de Izquierda; y Silvia Saravia y Humberto Tumini, de Libres del Sur; entre otros.<\/p>\n\n\n\n<p>El Secretario General de la CTA Aut\u00f3noma, Hugo \u201cCachorro\u201d Godoy, abri\u00f3 el Congreso Nacional de la Central y agradeci\u00f3, ante la presencia de decenas de representantes de organizaciones internacionales, la solidaridad y el apoyo que brindaron desde diversos pa\u00edses durante el Paro Nacional convocado el pasado 24 de enero.<\/p>\n\n\n\n<p>En la previa de una nueva conmemoraci\u00f3n del D\u00eda de la Memoria por la Verdad y la Justicia, hizo hincapi\u00e9 en la importancia superlativa que tiene esta fecha en la presente coyuntura: \u201cEn estos momentos, las banderas de Memoria, Verdad y Justicia no solo refieren al pasado, a la construcci\u00f3n de justicia, a recordar a aquellos compa\u00f1eros y compa\u00f1eras que resistieron y dieron su vida frente a la dictadura genocida, sino tambi\u00e9n a una lucha actual por una democracia m\u00e1s plena\u201d.<\/p>\n\n\n\n<p>El Congreso Nacional de la CTA Aut\u00f3noma estuvo tambi\u00e9n atravesado por la emoci\u00f3n y el recuerdo. Durante el primer tramo de su discurso, \u201cCachorro\u201d record\u00f3 dos hechos \u201cque marcan el presente de la Central y el compromiso hacia adelante\u201d, ambos registrados un 16 de marzo. El primero de ellos, en el a\u00f1o 1974, con la victoria de los metal\u00fargicos en Villa Constituci\u00f3n con el dirigente Alberto Pichinini a la cabeza ante una multinacional dirigida por quien luego ser\u00eda ministro de Econom\u00eda durante la dictadura c\u00edvico-militar, Jos\u00e9 Alfredo Mart\u00ednez de Hoz. Para acompa\u00f1ar este recuerdo, Godoy ley\u00f3 la carta que el hist\u00f3rico dirigente de Luz y Fuerza de C\u00f3rdoba, Agust\u00edn Tosco, le envi\u00f3 poco tiempo despu\u00e9s al Comit\u00e9 de Lucha de la UOM para reconocer su lucha y recordar a quienes dieron su vida por la causa.<\/p>\n\n\n<div class=\"wp-block-image\">\n<figure class=\"alignleft size-full\"><img loading=\"lazy\" decoding=\"async\" width=\"300\" height=\"205\" src=\"https:\/\/atecordoba.org\/wp-content\/uploads\/2024\/03\/cuaterno-300x205-1.jpg\" alt=\"\" class=\"wp-image-42462\" \/><\/figure>\n<\/div>\n\n\n<p>El segundo de los momentos destacados por el titular de la CTA fue la denuncia realizada en 1998 por una delegaci\u00f3n de la Central en Espa\u00f1a ante el Juez Baltazar Garz\u00f3n, que permiti\u00f3 demostrar la responsabilidad empresarial&nbsp; en el genocidio durante la dictadura de 1976.<\/p>\n\n\n\n<p>Godoy tambi\u00e9n hizo lugar para rememorar la lucha de la CTA Aut\u00f3noma durante los dos \u00faltimos a\u00f1os, en el marco de la gesti\u00f3n de Alberto Fern\u00e1ndez: \u201cDurante aquellos a\u00f1os nos mantuvimos movilizados, cuestionando el acuerdo con el FMI que hoy nos sigue agobiando, ante un gobierno que convalid\u00f3 la estafa y bloque\u00f3 la posibilidad de utilizar la energ\u00eda de la movilizaci\u00f3n popular mientras la pobreza y el hambre se acrecentaban\u201d.<\/p>\n\n\n\n<p><strong>Giuliani<\/strong><\/p>\n\n\n\n<p>El secretario General de la CTA Provincia de C\u00f3rdoba y secretario General del Consejo Directivo Provincial de ATE, tomo la palabra para afirmar que &#8220;tenemos que darle un norte y un rumbo de lucha de los conflictos que hay. Es cierto que desde los sectorial y lo territorial hay centenares de peleas contra el gobierno de Milei que ajusta, pero tambi\u00e9n resistiendo la misma receta que aplican los gobernadores e intendentes de toda la Argentina&#8221;.<\/p>\n\n\n\n<p>&#8220;La CTAA debe ser la vertebradora de las causas para poder construir no solo un gran paro general sino tambi\u00e9n un plan de lucha, que vuelva a poner en agenda un programa de la clase obrera. Vengo de una provincia que supo parir un programa de los trabajadores en La Falda y en Huerta Grande, es decir que la resistencia no solo es luchar para que no nos quiten derechos sino tambi\u00e9n tener la capacidad de inventar algo nuevo. Seguro que vamos a errar, pero alguna vamos a acertar y esa tiene que ser la iniciativa que nos lleve a recuperar la pol\u00edtica&#8221;, alent\u00f3 el dirigente.<\/p>\n\n\n\n<figure class=\"wp-block-gallery has-nested-images columns-default is-cropped wp-block-gallery-1 is-layout-flex wp-block-gallery-is-layout-flex\">\n<figure class=\"wp-block-image size-large\"><img loading=\"lazy\" decoding=\"async\" width=\"454\" height=\"317\" data-id=\"42463\" src=\"https:\/\/atecordoba.org\/wp-content\/uploads\/2024\/03\/Captura-de-pantalla-2024-03-25-102405.jpg\" alt=\"\" class=\"wp-image-42463\" srcset=\"https:\/\/atecordoba.org\/wp-content\/uploads\/2024\/03\/Captura-de-pantalla-2024-03-25-102405.jpg 454w, https:\/\/atecordoba.org\/wp-content\/uploads\/2024\/03\/Captura-de-pantalla-2024-03-25-102405-300x209.jpg 300w\" sizes=\"auto, (max-width: 454px) 100vw, 454px\" \/><\/figure>\n\n\n\n<figure class=\"wp-block-image size-large\"><img loading=\"lazy\" decoding=\"async\" width=\"448\" height=\"335\" data-id=\"42464\" src=\"https:\/\/atecordoba.org\/wp-content\/uploads\/2024\/03\/Captura-de-pantalla-2024-03-25-102336.jpg\" alt=\"\" class=\"wp-image-42464\" srcset=\"https:\/\/atecordoba.org\/wp-content\/uploads\/2024\/03\/Captura-de-pantalla-2024-03-25-102336.jpg 448w, https:\/\/atecordoba.org\/wp-content\/uploads\/2024\/03\/Captura-de-pantalla-2024-03-25-102336-300x224.jpg 300w\" sizes=\"auto, (max-width: 448px) 100vw, 448px\" \/><\/figure>\n<\/figure>\n\n\n\n<p>Y se\u00f1al\u00f3 que &#8220;como clase trabajadora no podemos delegar m\u00e1s en la clase pol\u00edtica la posibilidad de construir un proyecto de patria distinta. Tenemos que ser las y los que echemos a Milei pero tambi\u00e9n quienes hagamos un humilde aporte a la construcci\u00f3n de un nuevo movimiento nacional, popular y de liberaci\u00f3n en la Argentina. Tenemos que dejar de lado las diferencias y los matices, porque vienen por todos y por todo, por las organizaciones libres del pueblo y contra posibilidad de que nuestra comunidad se organice pol\u00edticamente&#8221;.<\/p>\n\n\n<div class=\"wp-block-image\">\n<figure class=\"alignleft size-full\"><img loading=\"lazy\" decoding=\"async\" width=\"300\" height=\"224\" src=\"https:\/\/atecordoba.org\/wp-content\/uploads\/2024\/03\/433184829_1023767552445198_5057922803261902574_n-300x224-1.jpg\" alt=\"\" class=\"wp-image-42467\" \/><\/figure>\n<\/div>\n\n\n<p>Finalmente sostuvo que &#8220;no venimos a administrar la crisis a la que nos lleva el fascismo y la oligarqu\u00eda revanchista, nosotros venimos a construir la resistencia planificada que d\u00e9 vuelta la tortilla y cambie la realidad para nuestro pueblo. No somos una ONG, no somos la izquierda del sistema, no somos la pata sindical de ning\u00fan partido pol\u00edtico, somos una central clasista, combativa, antipatriarcal, antiimperialista, que va a cambiar la realidad de nuestra patria&#8221;. \u00a0<\/p>\n\n\n\n<p><strong>Documento<\/strong><\/p>\n\n\n\n<p>Al finalizar el Congreso Extraordinario, por unanimidad, las y los congresales presentes aprobaron el documento \u201cRebeld\u00eda y esperanza\u201d.<\/p>\n\n\n\n<p><em>\u201cAl nombre del compa\u00f1ero Alberto Piccinini, al que queremos y respetamos mucho,junto al Comit\u00e9 de Lucha y al Cuerpo General de Delegados, se asociaron losconceptos de firmeza y decisi\u00f3n para defender los derechos de los trabajadores, ypese a las contingencias de la lucha, con asesinatos de obreros, encarcelamiento desus principales dirigentes, intervenciones, etc., &nbsp;tuvo la clara determinaci\u00f3n de seguirsiempre adelante para conquistar una vida mejor para todos los sectores laboriosos dela poblaci\u00f3n. Ese es en definitiva el saldo extraordinario de toda esta lucha queevidentemente a\u00fan no ha terminado; que est\u00e1 prosiguiendo en todo el Pa\u00eds; que aqu\u00eden C\u00f3rdoba adquiere nuevamente contornos masivos y de combate a fondo\u201d.&nbsp;<\/em>Carta enviada por&nbsp;<strong>Agust\u00edn Tosco<\/strong>&nbsp;al Comit\u00e9 de lucha de la UOM de Villa Constituci\u00f3n.<\/p>\n\n\n\n<p>Al cumplirse 50 a\u00f1os de \u201cEl Villazo\u201d (16 de marzo de 1974), recordamos uno de los hitos de lucha m\u00e1s significativos de la historia del movimiento obrero en la Argentina, un ejemplo de unidad entre trabajadores metal\u00fargicos y el pueblo de Villa Constituci\u00f3n y de un triunfo extraordinario contra la multinacional Acindar conducida en ese momento por Mart\u00ednez de Hoz y contra la burocracia sindical.Alberto Piccinini, protagonista fundamental de aquella gesta, luego fue uno de los fundadores de la CTA.<\/p>\n\n\n<div class=\"wp-block-image\">\n<figure class=\"alignright size-full\"><img loading=\"lazy\" decoding=\"async\" width=\"300\" height=\"200\" src=\"https:\/\/atecordoba.org\/wp-content\/uploads\/2024\/03\/triqui-300x200-1.jpg\" alt=\"\" class=\"wp-image-42466\" \/><\/figure>\n<\/div>\n\n\n<p>Por otra parte, el 16 de marzo de 1998, una comitiva de la CTA se present\u00f3 ante la Audiencia Nacional de Madrid para dar testimonio ante el juez Baltasar Garz\u00f3n y denunciar la existencia de un plan concertado por los grandes grupos econ\u00f3micos y las Fuerzas Armadas, el 24 de marzo de 1976, para implementar el terrorismo de Estado y el genocidio en nuestro pa\u00eds con el objetivo de disciplinar socialmente a la clase trabajadora y obtener mayores ganancias y concentraci\u00f3n econ\u00f3mica.<\/p>\n\n\n\n<p>La causa por los cr\u00edmenes de lesa humanidad cometidos en Argentina, surgida a partir de la denuncia en los tribunales espa\u00f1oles del abogado argentino Carlos Slepoy, estuvo acompa\u00f1ada por la comitiva integrada por V\u00edctor De Gennaro, Marta Maffei, V\u00edctor Mendibil, Alberto Piccinini, Juan Carlos Caama\u00f1o y Alberto Morlachetti con el patrocinio letrado de los abogados Horacio Gonz\u00e1lez y Juan Carlos Capurro. Junto a nuestra querida Nora Corti\u00f1as, Madre de Plaza de Mayo, L\u00ednea Fundadora.<\/p>\n\n\n\n<p>La denuncia de la CTA permiti\u00f3 dar a conocer al mundo la documentaci\u00f3n m\u00e1s esclarecedora sobre el genocidio, la represi\u00f3n al movimiento obrero y la complicidad empresarial con la dictadura c\u00edvico militar.En un momento de la historia argentina donde \u2014a ra\u00edz del Indulto del presidente Carlos Menem y las leyes de Obediencia Debida y Punto final\u2014 ning\u00fan represor y genocida era juzgado en los tribunales argentinos. Esta denuncia marc\u00f3 un antes y un despu\u00e9s en la lucha por la Memoria, la Verdad y la Justicia.<\/p>\n\n\n\n<p><em>&nbsp;<\/em><strong>Destacamos estos dos grandes hitos de la historia argentina que ocurrieron en el mes de marzo por la relevancia que en ellos tuvo el movimiento de trabajadores. Hitos en los cuales nos reflejamos porque gu\u00edan la historia de nuestra CTA. La pelea contra los grupos econ\u00f3micos y los juicios de lesa humanidad van de la manode la libertad y democracia sindical y del protagonismo de la clase trabajadora.<\/strong><\/p>\n\n\n\n<p><strong>\u2014\u2014\u2014\u2014\u2014\u2014\u2014\u2014\u2013<\/strong><\/p>\n\n\n\n<p><strong>&nbsp;<\/strong>Hoy la Argentina atraviesa una nueva oleada neoliberal que trae consigo la profundizaci\u00f3n de la crisis econ\u00f3mica, social, pol\u00edtica y cultural que es devastadora para nuestro pueblo en estos 40 a\u00f1os de democracia ininterrumpida. El triunfo de Javier Milei reabri\u00f3 las compuertas para que los grupos econ\u00f3micos arrasen y saqueen todo lo que est\u00e1 a su alcance, amparados por un DNU escrito por ellos mismos con el aval de la Casa Rosada, implementando una reforma constitucional de facto, y en pos de una dolarizaci\u00f3n que destruyala soberan\u00eda de nuestra naci\u00f3n para definitivamente fragmentarla y disolverla.<\/p>\n\n\n<div class=\"wp-block-image\">\n<figure class=\"alignleft size-large is-resized\"><img loading=\"lazy\" decoding=\"async\" src=\"https:\/\/atecordoba.org\/wp-content\/uploads\/2024\/03\/IMG_20240323_180109_778-1-1024x683.jpg\" alt=\"\" class=\"wp-image-42468\" width=\"512\" height=\"342\" srcset=\"https:\/\/atecordoba.org\/wp-content\/uploads\/2024\/03\/IMG_20240323_180109_778-1-1024x683.jpg 1024w, https:\/\/atecordoba.org\/wp-content\/uploads\/2024\/03\/IMG_20240323_180109_778-1-300x200.jpg 300w, https:\/\/atecordoba.org\/wp-content\/uploads\/2024\/03\/IMG_20240323_180109_778-1-768x512.jpg 768w, https:\/\/atecordoba.org\/wp-content\/uploads\/2024\/03\/IMG_20240323_180109_778-1-750x500.jpg 750w, https:\/\/atecordoba.org\/wp-content\/uploads\/2024\/03\/IMG_20240323_180109_778-1-1140x761.jpg 1140w, https:\/\/atecordoba.org\/wp-content\/uploads\/2024\/03\/IMG_20240323_180109_778-1.jpg 1280w\" sizes=\"auto, (max-width: 512px) 100vw, 512px\" \/><\/figure>\n<\/div>\n\n\n<p>El gobierno del Frente de Todos fracas\u00f3 por su claudicaci\u00f3n ante estos grandes grupos econ\u00f3micos y ante el Fondo Monetario Internacional. El acuerdo en el Congreso de la Naci\u00f3n \u2014que aval\u00f3 la estafa del endeudamiento que Mauricio Macri y el organismo internacional hab\u00edan perpetrado contra el pueblo y la naci\u00f3n argentina\u2014permiti\u00f3 que los grupos m\u00e1s concentrados del capital regresaran en revancha con las mismas recetas de la dictadura genocida y de los a\u00f1os 90 para imponer m\u00e1s ajuste, m\u00e1s entrega y m\u00e1s saqueo. Este experimento\u201clibertario\u201d, esencialmente inhumano,es la expresi\u00f3n del sistema capitalista de descarte que ejerce la derecha neofascista de Milei.<\/p>\n\n\n\n<p>Los retrocesos en materia econ\u00f3mica y social desde la asunci\u00f3n del nuevo gobierno(hiperinflaci\u00f3n, recesi\u00f3n, reestructura del Estado, ajuste en las provincias, que se visualizan claramente en el documento que presentamos titulado<em>\u201c100 d\u00edas de experimento libertario, ajuste, entrega y saqueo. 100 d\u00edas de resistencia y el desaf\u00edo de construir una alternativa\u201d<\/em>)tuvieron como respuesta inmediata por parte de las centrales sindicales y los movimientos sociales el Paro Nacional del 24 de enero, y por parte del movimiento feminista popular una enorme demostraci\u00f3n de fuerza el 8 de marzo, en un proceso creciente y permanente de conflictividad sectorial.<\/p>\n\n\n\n<p>La Argentina concita hoy la mirada internacional como lo demostr\u00f3, por efectividad y magnitud, la huelga de enero. El gobierno de Milei es observado como un ensayo del laboratorio mundial. Peromientras que el poder financiero alienta este experimento destructivo, el movimiento obrero afloracomo baluarte de resistencia. La solidaridad al Paro fue in\u00e9dita: nunca antes se hab\u00edan recibido apoyos desde los cinco continentes y desde todas las federaciones globales.<\/p>\n\n\n\n<p>Por ello, como clase debemos disputar el relato del individualismo y la meritocracia en el que se fundamentan las pol\u00edticas del libre mercado. Para frenar al Gobierno y defender la soberan\u00eda nacional necesitamos organizaci\u00f3n y resistencia popular, los cimientos para construir una alternativa que supere esta crisis y avance en un proceso que no repita los errores del pasado.<\/p>\n\n\n\n<p><strong>\u2014\u2014\u2014\u2014\u2014\u2014\u2014\u2014\u2013<\/strong><\/p>\n\n\n\n<p>Comenzamos una nueva etapa en la historiadel pueblo argentino. En ella, y para no repetir situaciones desalentadoras como las que ocurrieronluego de enfrentar y derrotar electoralmente al gobierno de Mauricio Macri, es imperioso que los derechos de las trabajadoras y de los trabajadores est\u00e9n en primer orden.<\/p>\n\n\n\n<p>El gobierno del Frente de Todos, adem\u00e1s de pulverizar una esperanza superadora, agrav\u00f3 la calidad de vida de nuestro pueblo y gener\u00f3 un estado de descreimiento, de confusi\u00f3n y de p\u00e9rdida de rumbo que llev\u00f3 a que algunos sectores del campo popular terminaran votando a Milei, produciendo una agravamiento de la fragmentaci\u00f3n pol\u00edtica y orfandad del movimiento nacional y popular.<\/p>\n\n\n\n<p>Como central de trabajadoresno dudamos en advertir, cuestionar y rechazar el acuerdo de Macri con el FMI ni su validaci\u00f3n, ejecutada por el Gobierno de Alberto Fern\u00e1ndez. En esta Memoria que aprobamos en este Congreso se detallan cada una de las luchas sectoriales y nacionales, incluso el Paro Nacional del 16 de junio de 2023,contra las pol\u00edticas econ\u00f3micas del ministro Sergio Massa bajo la consigna \u201cla deuda no es con el FMI, sino con el pueblo\u201d.<\/p>\n\n\n\n<p>Hoy tenemos una Argentina caracterizada por la vigencia de un mundo laboral dominado por la flexibilizaci\u00f3n laboral, el debilitamiento del salario y,en consiguiente, por la pobreza y el hambre creciente. Esta situaci\u00f3nes el resultado de un proceso de reestructuraci\u00f3n que hace 48 a\u00f1osfue instaurado por la dictadura genocida como pol\u00edtica de descarte social, de destrucci\u00f3n de derechos y de identidades. El progresismo argentino en sus intervenciones gubernamentales en democracia fue incapaz de resolvery de comprender el impacto arrasador de este modelo en la sociedad.La falta de agudeza para acompa\u00f1ar a las nuevas generaciones y la ineptitud pararesolver sus problemaspermitieronla aparici\u00f3n de estos nuevos fen\u00f3menos pol\u00edticos neofascistas y de extrema derecha que capitalizaron esos descontentos, aprovechando las divisiones y vac\u00edos de liderazgos del campo popular.<\/p>\n\n\n\n<p>Es tiempo deanalizar nuevos horizontesy empujar a la rebeli\u00f3n,no s\u00f3lo para resistir a las derechas sino tambi\u00e9n a la hora de gobernar. La inconsecuencia del Gobierno de Alberto Fern\u00e1ndez sepult\u00f3 cualquier intento de distribuci\u00f3n de la riqueza y tapon\u00f3 un momento hist\u00f3rico para que la participaci\u00f3n popular creara nuevas instituciones que pudieran profundizar la democracia y salirdel fraude de una democracia restringida y un Estado vaciado por el neoliberalismo.<\/p>\n\n\n\n<p><strong>\u2014\u2014\u2014\u2014\u2014\u2014\u2014\u2014\u2013<\/strong><\/p>\n\n\n\n<p>En la Memoria que con mucho orgullo presentamos en este Congreso Nacional se detallan decenas de actividades, movilizaciones, luchas sectoriales, marcos de unidad del campo popular y posicionamientos internacionales; pero fundamentalmente se destaca la incorporaci\u00f3n de nuevos sindicatos y organizaciones, que amplifican el volumen de representaciones que tenemos en todo el territorio nacional,ycada una de las personer\u00edas e inscripciones gremiales que se fueron obteniendo en los \u00faltimos a\u00f1os. Esto expresa un crecimiento institucional que posiciona a la CTA como un actor protag\u00f3nico en la prosecuci\u00f3n de un nuevo modelo sindical basado en la libertad y democracia sindical, que crea permanentemente nuevos espacios de participaci\u00f3n y organizaci\u00f3n, especialmente de las trabajadoras y trabajadores precarizados que hoy representan el 55% de la poblaci\u00f3n econ\u00f3micamente activa. Organizaciones de la econom\u00eda social y popular, autogestionadas, cooperativas, empresas recuperadas y de la agricultura familiar, entre otras, son una pata fundamental del movimiento obrero actual. Necesitamos avanzarjuntos en la reconstrucci\u00f3n de un pa\u00eds que incluya a todos los sectores, principalmente a los m\u00e1s desprotegidos.<\/p>\n\n\n\n<p>Este progreso se debe a los lineamientos hist\u00f3ricos de nuestra Central, a la pol\u00edtica de lucha y representaci\u00f3n como expresi\u00f3n de un modelo sindical diferente, y a la b\u00fasqueda permanente de la unidad del campo popular que es el principal objetivo de la CTA. Sabemos que el cuestionamiento de sectores de nuestro pueblo hacia las organizaciones es amplio, incluso la crisis de representatividad nos incluye. Pero como nuestro sistema nervioso de clase es la lucha y la unidad, hoy \u201cLa CTA que crece\u201d es m\u00e1s una realidad que un consigna.<\/p>\n\n\n\n<p>Sin embargo, son tiempos donde todo se pone en discusi\u00f3n y nada alcanza. Para seguir fortaleciendo a\u00fan m\u00e1s a nuestra CTA y situarla en estado de asamblea, tenemos que profundizar el di\u00e1logo en los barrios, en los sindicatos, en las oficinas, en las f\u00e1bricas, en las cooperativas, en el campo; tenemos que ser parte y potenciar los reclamos y exigencias de nuestro pueblo. Con responsabilidad pero con v\u00e9rtigo. Escuchar y salir casa por casa, de ciudad en ciudad, a convencer con nuestras ideas y propuestas, con nuestro pensamiento e ideolog\u00eda. Tenemos que hacer un llamamiento a la unidad porque asumimos responsabilidades con proyectos colectivos. Amplificar la organizaci\u00f3n de multisectoriales como ya lo hicimos en 27 de diciembre pasado convocando al Paro Nacional deenero entre nuestra CTA, la CTA de los Trabajadores, la UTEP , el Movimiento Productivo 25 de Mayo de pymes y cooperativas y la Mesa Agroalimentaria Argentina de productores agrarios.Hay que ayudar en la olla de los comedores, acompa\u00f1ar a las trabajadoras y trabajadores despedidos, realizar tomas en los organismos y, como siempre dijimos: \u201cf\u00e1brica que se cierra, f\u00e1brica que se ocupa\u201d. Debemos imponernos como protagonistas de una estrategia pol\u00edtica de unidad del campo popular.Los que estamos ac\u00e1 tenemos que ser el ejemplo para ayudar, colaborar, acompa\u00f1ar y construir: tenemos que ser el motor para mejorarla vida de los m\u00e1s desprotegidos y crear nuevas institucionalidades de las organizaciones libres del pueblo en el camino hacia una sociedad igualitaria.<\/p>\n\n\n\n<p><strong>\u2014\u2014\u2014\u2014\u2014\u2014\u2014\u2014\u2013<\/strong><\/p>\n\n\n\n<p><strong>&nbsp;<\/strong>Hoy m\u00e1s que nunca es imprescindible la unidad de todos los sectores del campo popular para enfrentar y vencer esta pol\u00edtica degobierno que quiere fragmentar la Rep\u00fablica, destruir nuestra soberan\u00eda y dinamitar los escasos pilares de una democracia que apenas se sostiene y que tanto nos cost\u00f3 recuperar.<\/p>\n\n\n\n<p>Para que esa democracia, tan vapuleada y vaciada pueda ser transformadase requiere de un poder popular que revalide la construcci\u00f3n colectiva y comunitaria con la construcci\u00f3n de nuevas institucionalidades que vehiculicen el protagonismo y la soberan\u00eda popular.<\/p>\n\n\n\n<p>Es imprescindible que en este tiempo la unidad no sea s\u00f3lo por espanto, sino por conciencia de clase de los derechos que est\u00e1n siendo arrasados. Y con conocimiento plenode las demandas que deben canalizarseen un gobierno que privilegie los intereses de la clase trabajadora y del pueblo: la soberan\u00eda, la integridad como naci\u00f3n y la construcci\u00f3n de la Patria Grande, de una Am\u00e9rica Plurinacional.<\/p>\n\n\n\n<p>S\u00f3lo el crecimiento de la participaci\u00f3n y la movilizaci\u00f3n popular abrir\u00e1 el campo de imaginaci\u00f3n a las transformaciones institucionales y culturales para encontrar una salida a esta crisis.<\/p>\n\n\n\n<p>Estamos seguros de que la rebeli\u00f3n popular sepultar\u00e1 este gobierno desp\u00f3tico y neofacista y abrir\u00e1 el camino a una democracia popular y participativa.<\/p>\n\n\n\n<p><strong>\u2014\u2014\u2014\u2014\u2014\u2014\u2014\u2014\u2013<\/strong><\/p>\n\n\n\n<p>Las elecciones de 2023 graficaron brutalmente la crisis de representatividad de las instituciones vigentes y, al mismo tiempo, la dispersi\u00f3n y el vac\u00edo de liderazgos del campo popular producto del deterioro de las condiciones de vida de la sociedad. Estos comicios abrieron un escenario peligroso, que a la vez representa una oportunidad deintervenir en el debate y construir poder popularcon inteligencia y creatividad.<\/p>\n\n\n\n<p>Al mismo tiempo, las transformaciones en el mundo de las relaciones laborales nos obliga a profundizar los debates con organizaciones hermanas de otras centrales sindicales y movimientos sociales. Este debate debe llevarnos a construir un programa de organizaci\u00f3n y acci\u00f3n como el que planteamos en&nbsp;<em>\u201cAportes y propuestas de la CTA Aut\u00f3noma para enfrentar la crisis\u201d<\/em>, que permita la unidad de clase y el poder transformador necesario para hacerlo viable.<\/p>\n\n\n\n<p>Somos una organizaci\u00f3n de clase pero tambi\u00e9n multisectorial, colectiva y asamblearia. Esa es nuestra \u00fanica manera de construir un nuevo actor social capaz de nutrirse de una ra\u00edz antiimperialista y emancipadora para la edificaci\u00f3n de una democracia transformadora.<\/p>\n\n\n\n<p>La construcci\u00f3n de un nuevo Paro Nacional para el mes de abril es la profundizaci\u00f3n del plan de lucha para quebrar la posibilidad de que este gobierno siga gobernando por decreto, para forzar a que el Congreso de la Naci\u00f3n ponga freno a este disparate dictatorial y para que lasalida de esta crisis nazca de unpueblo movilizado y protagonista.<\/p>\n\n\n\n<p>Si el Presidente convoca a la rebeli\u00f3n de los ricos pidiendo que no se paguen impuestos, nosotros tenemos que convocar a la rebeli\u00f3n de los pobrespara poner en el centro de las prioridades a la soberan\u00eda popular, la justicia social y los derechos que tenemos como clase trabajadora.<\/p>\n\n\n\n<p>Estamos siendo actorescentrales de un plan de lucha que debemos profundizar d\u00e1ndole continuidad al Paro Nacional del 24 de enero, a la inmensa movilizaci\u00f3n del 8M en el D\u00eda de la Mujer Trabajadora y a la contundente marcha que seguramente protagonicemos ma\u00f1ana 24 de marzo por m\u00e1s Memoria, Verdad y Justicia contra este gobierno negacionista que reivindica la dictadura c\u00edvico-militar.<\/p>\n\n\n\n<p>Abril ser\u00e1 el tiempo de un nuevo Paro Nacional y de una Marcha Federal para derogar el DNU,y tambi\u00e9n el inicio de la construcci\u00f3n de la contracara al pacto de resignaci\u00f3n y rendici\u00f3n que intenta imponer Milei: un Pacto de Unidad Popular para una patria emancipada, donde la justicia social y la soberan\u00eda nacional sean los rectores de una democracia plena.<\/p>\n\n\n\n<p><strong>\u201cCuando la Patria est\u00e1 en peligro,&nbsp;<\/strong><strong>todo est\u00e1 permitido,excepto no defenderla\u201d.<\/strong><\/p>\n\n\n\n<p><strong>LA PATRIA NO SE VENDE<\/strong><\/p>\n","protected":false},"excerpt":{"rendered":"<p>Con la presencia de 373 congresales y bajo la consigna \u201cUnidad, Justicia Social y Soberan\u00eda Popular por una Patria Emancipada\u201d se realiz\u00f3 el s\u00e1bado en la ciudad de Avellaneda, Buenos Aires, el 3\u00b0 Congreso Ordinario y 6\u00b0 Extraordinario de la CTA Aut\u00f3noma. Particip\u00f3 de la m\u00e1xima instancia democr\u00e1tica de la Central el Secretario General de [&hellip;]<\/p>\n","protected":false},"author":7,"featured_media":42469,"comment_status":"open","ping_status":"open","sticky":false,"template":"","format":"standard","meta":{"_exactmetrics_skip_tracking":false,"_exactmetrics_sitenote_active":false,"_exactmetrics_sitenote_note":"","_exactmetrics_sitenote_category":0,"jnews-multi-image_gallery":[],"jnews_single_post":{"subtitle":"El secretario General de la CTA Provincia de C\u00f3rdoba y secretario General del Consejo Directivo Provincial de ATE, La CTAA debe ser la vertebradora de las causas para poder construir no solo un gran paro general sino tambi\u00e9n un plan de lucha, que vuelva a poner en agenda un programa de la clase obrera. Vengo de una provincia que supo parir un programa de los trabajadores en La Falda y en Huerta Grande, es decir que la resistencia no solo es luchar para que no nos quiten derechos sino tambi\u00e9n tener la capacidad de inventar algo nuevo. Seguro que vamos a errar, pero alguna vamos a acertar y esa tiene que ser la iniciativa que nos lleve a recuperar la pol\u00edtica\".","format":"standard","video":"","gallery":"","source_name":"","source_url":"","via_name":"","via_url":"","override_template":"0","override":[{"template":"1","single_blog_custom":"","parallax":"1","fullscreen":"1","layout":"no-sidebar-narrow","sidebar":"default-sidebar","second_sidebar":"default-sidebar","sticky_sidebar":"1","share_position":"bottom","share_float_style":"share-monocrhome","show_share_counter":"1","show_view_counter":"1","show_featured":"0","show_post_meta":"1","show_post_author":"0","show_post_author_image":"1","show_post_date":"1","post_date_format":"default","post_date_format_custom":"Y\/m\/d","show_post_category":"1","show_post_reading_time":"0","post_reading_time_wpm":"300","show_zoom_button":"0","zoom_button_out_step":"2","zoom_button_in_step":"3","show_post_tag":"1","show_prev_next_post":"0","show_popup_post":"0","number_popup_post":"1","show_author_box":"0","show_post_related":"1","show_inline_post_related":"0"}],"override_image_size":"0","image_override":[{"single_post_thumbnail_size":"crop-500","single_post_gallery_size":"crop-500"}],"trending_post":"0","trending_post_position":"meta","trending_post_label":"Trending","sponsored_post":"0","sponsored_post_label":"Sponsored by","sponsored_post_name":"","sponsored_post_url":"","sponsored_post_logo_enable":"0","sponsored_post_logo":"","sponsored_post_desc":"","disable_ad":"0"},"jnews_primary_category":{"id":"","hide":""},"jnews_social_meta":{"fb_title":"","fb_description":"","fb_image":"","twitter_title":"","twitter_description":"","twitter_image":""},"jnews_review":[],"enable_review":"0","type":"percentage","name":"","summary":"","brand":"","sku":"","good":[{"good_text":""}],"bad":[{"bad_text":""}],"score_override":"","override_value":"","rating":[{"rating_text":"","rating_number":"10"}],"price":[{"shop":"","price":"","link":"","icon":""}],"jnews_override_counter":{"override_view_counter":"0","view_counter_number":"0","override_share_counter":"0","share_counter_number":"0","override_like_counter":"0","like_counter_number":"0","override_dislike_counter":"0","dislike_counter_number":"0"},"jnews_post_split":{"enable_post_split":"0","post_split":[{"template":"1","tag":"h2","numbering":"asc","mode":"normal","first":"0","enable_toc":"0","toc_type":"normal"}]},"footnotes":""},"categories":[92],"tags":[],"class_list":["post-42458","post","type-post","status-publish","format-standard","has-post-thumbnail","hentry","category-cta"],"jetpack_featured_media_url":"https:\/\/atecordoba.org\/wp-content\/uploads\/2024\/03\/portada.jpg","_links":{"self":[{"href":"https:\/\/atecordoba.org\/index.php?rest_route=\/wp\/v2\/posts\/42458","targetHints":{"allow":["GET"]}}],"collection":[{"href":"https:\/\/atecordoba.org\/index.php?rest_route=\/wp\/v2\/posts"}],"about":[{"href":"https:\/\/atecordoba.org\/index.php?rest_route=\/wp\/v2\/types\/post"}],"author":[{"embeddable":true,"href":"https:\/\/atecordoba.org\/index.php?rest_route=\/wp\/v2\/users\/7"}],"replies":[{"embeddable":true,"href":"https:\/\/atecordoba.org\/index.php?rest_route=%2Fwp%2Fv2%2Fcomments&post=42458"}],"version-history":[{"count":1,"href":"https:\/\/atecordoba.org\/index.php?rest_route=\/wp\/v2\/posts\/42458\/revisions"}],"predecessor-version":[{"id":42470,"href":"https:\/\/atecordoba.org\/index.php?rest_route=\/wp\/v2\/posts\/42458\/revisions\/42470"}],"wp:featuredmedia":[{"embeddable":true,"href":"https:\/\/atecordoba.org\/index.php?rest_route=\/wp\/v2\/media\/42469"}],"wp:attachment":[{"href":"https:\/\/atecordoba.org\/index.php?rest_route=%2Fwp%2Fv2%2Fmedia&parent=42458"}],"wp:term":[{"taxonomy":"category","embeddable":true,"href":"https:\/\/atecordoba.org\/index.php?rest_route=%2Fwp%2Fv2%2Fcategories&post=42458"},{"taxonomy":"post_tag","embeddable":true,"href":"https:\/\/atecordoba.org\/index.php?rest_route=%2Fwp%2Fv2%2Ftags&post=42458"}],"curies":[{"name":"wp","href":"https:\/\/api.w.org\/{rel}","templated":true}]}}