{"id":42449,"date":"2024-03-25T10:20:23","date_gmt":"2024-03-25T13:20:23","guid":{"rendered":"https:\/\/atecordoba.org\/?p=42449"},"modified":"2024-03-25T10:20:24","modified_gmt":"2024-03-25T13:20:24","slug":"ante-los-anuncios-de-despidos-ate-realizara-manana-una-jornada-nacional-de-protesta","status":"publish","type":"post","link":"https:\/\/atecordoba.org\/?p=42449","title":{"rendered":"Ante los anuncios de despidos, ATE realizar\u00e1 ma\u00f1ana una Jornada Nacional de Protesta"},"content":{"rendered":"<div class=\"wp-block-image\">\n<figure class=\"aligncenter size-large is-resized\"><img loading=\"lazy\" decoding=\"async\" src=\"https:\/\/atecordoba.org\/wp-content\/uploads\/2024\/03\/WhatsApp-Image-2024-03-21-at-3.46.11-PM-1024x683.webp\" alt=\"\" class=\"wp-image-42454\" width=\"768\" height=\"512\" \/><\/figure>\n<\/div>\n\n\n<p>Luego de una extensa reuni\u00f3n realizada el jueves pasado, el Consejo Directivo Nacional, la Asociaci\u00f3n Trabajadores del Estado (ATE) resolvi\u00f3 realizar una jornada nacional de protesta ma\u00f1ana martes 26 de marzo, ante la amenaza de nuevos cierres de organismos y el intento de despidos de miles de trabajadores en la Administraci\u00f3n P\u00fablica. \u201cSi Milei quiere conflicto, conflicto tendr\u00e1\u201d, indic\u00f3 Rodolfo Aguiar, Secretario General del sindicato.<\/p>\n\n\n<div class=\"wp-block-image\">\n<figure class=\"alignleft size-full\"><img loading=\"lazy\" decoding=\"async\" width=\"453\" height=\"300\" src=\"https:\/\/atecordoba.org\/wp-content\/uploads\/2024\/03\/fede-cond-naiconal.jpg\" alt=\"\" class=\"wp-image-42455\" srcset=\"https:\/\/atecordoba.org\/wp-content\/uploads\/2024\/03\/fede-cond-naiconal.jpg 453w, https:\/\/atecordoba.org\/wp-content\/uploads\/2024\/03\/fede-cond-naiconal-300x199.jpg 300w\" sizes=\"auto, (max-width: 453px) 100vw, 453px\" \/><\/figure>\n<\/div>\n\n\n<p>&#8220;El Gobierno intenta destrozar el Estado y tenemos que resistir. No podemos permitir que se desestructure el Estado. Tenemos que defender la presencia del Estado en todo el territorio nacional\u201d, manifest\u00f3 el Secretario General de ATE.<\/p>\n\n\n\n<p>En la oportunidad, particip\u00f3 el secretario General de ATE C\u00f3rdoba, Federico Giuliani, que dio protagonismo al Consejo Directivo Provincial sosteniendo la necesidad de impulsar un sindicato combativo para frenar al gobierno neofascista de Milei. <\/p>\n\n\n\n<p>La Jornada Nacional de Lucha comenzar\u00e1 con asambleas y ruidazos en todos los ministerios y organismos para luego retirarse al mediod\u00eda y concentrar en el ex Ministerio de Agricultura, Ganader\u00eda y Pesca, donde se encuentra el Instituto de Agricultura Familiar, de inminente el peligro de cierre.<\/p>\n\n\n\n<p>Son m\u00e1s de 70 mil los v\u00ednculos laborales que corren peligro de finalizaci\u00f3n a partir del 31 de marzo. Seg\u00fan trascendi\u00f3 desde el Poder Ejecutivo, se busca una reducci\u00f3n de entre el 20 y 30 por ciento de la planta transitoria del Estado, por lo que los despidos podr\u00edan ser entre 14 mil y 21 mil a fin de mes. Adem\u00e1s, seg\u00fan el \u201cmanual de despidos\u201d que circul\u00f3 en las \u00faltimas horas, el Gobierno comenzar\u00eda las comunicaciones para informar los despidos el 26.\u00a0<\/p>\n\n\n<div class=\"wp-block-image\">\n<figure class=\"alignright size-full is-resized\"><img loading=\"lazy\" decoding=\"async\" src=\"https:\/\/atecordoba.org\/wp-content\/uploads\/2024\/03\/WhatsApp-Image-2024-03-21-at-3.46.10-PM-2-1.webp\" alt=\"\" class=\"wp-image-42453\" width=\"438\" height=\"292\" srcset=\"https:\/\/atecordoba.org\/wp-content\/uploads\/2024\/03\/WhatsApp-Image-2024-03-21-at-3.46.10-PM-2-1.webp 768w, https:\/\/atecordoba.org\/wp-content\/uploads\/2024\/03\/WhatsApp-Image-2024-03-21-at-3.46.10-PM-2-1-300x200.webp 300w, https:\/\/atecordoba.org\/wp-content\/uploads\/2024\/03\/WhatsApp-Image-2024-03-21-at-3.46.10-PM-2-1-750x500.webp 750w\" sizes=\"auto, (max-width: 438px) 100vw, 438px\" \/><\/figure>\n<\/div>\n\n\n<p>En esta l\u00ednea, el dirigente agreg\u00f3 que \u201chasta ahora, todas las medidas del Gobierno est\u00e1n orientadas a erradicar derechos, destruir puestos de empleo y demoler los ingresos de los trabajadores, jubilados y sectores populares\u201d y apunt\u00f3 que \u201clas centrales obreras deben acelerar los pasos hacia una nueva huelga general. Debemos evitar que el 25 de mayo se firme el pacto de la entrega de nuestro pa\u00eds y eso s\u00f3lo lo vamos a lograr estando en la calle\u201d.<\/p>\n\n\n\n<p>\u201cNo estamos defendiendo privilegios -sentenci\u00f3 el rionegrino-, defendemos pol\u00edticas p\u00fablicas. Queremos un Estado al servicio del pueblo y rechazamos cualquier posibilidad de que el Estado represente o sea garante de los intereses de las grandes corporaciones empresarias como pretende Milei\u201d.<\/p>\n\n\n\n<p>La reuni\u00f3n se realiz\u00f3 en el Hotel 27 de Junio de ATE, ubicado en Defensa 1469 (CABA) y cont\u00f3 con la participaci\u00f3n de las conducciones de las 23 provincias y de la Ciudad Aut\u00f3noma de Buenos Aires. All\u00ed tambi\u00e9n se decidi\u00f3 demandar a las tres centrales sindicales (la CGT y las dos CTA) que se avance en una nueva huelga general en los primeros d\u00edas de abril, moci\u00f3n que presentar\u00e1n este s\u00e1bado en el Congreso de la CTA Aut\u00f3noma (central que integra ATE), el cual se realizar\u00e1 en Avellaneda.<\/p>\n\n\n<div class=\"wp-block-image\">\n<figure class=\"alignleft size-full\"><img loading=\"lazy\" decoding=\"async\" width=\"471\" height=\"373\" src=\"https:\/\/atecordoba.org\/wp-content\/uploads\/2024\/03\/fede.jpg\" alt=\"\" class=\"wp-image-42456\" srcset=\"https:\/\/atecordoba.org\/wp-content\/uploads\/2024\/03\/fede.jpg 471w, https:\/\/atecordoba.org\/wp-content\/uploads\/2024\/03\/fede-300x238.jpg 300w\" sizes=\"auto, (max-width: 471px) 100vw, 471px\" \/><\/figure>\n<\/div>\n\n\n<p><strong>Ni un despido<\/strong><\/p>\n\n\n\n<p>Durante la reuni\u00f3n, se defini\u00f3 que no se aceptar\u00e1 ni un s\u00f3lo despido y que se profundizar\u00e1 el plan de lucha si el Gobierno no desiste en su pol\u00edtica de destrucci\u00f3n del Estado. En este sentido, los principales ejes de los reclamos son:&nbsp;<\/p>\n\n\n\n<p>\u2013 Aumento salarial por encima de la inflaci\u00f3n.&nbsp;<\/p>\n\n\n\n<p>\u2013 Reincorporaci\u00f3n de despedidos sin causa.&nbsp;<\/p>\n\n\n\n<p>\u2013 Renovaci\u00f3n autom\u00e1tica de los 70 mil v\u00ednculos laborales que vencen el 31 de marzo.<\/p>\n\n\n\n<p>\u2013 Pase a planta permanente de todos los trabajadores precarizados.&nbsp;<\/p>\n\n\n\n<p>\u2013 Rechazo al cierre de todos los organismos p\u00fablicos y a la privatizaci\u00f3n de empresas estatales.<\/p>\n\n\n\n<p>\u2013 Defensa al Fondo de Garant\u00eda de Sustentabilidad (FGS).&nbsp;<\/p>\n\n\n\n<p>\u2013 Aumento de emergencia para jubilados y pensionados.&nbsp;<\/p>\n\n\n\n<p>\u2013 Rechazo a cualquier intento de privatizaci\u00f3n.<\/p>\n","protected":false},"excerpt":{"rendered":"<p>Luego de una extensa reuni\u00f3n realizada el jueves pasado, el Consejo Directivo Nacional, la Asociaci\u00f3n Trabajadores del Estado (ATE) resolvi\u00f3 realizar una jornada nacional de protesta ma\u00f1ana martes 26 de marzo, ante la amenaza de nuevos cierres de organismos y el intento de despidos de miles de trabajadores en la Administraci\u00f3n P\u00fablica. \u201cSi Milei quiere [&hellip;]<\/p>\n","protected":false},"author":7,"featured_media":42454,"comment_status":"open","ping_status":"open","sticky":false,"template":"","format":"standard","meta":{"_exactmetrics_skip_tracking":false,"_exactmetrics_sitenote_active":false,"_exactmetrics_sitenote_note":"","_exactmetrics_sitenote_category":0,"jnews-multi-image_gallery":[],"jnews_single_post":{"subtitle":"\u201cLos despidos son inminentes. Si no reaccionamos y profundizamos nuestro plan de lucha, en las pr\u00f3ximas horas estaremos frente a un escenario de cesant\u00edas masivas.\u201d, se\u00f1al\u00f3 el secretario General de ATE Nacional, Rodolfo Aguiar. La movilizaci\u00f3n ser\u00e1 al mediod\u00eda frente al Instituto de Agricultura Familiar ante el peligro de cierre.","format":"standard","video":"","gallery":"","source_name":"","source_url":"","via_name":"","via_url":"","override_template":"0","override":[{"template":"1","single_blog_custom":"","parallax":"1","fullscreen":"1","layout":"no-sidebar-narrow","sidebar":"default-sidebar","second_sidebar":"default-sidebar","sticky_sidebar":"1","share_position":"bottom","share_float_style":"share-monocrhome","show_share_counter":"1","show_view_counter":"1","show_featured":"0","show_post_meta":"1","show_post_author":"0","show_post_author_image":"1","show_post_date":"1","post_date_format":"default","post_date_format_custom":"Y\/m\/d","show_post_category":"1","show_post_reading_time":"0","post_reading_time_wpm":"300","show_zoom_button":"0","zoom_button_out_step":"2","zoom_button_in_step":"3","show_post_tag":"1","show_prev_next_post":"0","show_popup_post":"0","number_popup_post":"1","show_author_box":"0","show_post_related":"1","show_inline_post_related":"0"}],"override_image_size":"0","image_override":[{"single_post_thumbnail_size":"crop-500","single_post_gallery_size":"crop-500"}],"trending_post":"0","trending_post_position":"meta","trending_post_label":"Trending","sponsored_post":"0","sponsored_post_label":"Sponsored by","sponsored_post_name":"","sponsored_post_url":"","sponsored_post_logo_enable":"0","sponsored_post_logo":"","sponsored_post_desc":"","disable_ad":"0"},"jnews_primary_category":{"id":"","hide":""},"jnews_social_meta":{"fb_title":"","fb_description":"","fb_image":"","twitter_title":"","twitter_description":"","twitter_image":""},"jnews_review":[],"enable_review":"0","type":"percentage","name":"","summary":"","brand":"","sku":"","good":[{"good_text":""}],"bad":[{"bad_text":""}],"score_override":"","override_value":"","rating":[{"rating_text":"","rating_number":"10"}],"price":[{"shop":"","price":"","link":"","icon":""}],"jnews_override_counter":{"override_view_counter":"0","view_counter_number":"0","override_share_counter":"0","share_counter_number":"0","override_like_counter":"0","like_counter_number":"0","override_dislike_counter":"0","dislike_counter_number":"0"},"jnews_post_split":{"enable_post_split":"0","post_split":[{"template":"1","tag":"h2","numbering":"asc","mode":"normal","first":"0","enable_toc":"0","toc_type":"normal"}]},"footnotes":""},"categories":[756],"tags":[],"class_list":["post-42449","post","type-post","status-publish","format-standard","has-post-thumbnail","hentry","category-consejo-directivo-nacional-cdn"],"jetpack_featured_media_url":"https:\/\/atecordoba.org\/wp-content\/uploads\/2024\/03\/WhatsApp-Image-2024-03-21-at-3.46.11-PM-e1711372450229.webp","_links":{"self":[{"href":"https:\/\/atecordoba.org\/index.php?rest_route=\/wp\/v2\/posts\/42449","targetHints":{"allow":["GET"]}}],"collection":[{"href":"https:\/\/atecordoba.org\/index.php?rest_route=\/wp\/v2\/posts"}],"about":[{"href":"https:\/\/atecordoba.org\/index.php?rest_route=\/wp\/v2\/types\/post"}],"author":[{"embeddable":true,"href":"https:\/\/atecordoba.org\/index.php?rest_route=\/wp\/v2\/users\/7"}],"replies":[{"embeddable":true,"href":"https:\/\/atecordoba.org\/index.php?rest_route=%2Fwp%2Fv2%2Fcomments&post=42449"}],"version-history":[{"count":1,"href":"https:\/\/atecordoba.org\/index.php?rest_route=\/wp\/v2\/posts\/42449\/revisions"}],"predecessor-version":[{"id":42457,"href":"https:\/\/atecordoba.org\/index.php?rest_route=\/wp\/v2\/posts\/42449\/revisions\/42457"}],"wp:featuredmedia":[{"embeddable":true,"href":"https:\/\/atecordoba.org\/index.php?rest_route=\/wp\/v2\/media\/42454"}],"wp:attachment":[{"href":"https:\/\/atecordoba.org\/index.php?rest_route=%2Fwp%2Fv2%2Fmedia&parent=42449"}],"wp:term":[{"taxonomy":"category","embeddable":true,"href":"https:\/\/atecordoba.org\/index.php?rest_route=%2Fwp%2Fv2%2Fcategories&post=42449"},{"taxonomy":"post_tag","embeddable":true,"href":"https:\/\/atecordoba.org\/index.php?rest_route=%2Fwp%2Fv2%2Ftags&post=42449"}],"curies":[{"name":"wp","href":"https:\/\/api.w.org\/{rel}","templated":true}]}}