{"id":4242,"date":"2014-06-10T18:50:20","date_gmt":"2014-06-10T21:50:20","guid":{"rendered":"http:\/\/www.atecordoba.org\/?p=4242"},"modified":"2014-06-10T18:50:20","modified_gmt":"2014-06-10T21:50:20","slug":"manana-se-lanza-en-cordoba-la-campana-para-recolectar-1-millon-de-firmas-por-el-82-movil","status":"publish","type":"post","link":"https:\/\/atecordoba.org\/?p=4242","title":{"rendered":"Ma\u00f1ana se lanza en C\u00f3rdoba la campa\u00f1a para recolectar 1 mill\u00f3n de firmas por el 82% m\u00f3vil"},"content":{"rendered":"<p style=\"text-align: left;\" align=\"center\"><em>A las 12 horas estar\u00e1 dispuesta una mesa en la plaza San Mart\u00edn, frente a la Anses, para recolectar adhesiones en el marco de la campa\u00f1a para recolectar<b> 1 mill\u00f3n de firmas por el 82% m\u00f3vil<\/b>. La campa\u00f1a, organizada por ATE y la CTA es una iniciativa que tiene por objetivo que el Congreso Nacional apruebe una nueva ley de previsi\u00f3n que incluya un 82% m\u00f3vil para todos los jubilados como un derecho inalienable.<\/em><\/p>\n<p style=\"text-align: center;\" align=\"center\"><a href=\"http:\/\/www.atecordoba.org\/wp-content\/uploads\/2014\/06\/marcha-jubilados.png\"><img loading=\"lazy\" decoding=\"async\" class=\"aligncenter  wp-image-4244\" alt=\"marcha jubilados\" src=\"http:\/\/www.atecordoba.org\/wp-content\/uploads\/2014\/06\/marcha-jubilados.png\" width=\"560\" height=\"420\" \/><\/a><\/p>\n<p>Las adhesiones en el marco de la campa\u00f1a ser\u00e1n presentadas en las c\u00e1maras legislativas, para poder respaldar y que tengan en cuenta el proyecto de Ley que present\u00f3 Graciela Iturraspe cuando era diputada y que ahora vuelve a presentar el diputado nacional V\u00edctor De Gennaro, integrante de la comisi\u00f3n de previsi\u00f3n social.<\/p>\n<p>El proyecto incluye el 82% m\u00f3vil en todas las jubilaciones adem\u00e1s de todos los beneficios que deber\u00eda tener una persona cuando se jubila. De esta forma, la iniciativa busca lograr que la pr\u00f3xima generaci\u00f3n de jubilados no tenga los problemas que est\u00e1n teniendo los actuales jubilados, despu\u00e9s de haber trabajado y aportado durante 35 o 40 a\u00f1os en el pa\u00eds y para el pa\u00eds.<\/p>\n<p>Convocamos a la sociedad cordobesa a participar de la adhesi\u00f3n. Tambi\u00e9n podr\u00e1n puede acercarse a firmar cualquier d\u00eda en los locales de ATE y CTA.<\/p>\n<p><b>El proyecto de ley<\/b><\/p>\n<p>Tal como explicara De Gennaro en la presentaci\u00f3n del proyecto de ley en el Congreso, luego de destacar el proceso de organizaci\u00f3n y lucha de los trabajadores jubilados hasta la fecha, \u201cel drama de los cinco millones de jubilados que cobran $ 2.776 no puede esperar. Tenemos la posibilidad de discutir seriamente con los nuevos diputados, en este tiempo de transici\u00f3n y cambio, un propuesta de reformulaci\u00f3n del sistema previsional. No podemos llegar a septiembre (mes de aumento por movilidad) sin una respuesta a quienes han dado la vida construyendo un pa\u00eds y que hoy, a cambio, reciben el cachetazo de la pol\u00edtica antipopular del gobierno\u201d.<\/p>\n<p>\u201cJustamente hoy nos despertamos con el debate sobre la pelea contra el trabajo precarizado, clandestino, ilegal y, la verdad, ojala viniera un proyecto que terminara con eso, con el mejor pacto intergeneracional. Que los que trabajamos aportamos para los jubilados de hoy y de ma\u00f1ana. Lamentablemente, y pese a haber terminado con las AFJP, la caja de los jubilados se sigue manejando de la misma manera, porque en vez de usar la plata para los jubilados se termina usando para resolver el d\u00e9ficit presupuestario y desde la m\u00e1s pura concepci\u00f3n neoliberal , se sigue manteniendo la reducci\u00f3n de las contribuciones patronales. Lo que nosotros planteamos el debate sobre la democratizaci\u00f3n del manejo de esos fondos y que los trabajadores todos aportemos en ese pacto intergeneracional\u201d.<\/p>\n<p>El proyecto plantea b\u00e1sicamente la constituci\u00f3n de un Instituto Nacional de Previsi\u00f3n Social que separe el tema de la seguridad social que es muy amplio y as\u00ed, los fondos que vayan a lo previsional vayan s\u00f3lo a lo previsional, es decir jubilaciones y pensiones. En ese sentido, el proyecto plantea que sea dirigido mayoritariamente por los trabajadores, jubilados y aportantes, asegurando el 82 % m\u00f3vil por cargo y funci\u00f3n, que la movilidad tenga que ver con la evoluci\u00f3n de los salarios en actividad y una asignaci\u00f3n universal a la vejez.<\/p>\n<p>Adem\u00e1s, el proyecto de ley se propone la restituci\u00f3n inmediata de los aportes patronales para las empresas grandes -que tengan m\u00e1s de 40 trabajadores- como forma de aportarle 120 mil millones de pesos m\u00e1s anuales al sistema, que permitir\u00e1n una recomposici\u00f3n inmediata del salario. En esa l\u00ednea, la iniciativa legislativa plantea una profunda reforma tributaria en la que la timba financiera tribute, en la que el juego tribute, y en la que la miner\u00eda tambi\u00e9n tribute, tal como se\u00f1alara De Gennaro en la oportunidad.<\/p>\n<p><b>Ejes resumidos del proyecto de ley<\/b><\/p>\n<p>1)\u00a0\u00a0\u00a0\u00a0\u00a0 Creaci\u00f3n del Instituto Nacional de Previsi\u00f3n Social, y que sea conducido por sus leg\u00edtimos due\u00f1os, los trabajadores en actividad y jubilados, con representaci\u00f3n de todas las regiones del Pa\u00eds, electos por el voto directo y secreto de los trabajadores activos y jubilados.<\/p>\n<p>2)\u00a0\u00a0\u00a0\u00a0\u00a0 Haberes de los jubilados que sean m\u00f3viles y se aumenten autom\u00e1ticamente con las variaciones de los salarios de los trabajadores en actividad. Seg\u00fan la variaci\u00f3n del cargo, oficio o funci\u00f3n que se tomare en cuenta para la determinaci\u00f3n del haber inicial.<\/p>\n<p>3)\u00a0\u00a0\u00a0\u00a0\u00a0 Haber mensual de las jubilaciones, equivalente al 82% m\u00f3vil de los salarios de los trabajadores cuando estaban en actividad.<\/p>\n<p>4)\u00a0\u00a0\u00a0\u00a0\u00a0 \u00a0Haber m\u00ednimo de las jubilaciones y pensiones sean equivalente al Salario M\u00ednimo Vital y M\u00f3vil (SMV y M).<\/p>\n<p>5)\u00a0\u00a0\u00a0\u00a0\u00a0 Fondo de Garant\u00edas de Sustentabilidad, sea destinado prioritariamente, a pagar las jubilaciones y pensiones y actualizar las prestaciones previsionales, tanto para garantizar el 82% m\u00f3vil, la reconstrucci\u00f3n de la escala de proporcionalidad, como para mejorar los m\u00ednimos jubilatorios.<\/p>\n<p>6)\u00a0\u00a0\u00a0\u00a0\u00a0 Una asignaci\u00f3n universal a la vejez, equivalente al salario m\u00ednimo vital y m\u00f3vil. Esto mantendr\u00eda por ley la posibilidad de que todas las personas mayores de 65 a\u00f1os tengan garantizadas una jubilaci\u00f3n y una obra social. Aun aquellos que no completen los aportes previsionales.<\/p>\n","protected":false},"excerpt":{"rendered":"<p>A las 12 horas estar\u00e1 dispuesta una mesa en la plaza San Mart\u00edn, frente a la Anses, para recolectar adhesiones en el marco de la campa\u00f1a para recolectar 1 mill\u00f3n de firmas por el 82% m\u00f3vil. La campa\u00f1a, organizada por ATE y la CTA es una iniciativa que tiene por objetivo que el Congreso Nacional [&hellip;]<\/p>\n","protected":false},"author":1,"featured_media":19220,"comment_status":"open","ping_status":"open","sticky":false,"template":"","format":"standard","meta":{"_exactmetrics_skip_tracking":false,"_exactmetrics_sitenote_active":false,"_exactmetrics_sitenote_note":"","_exactmetrics_sitenote_category":0,"jnews-multi-image_gallery":[],"jnews_single_post":[],"jnews_primary_category":[],"jnews_social_meta":[],"jnews_review":[],"enable_review":"","type":"","name":"","summary":"","brand":"","sku":"","good":[],"bad":[],"score_override":"","override_value":"","rating":[],"price":[],"jnews_override_counter":[],"jnews_post_split":[],"footnotes":""},"categories":[22,18],"tags":[],"class_list":["post-4242","post","type-post","status-publish","format-standard","has-post-thumbnail","hentry","category-jubilados","category-nacionales"],"jetpack_featured_media_url":"https:\/\/atecordoba.org\/wp-content\/uploads\/2020\/05\/logo-nuevochico-e1561581322808.png","_links":{"self":[{"href":"https:\/\/atecordoba.org\/index.php?rest_route=\/wp\/v2\/posts\/4242","targetHints":{"allow":["GET"]}}],"collection":[{"href":"https:\/\/atecordoba.org\/index.php?rest_route=\/wp\/v2\/posts"}],"about":[{"href":"https:\/\/atecordoba.org\/index.php?rest_route=\/wp\/v2\/types\/post"}],"author":[{"embeddable":true,"href":"https:\/\/atecordoba.org\/index.php?rest_route=\/wp\/v2\/users\/1"}],"replies":[{"embeddable":true,"href":"https:\/\/atecordoba.org\/index.php?rest_route=%2Fwp%2Fv2%2Fcomments&post=4242"}],"version-history":[{"count":0,"href":"https:\/\/atecordoba.org\/index.php?rest_route=\/wp\/v2\/posts\/4242\/revisions"}],"wp:featuredmedia":[{"embeddable":true,"href":"https:\/\/atecordoba.org\/index.php?rest_route=\/wp\/v2\/media\/19220"}],"wp:attachment":[{"href":"https:\/\/atecordoba.org\/index.php?rest_route=%2Fwp%2Fv2%2Fmedia&parent=4242"}],"wp:term":[{"taxonomy":"category","embeddable":true,"href":"https:\/\/atecordoba.org\/index.php?rest_route=%2Fwp%2Fv2%2Fcategories&post=4242"},{"taxonomy":"post_tag","embeddable":true,"href":"https:\/\/atecordoba.org\/index.php?rest_route=%2Fwp%2Fv2%2Ftags&post=4242"}],"curies":[{"name":"wp","href":"https:\/\/api.w.org\/{rel}","templated":true}]}}