{"id":4235,"date":"2014-06-09T17:22:43","date_gmt":"2014-06-09T20:22:43","guid":{"rendered":"http:\/\/www.atecordoba.org\/?p=4235"},"modified":"2014-06-09T17:22:43","modified_gmt":"2014-06-09T20:22:43","slug":"adios-companero-julio-garcia","status":"publish","type":"post","link":"https:\/\/atecordoba.org\/?p=4235","title":{"rendered":"Adi\u00f3s, compa\u00f1ero Julio Garc\u00eda"},"content":{"rendered":"<p><em>El pasado viernes 6 de junio falleci\u00f3 el dirigente de ATE Julio Garc\u00eda. Militante de todas las \u00e9pocas, Garc\u00eda nos dej\u00f3 un legado de lucha y compromiso con la vida, con el gremio y con la clase trabajadora. Al momento de morir, estaba a cargo del centro de jubilados de Santa Mar\u00eda de Punilla.<\/em><\/p>\n<p><a href=\"http:\/\/www.atecordoba.org\/wp-content\/uploads\/2014\/06\/julio.png\"><img loading=\"lazy\" decoding=\"async\" class=\"aligncenter size-full wp-image-4236\" alt=\"julio\" src=\"http:\/\/www.atecordoba.org\/wp-content\/uploads\/2014\/06\/julio.png\" width=\"465\" height=\"599\" \/><\/a><\/p>\n<p>Julio Garc\u00eda fue uno de los militantes m\u00e1s respetados que tuvo ATE en la provincia. Trabajador del hospital Colonia Santa Mar\u00eda, fue uno de los integrantes de la conducci\u00f3n de la seccional Punilla perseguido por la Triple A y la dictadura c\u00edvico-militar que asol\u00f3 nuestro pa\u00eds a partir de 1976. Fue detenido en su casa de Santa Mar\u00eda, herido de un balazo, d\u00edas despu\u00e9s que el grupo parapolicial volara con una bomba nuestro local de ATE de la seccional.<\/p>\n<figure id=\"attachment_4237\" aria-describedby=\"caption-attachment-4237\" style=\"width: 560px\" class=\"wp-caption aligncenter\"><a href=\"http:\/\/www.atecordoba.org\/wp-content\/uploads\/2014\/06\/homenaje.png\"><img loading=\"lazy\" decoding=\"async\" class=\" wp-image-4237\" alt=\"homenaje\" src=\"http:\/\/www.atecordoba.org\/wp-content\/uploads\/2014\/06\/homenaje.png\" width=\"560\" height=\"420\" \/><\/a><figcaption id=\"caption-attachment-4237\" class=\"wp-caption-text\">Julio Garc\u00eda, entre Lito Carranza y Mar\u00eda Teresa Romero, durante el homenaje a la seccional Santa Mar\u00eda de Punilla.<\/figcaption><\/figure>\n<p>Padeci\u00f3 la c\u00e1rcel en 1976 como preso pol\u00edtico, dando muestras de coraje y entereza, al igual que lo hizo durante toda su vida militante. Fue recto y comprometido con la clase trabajadora, cercano a Agust\u00edn Tosco, \u00a0a quien acompa\u00f1\u00f3 tiempo antes que muriera el dirigente de Luz y Fuerza.<\/p>\n<p>Como activista particip\u00f3 en la organizaci\u00f3n de la seccional, con inteligencia y car\u00e1cter, marcando el camino a una generaci\u00f3n de militantes que hoy lo recordamos, en medio del dolor, con su sonrisa y gesto de buena persona.<\/p>\n<p style=\"text-align: center;\"><a href=\"http:\/\/www.atecordoba.org\/wp-content\/uploads\/2014\/06\/julio-2.png\"><img loading=\"lazy\" decoding=\"async\" class=\"aligncenter  wp-image-4238\" alt=\"julio 2\" src=\"http:\/\/www.atecordoba.org\/wp-content\/uploads\/2014\/06\/julio-2.png\" width=\"560\" height=\"420\" \/><\/a><\/p>\n<p>&nbsp;<\/p>\n<p>Recibi\u00f3 en vida el merecido homenaje de nuestra conducci\u00f3n y de otros \u00e1mbitos p\u00fablicos, como la Universidad Nacional de C\u00f3rdoba. Parte de sus experiencias durante la dictadura fueron retratadas, junto a las de otros compa\u00f1eros, en el documental La Colonia, que realiz\u00f3 este CDP.<\/p>\n<figure id=\"attachment_4239\" aria-describedby=\"caption-attachment-4239\" style=\"width: 520px\" class=\"wp-caption aligncenter\"><a href=\"http:\/\/www.atecordoba.org\/wp-content\/uploads\/2014\/06\/voladura-local-ate.jpg\"><img loading=\"lazy\" decoding=\"async\" class=\" wp-image-4239 \" alt=\"voladura local ate\" src=\"http:\/\/www.atecordoba.org\/wp-content\/uploads\/2014\/06\/voladura-local-ate.jpg\" width=\"520\" height=\"342\" \/><\/a><figcaption id=\"caption-attachment-4239\" class=\"wp-caption-text\">Voladura del local de ATE en Santa Mar\u00eda de Punilla. Julio Garc\u00eda viv\u00eda a una cuadra del lugar. Junto a otros compa\u00f1eros se puso a levantarlo nuevamente, ladrillo a ladrillo, inmediatamente.<\/figcaption><\/figure>\n<p>Con dolor por la p\u00e9rdida de un compa\u00f1ero insustituible y con la alegr\u00eda de tener presente su mejor recuerdo, lo despedimos con la certeza de tenerlo siempre junto a ATE.<\/p>\n<p>Adi\u00f3s, compa\u00f1ero Julio Garc\u00eda<\/p>\n<p style=\"text-align: right;\">El Consejo Directivo Provincial de ATE<\/p>\n<p style=\"text-align: right;\">\n","protected":false},"excerpt":{"rendered":"<p>El pasado viernes 6 de junio falleci\u00f3 el dirigente de ATE Julio Garc\u00eda. Militante de todas las \u00e9pocas, Garc\u00eda nos dej\u00f3 un legado de lucha y compromiso con la vida, con el gremio y con la clase trabajadora. Al momento de morir, estaba a cargo del centro de jubilados de Santa Mar\u00eda de Punilla. Julio [&hellip;]<\/p>\n","protected":false},"author":1,"featured_media":19220,"comment_status":"open","ping_status":"open","sticky":false,"template":"","format":"standard","meta":{"_exactmetrics_skip_tracking":false,"_exactmetrics_sitenote_active":false,"_exactmetrics_sitenote_note":"","_exactmetrics_sitenote_category":0,"jnews-multi-image_gallery":[],"jnews_single_post":[],"jnews_primary_category":[],"jnews_social_meta":[],"jnews_review":[],"enable_review":"","type":"","name":"","summary":"","brand":"","sku":"","good":[],"bad":[],"score_override":"","override_value":"","rating":[],"price":[],"jnews_override_counter":[],"jnews_post_split":[],"footnotes":""},"categories":[1],"tags":[],"class_list":["post-4235","post","type-post","status-publish","format-standard","has-post-thumbnail","hentry","category-sin-categoria"],"jetpack_featured_media_url":"https:\/\/atecordoba.org\/wp-content\/uploads\/2020\/05\/logo-nuevochico-e1561581322808.png","_links":{"self":[{"href":"https:\/\/atecordoba.org\/index.php?rest_route=\/wp\/v2\/posts\/4235","targetHints":{"allow":["GET"]}}],"collection":[{"href":"https:\/\/atecordoba.org\/index.php?rest_route=\/wp\/v2\/posts"}],"about":[{"href":"https:\/\/atecordoba.org\/index.php?rest_route=\/wp\/v2\/types\/post"}],"author":[{"embeddable":true,"href":"https:\/\/atecordoba.org\/index.php?rest_route=\/wp\/v2\/users\/1"}],"replies":[{"embeddable":true,"href":"https:\/\/atecordoba.org\/index.php?rest_route=%2Fwp%2Fv2%2Fcomments&post=4235"}],"version-history":[{"count":0,"href":"https:\/\/atecordoba.org\/index.php?rest_route=\/wp\/v2\/posts\/4235\/revisions"}],"wp:featuredmedia":[{"embeddable":true,"href":"https:\/\/atecordoba.org\/index.php?rest_route=\/wp\/v2\/media\/19220"}],"wp:attachment":[{"href":"https:\/\/atecordoba.org\/index.php?rest_route=%2Fwp%2Fv2%2Fmedia&parent=4235"}],"wp:term":[{"taxonomy":"category","embeddable":true,"href":"https:\/\/atecordoba.org\/index.php?rest_route=%2Fwp%2Fv2%2Fcategories&post=4235"},{"taxonomy":"post_tag","embeddable":true,"href":"https:\/\/atecordoba.org\/index.php?rest_route=%2Fwp%2Fv2%2Ftags&post=4235"}],"curies":[{"name":"wp","href":"https:\/\/api.w.org\/{rel}","templated":true}]}}