{"id":42317,"date":"2024-03-18T13:48:33","date_gmt":"2024-03-18T16:48:33","guid":{"rendered":"https:\/\/atecordoba.org\/?p=42317"},"modified":"2024-03-18T14:25:04","modified_gmt":"2024-03-18T17:25:04","slug":"ate-presente-en-el-piquetazo-contra-el-hambre-y-el-trabajo","status":"publish","type":"post","link":"https:\/\/atecordoba.org\/?p=42317","title":{"rendered":"ATE, presente en el Piquetazo Contra el Hambre y por el Trabajo"},"content":{"rendered":"<div class=\"wp-block-image\">\n<figure class=\"aligncenter size-large is-resized\"><img loading=\"lazy\" decoding=\"async\" src=\"https:\/\/atecordoba.org\/wp-content\/uploads\/2024\/03\/Imagen-de-WhatsApp-2024-03-18-a-las-12.40.32_67b3939f-1024x461.jpg\" alt=\"\" class=\"wp-image-42318\" width=\"768\" height=\"346\" \/><\/figure>\n<\/div>\n\n\n<p>En reclamo de la entrega de alimentos a las ollas populares, comedores y merenderos, hoy se llev\u00f3 adelante el Piquetazo contra el Hambre y por el Trabajo, que tuvo 500 cortes de todo el pa\u00eds y en C\u00f3rdoba se hizo patente en el Arco de C\u00f3rdoba y otros puntos de la provincia.<\/p>\n\n\n\n<p>Encabezado por el Polo Obrero, MTE, UTEP, Libres del Sur y otras organizaciones sociales, el Piquetazo cont\u00f3 con la presencia de una delegaci\u00f3n de ATE C\u00f3rdoba, que acerc\u00f3 su solidaridad con la lucha de las y los compa\u00f1eros desocupados, precarizados y con aquellas organizaciones territoriales que se encuentran haciendo un esfuerzo descomunal para garantizar un plato de comida en cada barrio vulnerable de C\u00f3rdoba, frente a la ausencia total del Estado que imprime a su gesti\u00f3n el Presidente Javier Milei. <\/p>\n\n\n<div class=\"wp-block-image\">\n<figure class=\"aligncenter size-large is-resized\"><img loading=\"lazy\" decoding=\"async\" src=\"https:\/\/atecordoba.org\/wp-content\/uploads\/2024\/03\/IMG-20240318-WA0023-1024x768.jpg\" alt=\"\" class=\"wp-image-42319\" width=\"768\" height=\"576\" srcset=\"https:\/\/atecordoba.org\/wp-content\/uploads\/2024\/03\/IMG-20240318-WA0023-1024x768.jpg 1024w, https:\/\/atecordoba.org\/wp-content\/uploads\/2024\/03\/IMG-20240318-WA0023-300x225.jpg 300w, https:\/\/atecordoba.org\/wp-content\/uploads\/2024\/03\/IMG-20240318-WA0023-768x576.jpg 768w, https:\/\/atecordoba.org\/wp-content\/uploads\/2024\/03\/IMG-20240318-WA0023-1536x1152.jpg 1536w, https:\/\/atecordoba.org\/wp-content\/uploads\/2024\/03\/IMG-20240318-WA0023-750x563.jpg 750w, https:\/\/atecordoba.org\/wp-content\/uploads\/2024\/03\/IMG-20240318-WA0023-1140x855.jpg 1140w, https:\/\/atecordoba.org\/wp-content\/uploads\/2024\/03\/IMG-20240318-WA0023.jpg 1600w\" sizes=\"auto, (max-width: 768px) 100vw, 768px\" \/><\/figure>\n<\/div>\n\n\n<p>Durante el acto, la secretaria de Acci\u00f3n Pol\u00edtica del Consejo Directivo Provincial, Alejandra Agnone, tom\u00f3 la palabra para ratificar la solidaridad de nuestra organizaci\u00f3n con esta lucha y apunt\u00f3 que es la misma realidad que afecta a las y los trabajadores, m\u00e1s all\u00e1 de su condici\u00f3n. &#8220;Las y los estatales estamos sufriendo la p\u00e9rdida de puestos de trabajo a nivel del Estado nacional, que encima se replican a nivel provincial y municipal. Adem\u00e1s, con estas medidas afectan a las pol\u00edticas p\u00fablicas que benefician a los sectores m\u00e1s vulnerables, cerrando dependencias como est\u00e1n haciendo ahora con los Centros de Referencia de Desarrollo Social de la Naci\u00f3n&#8221;, remarc\u00f3 la dirigenta. <\/p>\n\n\n<div class=\"wp-block-image\">\n<figure class=\"aligncenter size-large is-resized\"><img loading=\"lazy\" decoding=\"async\" src=\"https:\/\/atecordoba.org\/wp-content\/uploads\/2024\/03\/Imagen-de-WhatsApp-2024-03-18-a-las-12.40.32_413b9a50-1024x589.jpg\" alt=\"\" class=\"wp-image-42320\" width=\"768\" height=\"442\" srcset=\"https:\/\/atecordoba.org\/wp-content\/uploads\/2024\/03\/Imagen-de-WhatsApp-2024-03-18-a-las-12.40.32_413b9a50-1024x589.jpg 1024w, https:\/\/atecordoba.org\/wp-content\/uploads\/2024\/03\/Imagen-de-WhatsApp-2024-03-18-a-las-12.40.32_413b9a50-300x173.jpg 300w, https:\/\/atecordoba.org\/wp-content\/uploads\/2024\/03\/Imagen-de-WhatsApp-2024-03-18-a-las-12.40.32_413b9a50-768x442.jpg 768w, https:\/\/atecordoba.org\/wp-content\/uploads\/2024\/03\/Imagen-de-WhatsApp-2024-03-18-a-las-12.40.32_413b9a50-750x431.jpg 750w, https:\/\/atecordoba.org\/wp-content\/uploads\/2024\/03\/Imagen-de-WhatsApp-2024-03-18-a-las-12.40.32_413b9a50.jpg 1080w\" sizes=\"auto, (max-width: 768px) 100vw, 768px\" \/><\/figure>\n<\/div>\n\n\n<p>&#8220;Frente al espanto del Estado ajustador, estamos juntos en la calle las y los trabajadores para decirle a Milei que ni al ajuste ni a la crisis la vamos a el pueblo, mientras ellos -los que nos hambrean- son los que se arrodillan frente al FMI, pretendiendo vender nuestra patria soberana&#8221;, afirm\u00f3.<\/p>\n\n\n\n<p>Y cerr\u00f3 su participaci\u00f3n asegurando que &#8220;nuestro mensaje para Milei es que no van a poder doblegarnos, seguiremos en la calle en unidad de clase que se dignifica con la lucha&#8221;.<\/p>\n","protected":false},"excerpt":{"rendered":"<p>En reclamo de la entrega de alimentos a las ollas populares, comedores y merenderos, hoy se llev\u00f3 adelante el Piquetazo contra el Hambre y por el Trabajo, que tuvo 500 cortes de todo el pa\u00eds y en C\u00f3rdoba se hizo patente en el Arco de C\u00f3rdoba y otros puntos de la provincia. Encabezado por el [&hellip;]<\/p>\n","protected":false},"author":7,"featured_media":42318,"comment_status":"open","ping_status":"open","sticky":false,"template":"","format":"standard","meta":{"_exactmetrics_skip_tracking":false,"_exactmetrics_sitenote_active":false,"_exactmetrics_sitenote_note":"","_exactmetrics_sitenote_category":0,"jnews-multi-image_gallery":[],"jnews_single_post":{"subtitle":"\"Frente al espanto del Estado ajustador, estamos juntos en la calle las y los trabajadores para decirle a Milei que ni al ajuste ni a la crisis la vamos a el pueblo, mientras ellos -los que nos hambrean- son los que se arrodillan frente al FMI, pretendiendo vender nuestra patria soberana\", afirm\u00f3 la secretaria de Acci\u00f3n Pol\u00edtica de ATE C\u00f3rdoba doba, Alejandra Agnone, durante el acto que se realiz\u00f3 hoy frente al Arco de C\u00f3rdoba. ","format":"standard","video":"","gallery":"","source_name":"","source_url":"","via_name":"","via_url":"","override_template":"0","override":[{"template":"1","single_blog_custom":"","parallax":"1","fullscreen":"1","layout":"no-sidebar-narrow","sidebar":"default-sidebar","second_sidebar":"default-sidebar","sticky_sidebar":"1","share_position":"bottom","share_float_style":"share-monocrhome","show_share_counter":"1","show_view_counter":"1","show_featured":"0","show_post_meta":"1","show_post_author":"0","show_post_author_image":"1","show_post_date":"1","post_date_format":"default","post_date_format_custom":"Y\/m\/d","show_post_category":"1","show_post_reading_time":"0","post_reading_time_wpm":"300","show_zoom_button":"0","zoom_button_out_step":"2","zoom_button_in_step":"3","show_post_tag":"1","show_prev_next_post":"0","show_popup_post":"0","number_popup_post":"1","show_author_box":"0","show_post_related":"1","show_inline_post_related":"0"}],"override_image_size":"0","image_override":[{"single_post_thumbnail_size":"crop-500","single_post_gallery_size":"crop-500"}],"trending_post":"0","trending_post_position":"meta","trending_post_label":"Trending","sponsored_post":"0","sponsored_post_label":"Sponsored by","sponsored_post_name":"","sponsored_post_url":"","sponsored_post_logo_enable":"0","sponsored_post_logo":"","sponsored_post_desc":"","disable_ad":"0"},"jnews_primary_category":{"id":"","hide":""},"jnews_social_meta":{"fb_title":"","fb_description":"","fb_image":"","twitter_title":"","twitter_description":"","twitter_image":""},"jnews_review":[],"enable_review":"0","type":"percentage","name":"","summary":"","brand":"","sku":"","good":[{"good_text":""}],"bad":[{"bad_text":""}],"score_override":"","override_value":"","rating":[{"rating_text":"","rating_number":"10"}],"price":[{"shop":"","price":"","link":"","icon":""}],"jnews_override_counter":{"override_view_counter":"0","view_counter_number":"0","override_share_counter":"0","share_counter_number":"0","override_like_counter":"0","like_counter_number":"0","override_dislike_counter":"0","dislike_counter_number":"0"},"jnews_post_split":{"enable_post_split":"0","post_split":[{"template":"1","tag":"h2","numbering":"asc","mode":"normal","first":"0","enable_toc":"0","toc_type":"normal"}]},"footnotes":""},"categories":[10],"tags":[],"class_list":["post-42317","post","type-post","status-publish","format-standard","has-post-thumbnail","hentry","category-accion-politica"],"jetpack_featured_media_url":"https:\/\/atecordoba.org\/wp-content\/uploads\/2024\/03\/Imagen-de-WhatsApp-2024-03-18-a-las-12.40.32_67b3939f-e1710780349938.jpg","_links":{"self":[{"href":"https:\/\/atecordoba.org\/index.php?rest_route=\/wp\/v2\/posts\/42317","targetHints":{"allow":["GET"]}}],"collection":[{"href":"https:\/\/atecordoba.org\/index.php?rest_route=\/wp\/v2\/posts"}],"about":[{"href":"https:\/\/atecordoba.org\/index.php?rest_route=\/wp\/v2\/types\/post"}],"author":[{"embeddable":true,"href":"https:\/\/atecordoba.org\/index.php?rest_route=\/wp\/v2\/users\/7"}],"replies":[{"embeddable":true,"href":"https:\/\/atecordoba.org\/index.php?rest_route=%2Fwp%2Fv2%2Fcomments&post=42317"}],"version-history":[{"count":2,"href":"https:\/\/atecordoba.org\/index.php?rest_route=\/wp\/v2\/posts\/42317\/revisions"}],"predecessor-version":[{"id":42323,"href":"https:\/\/atecordoba.org\/index.php?rest_route=\/wp\/v2\/posts\/42317\/revisions\/42323"}],"wp:featuredmedia":[{"embeddable":true,"href":"https:\/\/atecordoba.org\/index.php?rest_route=\/wp\/v2\/media\/42318"}],"wp:attachment":[{"href":"https:\/\/atecordoba.org\/index.php?rest_route=%2Fwp%2Fv2%2Fmedia&parent=42317"}],"wp:term":[{"taxonomy":"category","embeddable":true,"href":"https:\/\/atecordoba.org\/index.php?rest_route=%2Fwp%2Fv2%2Fcategories&post=42317"},{"taxonomy":"post_tag","embeddable":true,"href":"https:\/\/atecordoba.org\/index.php?rest_route=%2Fwp%2Fv2%2Ftags&post=42317"}],"curies":[{"name":"wp","href":"https:\/\/api.w.org\/{rel}","templated":true}]}}