{"id":42292,"date":"2024-03-15T00:27:00","date_gmt":"2024-03-15T03:27:00","guid":{"rendered":"https:\/\/atecordoba.org\/?p=42292"},"modified":"2024-03-15T14:32:23","modified_gmt":"2024-03-15T17:32:23","slug":"sindicalismo-combativo-unidad-en-la-accion-para-frenar-el-ajuste","status":"publish","type":"post","link":"https:\/\/atecordoba.org\/?p=42292","title":{"rendered":"Sindicalismo combativo: unidad en la acci\u00f3n para frenar el ajuste"},"content":{"rendered":"<div class=\"wp-block-image\">\n<figure class=\"alignleft size-full is-resized\"><img loading=\"lazy\" decoding=\"async\" src=\"https:\/\/atecordoba.org\/wp-content\/uploads\/2024\/03\/432783123_10161268002044805_5921723076222448654_n.jpg\" alt=\"\" class=\"wp-image-42293\" width=\"395\" height=\"395\" \/><\/figure>\n<\/div>\n\n\n<p>El Secretario General de ATE y la CTA Aut\u00f3noma de la provincia de C\u00f3rdoba, Federico Giuliani, mantuvo este mi\u00e9rcoles distintas reuniones en la b\u00fasqueda de seguir generando espacios de encuentro para articular con otras organizaciones sindicales y sociales -que no est\u00e1n enroladas en la Central- un Plan de Lucha consistente que permita enfrentar el brutal ajuste que recae sobre el pueblo trabajador tanto a nivel nacional como provincial.<\/p>\n\n\n\n<p>En esa direcci\u00f3n, Giuliani estuvo en la Legislatura Provincial junto al Secretario General de la Uni\u00f3n de Educadores de la Provincia de C\u00f3rdoba (UEPC Capital), Franco Boczkowski; y el Secretario General de la Uni\u00f3n de Trabajadores de la Salud (UTS), Gast\u00e1n Vacciani, bancando la Olla Popular de los maestros.<\/p>\n\n\n\n<p>La actividad de los trabajadores de la educaci\u00f3n se realiz\u00f3 para denunciar el hambre y la miseria a los que los condenan las pol\u00edticas de Milei y Llaryora, en el marco de la Semana de Lucha que incluy\u00f3 el lunes un \u201cCacerolazo Educativo\u201d y Marcha a la Casa de Gobierno; el martes asambleas de delegados con movilizaci\u00f3n; y ayer acciones zonales y Olla Popular frente a la Unicameral.<\/p>\n\n\n\n<p>UEPC Capital sigue movilizada por un pliego de reivindicaciones en el que figuran: Ning\u00fan docente bajo la L\u00ednea de la Pobreza; Eliminaci\u00f3n del diferimiento del 82%m\u00f3vil; APROSS: No es tu caja es mi salud; Por condiciones dignas de ense\u00f1ar y aprender; Basta de precarizaci\u00f3n en la docencia.<\/p>\n\n\n\n<p>Para Giuliani, \u201ces muy importante ampliar sin sectarismos el abanico de organizaciones populares que est\u00e9n dispuestas a dar pelea a este r\u00e9gimen de saqueo, entrega y explotaci\u00f3n para ir avanzando en conjunto para sumar voluntades y garantizar mayor organizaci\u00f3n, unidad y poder popular\u201d.<\/p>\n\n\n<div class=\"wp-block-image\">\n<figure class=\"alignright size-full\"><img loading=\"lazy\" decoding=\"async\" width=\"300\" height=\"247\" src=\"https:\/\/atecordoba.org\/wp-content\/uploads\/2024\/03\/432766470_10161268239499805_8115287844078907271_n-300x247-1.jpg\" alt=\"\" class=\"wp-image-42294\" \/><\/figure>\n<\/div>\n\n\n<p>\u201cEs fundamental entender que no hay salida individual, la salida es colectiva. Tampoco hay salida sectorial, la salida es como pueblo. Como dec\u00eda Arturo Jauretche, un viejo militante intelectual del campo popular, propulsor del pensamiento nacional, \u2018Hasta que un d\u00eda el paisano acabe con este infierno, y haciendo suyo el gobierno, con solo esta ley se rija: o es pa\u2019 todos la cobija, o es pa\u2019 todos el invierno\u2019. En ese camino seguimos apostando a la unidad de la clase obrera en su conjunto, sea ocupada o desocupada, como protagonista principal del proceso de lucha que vivimos\u201d.<\/p>\n\n\n\n<p>En ese sentido, avis\u00f3 que ayer tambi\u00e9n estuvo reunido con el \u201cSecretario General de ATSA C\u00f3rdoba, Ricardo L\u00f3pez, con quien hablamos sobre la situaci\u00f3n de la Salud P\u00fablica en la provincia y la posibilidad de articular acciones en conjunto\u201d.<\/p>\n\n\n\n<p>\u201cEs lo que venimos haciendo con la UEPC Capital, la UTS, el Sindicato del Personal de Industrias Qu\u00edmicas y Petroqu\u00edmicas de R\u00edo Tercero, el Sindicato de Aceiteros de Tancancha, el Polo Obrero, la Unidad Piquetera y otras organizaciones libres del pueblo\u201d, subray\u00f3.<\/p>\n\n\n\n<p>Y agreg\u00f3: \u201cEl Sector de la Salud P\u00fablica provincial est\u00e1 muy golpeado en lo salarial, por el incremento de la precarizaci\u00f3n laboral, la falta de recursos en los hospitales que cada vez tienen mayor demanda de atenci\u00f3n y por los despidos que gener\u00f3 el Gobierno de Llaryora ni bien asumi\u00f3 y que, aunque se han registrado reincorporaciones, nosotros seguimos reclamando por el restablecimiento de la totalidad del personal y la estabilidad laboral de trabajadores que son esenciales y estuvieron en la primera l\u00ednea de lucha contra el Covid\u201d.<\/p>\n\n\n\n<p>Por \u00faltimo, Giuliani asever\u00f3 que \u201cseguiremos convocando a la acci\u00f3n unitaria para construir desde abajo hacia arriba y desde la periferia al centro, la Huelga General por tiempo indeterminado que permita frenar esta pol\u00edtica olig\u00e1rquica de entrega que ha puesto bandera de remate a nuestra Patria\u201d.<\/p>\n","protected":false},"excerpt":{"rendered":"<p>El Secretario General de ATE y la CTA Aut\u00f3noma de la provincia de C\u00f3rdoba, Federico Giuliani, mantuvo este mi\u00e9rcoles distintas reuniones en la b\u00fasqueda de seguir generando espacios de encuentro para articular con otras organizaciones sindicales y sociales -que no est\u00e1n enroladas en la Central- un Plan de Lucha consistente que permita enfrentar el brutal [&hellip;]<\/p>\n","protected":false},"author":7,"featured_media":42293,"comment_status":"open","ping_status":"open","sticky":false,"template":"","format":"standard","meta":{"_exactmetrics_skip_tracking":false,"_exactmetrics_sitenote_active":false,"_exactmetrics_sitenote_note":"","_exactmetrics_sitenote_category":0,"jnews-multi-image_gallery":[],"jnews_single_post":{"subtitle":"El secretario General de ATE C\u00f3rdoba, Federico Giuliani, estuvo en la Legislatura Provincial junto al Secretario General de la Uni\u00f3n de Educadores de la Provincia de C\u00f3rdoba (UEPC Capital), Franco Boczkowski; y el Secretario General de la Uni\u00f3n de Trabajadores de la Salud (UTS), Gast\u00e1n Vacciani, bancando la Olla Popular de los maestros.","format":"standard","video":"","gallery":"","source_name":"","source_url":"","via_name":"","via_url":"","override_template":"0","override":[{"template":"1","single_blog_custom":"","parallax":"1","fullscreen":"1","layout":"no-sidebar-narrow","sidebar":"default-sidebar","second_sidebar":"default-sidebar","sticky_sidebar":"1","share_position":"bottom","share_float_style":"share-monocrhome","show_share_counter":"1","show_view_counter":"1","show_featured":"0","show_post_meta":"1","show_post_author":"0","show_post_author_image":"1","show_post_date":"1","post_date_format":"default","post_date_format_custom":"Y\/m\/d","show_post_category":"1","show_post_reading_time":"0","post_reading_time_wpm":"300","show_zoom_button":"0","zoom_button_out_step":"2","zoom_button_in_step":"3","show_post_tag":"1","show_prev_next_post":"0","show_popup_post":"0","number_popup_post":"1","show_author_box":"0","show_post_related":"1","show_inline_post_related":"0"}],"override_image_size":"0","image_override":[{"single_post_thumbnail_size":"crop-500","single_post_gallery_size":"crop-500"}],"trending_post":"0","trending_post_position":"meta","trending_post_label":"Trending","sponsored_post":"0","sponsored_post_label":"Sponsored by","sponsored_post_name":"","sponsored_post_url":"","sponsored_post_logo_enable":"0","sponsored_post_logo":"","sponsored_post_desc":"","disable_ad":"0"},"jnews_primary_category":{"id":"","hide":""},"jnews_social_meta":{"fb_title":"","fb_description":"","fb_image":"","twitter_title":"","twitter_description":"","twitter_image":""},"jnews_review":[],"enable_review":"0","type":"percentage","name":"","summary":"","brand":"","sku":"","good":[{"good_text":""}],"bad":[{"bad_text":""}],"score_override":"","override_value":"","rating":[{"rating_text":"","rating_number":"10"}],"price":[{"shop":"","price":"","link":"","icon":""}],"jnews_override_counter":{"override_view_counter":"0","view_counter_number":"0","override_share_counter":"0","share_counter_number":"0","override_like_counter":"0","like_counter_number":"0","override_dislike_counter":"0","dislike_counter_number":"0"},"jnews_post_split":{"enable_post_split":"0","post_split":[{"template":"1","tag":"h2","numbering":"asc","mode":"normal","first":"0","enable_toc":"0","toc_type":"normal"}]},"footnotes":""},"categories":[10],"tags":[],"class_list":["post-42292","post","type-post","status-publish","format-standard","has-post-thumbnail","hentry","category-accion-politica"],"jetpack_featured_media_url":"https:\/\/atecordoba.org\/wp-content\/uploads\/2024\/03\/432783123_10161268002044805_5921723076222448654_n-e1710523910834.jpg","_links":{"self":[{"href":"https:\/\/atecordoba.org\/index.php?rest_route=\/wp\/v2\/posts\/42292","targetHints":{"allow":["GET"]}}],"collection":[{"href":"https:\/\/atecordoba.org\/index.php?rest_route=\/wp\/v2\/posts"}],"about":[{"href":"https:\/\/atecordoba.org\/index.php?rest_route=\/wp\/v2\/types\/post"}],"author":[{"embeddable":true,"href":"https:\/\/atecordoba.org\/index.php?rest_route=\/wp\/v2\/users\/7"}],"replies":[{"embeddable":true,"href":"https:\/\/atecordoba.org\/index.php?rest_route=%2Fwp%2Fv2%2Fcomments&post=42292"}],"version-history":[{"count":1,"href":"https:\/\/atecordoba.org\/index.php?rest_route=\/wp\/v2\/posts\/42292\/revisions"}],"predecessor-version":[{"id":42295,"href":"https:\/\/atecordoba.org\/index.php?rest_route=\/wp\/v2\/posts\/42292\/revisions\/42295"}],"wp:featuredmedia":[{"embeddable":true,"href":"https:\/\/atecordoba.org\/index.php?rest_route=\/wp\/v2\/media\/42293"}],"wp:attachment":[{"href":"https:\/\/atecordoba.org\/index.php?rest_route=%2Fwp%2Fv2%2Fmedia&parent=42292"}],"wp:term":[{"taxonomy":"category","embeddable":true,"href":"https:\/\/atecordoba.org\/index.php?rest_route=%2Fwp%2Fv2%2Fcategories&post=42292"},{"taxonomy":"post_tag","embeddable":true,"href":"https:\/\/atecordoba.org\/index.php?rest_route=%2Fwp%2Fv2%2Ftags&post=42292"}],"curies":[{"name":"wp","href":"https:\/\/api.w.org\/{rel}","templated":true}]}}