{"id":42284,"date":"2024-03-15T13:36:04","date_gmt":"2024-03-15T16:36:04","guid":{"rendered":"https:\/\/atecordoba.org\/?p=42284"},"modified":"2024-03-15T13:43:34","modified_gmt":"2024-03-15T16:43:34","slug":"agenda-unitaria-de-ctaa-y-cgt-en-cordoba-para-enfrentar-la-embestida-del-gobierno-nacional-y-las-patronales","status":"publish","type":"post","link":"https:\/\/atecordoba.org\/?p=42284","title":{"rendered":"Agenda unitaria de CTAA y CGT en C\u00f3rdoba para enfrentar la embestida del Gobierno Nacional y las patronales"},"content":{"rendered":"\n<figure class=\"wp-block-image size-large\"><img loading=\"lazy\" decoding=\"async\" width=\"1024\" height=\"577\" src=\"https:\/\/atecordoba.org\/wp-content\/uploads\/2024\/03\/1-2-1024x577.jpg\" alt=\"\" class=\"wp-image-42285\" \/><\/figure>\n\n\n\n<p>El Secretario General de ATE y la CTA Aut\u00f3noma de la provincia de C\u00f3rdoba, Federico Giuliani, firm\u00f3 este jueves en la sede del SMATA un Acta Acuerdo con la CGT Regional C\u00f3rdoba, que responde a la central obrera nacional. Posteriormente se realiz\u00f3 un plenario en el que se abord\u00f3 la crisis pol\u00edtica, social y econ\u00f3mica del pa\u00eds.<\/p>\n\n\n\n<p>La Mesa Sindical de C\u00f3rdoba lanz\u00f3 ayer duros cuestionamientos hacia la pol\u00edtica econ\u00f3mica del Presidente Javier Milei, aunque tambi\u00e9n objet\u00f3 algunas medidas del Gobierno Provincial, respecto de los trabajadores estatales, por lo que pidi\u00f3 una \u201curgente\u201d reuni\u00f3n con el Gobernador Mart\u00edn Llaryora para analizar la situaci\u00f3n del sector.<\/p>\n\n\n\n<p>Giuliani particip\u00f3 de la firma de un documento con los principales puntos que tanto la CTA-A como la CGT Regional creen que son importantes para resolver la dif\u00edcil situaci\u00f3n que est\u00e1 atravesando nuestro pa\u00eds. Desde ATE y la Central valoraron estas instancias e invitaron a expandir la mesa al resto de sindicatos.<\/p>\n\n\n\n<figure class=\"wp-block-gallery has-nested-images columns-default is-cropped wp-block-gallery-1 is-layout-flex wp-block-gallery-is-layout-flex\">\n<figure class=\"wp-block-image size-large\"><img loading=\"lazy\" decoding=\"async\" width=\"300\" height=\"169\" data-id=\"42287\" src=\"https:\/\/atecordoba.org\/wp-content\/uploads\/2024\/03\/4-3-300x169-1.jpg\" alt=\"\" class=\"wp-image-42287\" \/><\/figure>\n\n\n\n<figure class=\"wp-block-image size-large\"><img loading=\"lazy\" decoding=\"async\" width=\"300\" height=\"169\" data-id=\"42286\" src=\"https:\/\/atecordoba.org\/wp-content\/uploads\/2024\/03\/5-2-300x169-1.jpg\" alt=\"\" class=\"wp-image-42286\" \/><\/figure>\n<\/figure>\n\n\n\n<p>A la hora de referirse al tema, Giuliani afirm\u00f3 que \u201cfirmamos un Acta Compromiso con los puntos que creemos son fundamentales para revertir esta dif\u00edcil situaci\u00f3n que estamos viviendo como clase trabajadora, con un Gobierno Nacional que ajusta permanentemente sobre nuestras espaldas\u201d.<\/p>\n\n\n\n<p>Y a\u00f1adi\u00f3: \u201cNo solamente vienen por nuestro pueblo, sino tambi\u00e9n por los sindicatos, por las organizaciones de base del campo popular y, en ese sentido, lo que hemos puesto en marcha es el mecanismo de la unidad en la acci\u00f3n, pero tambi\u00e9n de la unidad en la perspectiva de construir un programa que plantee una agenda diferente a la que nos pretende imponer el poder\u201d.<\/p>\n\n\n\n<p>\u201cC\u00f3rdoba pari\u00f3 los programas de Huerta Grande y La Falda y en ese contexto este documento no s\u00f3lo elabora la agenda puntual de las problem\u00e1ticas del pueblo trabajador, sino que tambi\u00e9n da pistas para saber hacia donde entendemos que es la salida. Y la salida es colectiva, con m\u00e1s pol\u00edtica y mayor organizaci\u00f3n. Suscribimos este documento con la convicci\u00f3n de que hoy, m\u00e1s que nunca, tenemos que bregar por la unidad de la clase trabajadora para enfrentar el ajuste de Milei y voltear el DNU\u201d, remat\u00f3.<\/p>\n\n\n\n<p><strong>El documento<\/strong><\/p>\n\n\n\n<p><em>Las entidades sindicales de C\u00f3rdoba exigen urgentemente una agenda de trabajo junto a la provincia con los siguientes temas<\/em><\/p>\n\n\n\n<p>\u201cLas organizaciones gremiales de C\u00f3rdoba se manifiestan ante la cr\u00edtica situaci\u00f3n generada por las medidas anunciadas por el Gobierno Nacional y por algunas decisiones del Gobierno Provincial, que son de p\u00fablico conocimiento y que afectan directamente a los trabajadores activos, jubilados, formales y de la econom\u00eda popular, estatales y privados. Est\u00e1 claro que el sector asalariado, tanto formal como informal, est\u00e1 siendo la variable de ajuste del modelo econ\u00f3mico que se est\u00e1 implementando desde Naci\u00f3n hacia abajo.<\/p>\n\n\n\n<p>\u201cAnte este cruento escenario venimos a plantear las siguientes problem\u00e1ticas que requieren sean atendidas de urgencia y exigen compromiso de todos los sectores tanto gubernamentales como sindicales firmantes en pos de la defensa de nuestros representados y sus familias:<\/p>\n\n\n\n<figure class=\"wp-block-gallery has-nested-images columns-default is-cropped wp-block-gallery-2 is-layout-flex wp-block-gallery-is-layout-flex\">\n<figure class=\"wp-block-image size-large\"><img loading=\"lazy\" decoding=\"async\" width=\"300\" height=\"169\" data-id=\"42289\" src=\"https:\/\/atecordoba.org\/wp-content\/uploads\/2024\/03\/2-2-300x169-1.jpg\" alt=\"\" class=\"wp-image-42289\" \/><\/figure>\n\n\n\n<figure class=\"wp-block-image size-large\"><img loading=\"lazy\" decoding=\"async\" width=\"300\" height=\"169\" data-id=\"42288\" src=\"https:\/\/atecordoba.org\/wp-content\/uploads\/2024\/03\/3-1-300x169-1.jpg\" alt=\"\" class=\"wp-image-42288\" \/><\/figure>\n<\/figure>\n\n\n\n<p>&#8211;<em>P\u00e9rdida de puestos de trabajo: <\/em>\u201cLas empresas de los distintos sectores, tanto privadas como estatales, est\u00e1n advirtiendo sobre la profunda crisis econ\u00f3mica desatada por las pol\u00edticas del Gobierno Nacional, las que han que provocado un fuerte impacto en las fuentes de trabajo y producir\u00e1n en el corto plazo una importante cantidad de despidos. Como consecuencia de ello, muchas familias perder\u00e1n el sost\u00e9n econ\u00f3mico principal de sus hogares, gener\u00e1ndose una situaci\u00f3n sin precedentes de caos socioecon\u00f3mico.<\/p>\n\n\n\n<p>&#8211;<em>Salarios: <\/em>\u201cDesde la asunci\u00f3n del nuevo Gobierno Nacional, el ajuste sobre los salarios ha sido brutal, el plan motosierra\/licuadora dispuesto por las medidas gubernamentales, impactan directamente en el ingreso de los trabajadores, a ello tenemos que sumarle un marco inflacionario descontrolado y el aditamento de una devaluaci\u00f3n del 51% en los primeros tres meses de este a\u00f1o, lo que ha generado una p\u00e9rdida estrepitosa en el poder adquisitivo de los trabajadores.<\/p>\n\n\n\n<p>\u201cLa Provincia no ha sido ajena a las consecuencias de esas pol\u00edticas y ha desconocido aumentos paritarios salariales acordados formalmente, impulsando convenios por valores sustancialmente inferiores a los pautados.<\/p>\n\n\n\n<p><em>-Impuesto a las Ganancias: <\/em>\u201cComo siempre hemos pregonado, el salario no es ganancia, sin embargo, este Gobierno ha planteado reinstaurar esta pol\u00edtica tributaria absolutamente regresiva, la cual tiene incidencia negativa sobre un universo de casi un mill\u00f3n de trabajadores. Lo absurdo de la cuesti\u00f3n es que, quien hoy es Presidente, aprob\u00f3 la ley que quitaba el impuesto y hoy pretende reestablecerlo a pesar de que se han planteado alternativas tributarias coparticipables.<\/p>\n\n\n\n<p>&#8211;<em>Estanflaci\u00f3n:<\/em> \u201cEn el contexto de las pol\u00edticas de shock, implementadas seg\u00fan el Presidente para quitar beneficios a \u201cla casta\u201d, nos encontramos en contrapartida con este extra\u00f1o fen\u00f3meno denominado estanflaci\u00f3n; situaci\u00f3n que combina lo peor que le puede suceder a una econom\u00eda, esto es: Inflaci\u00f3n y Recesi\u00f3n. Las consecuencias inmediatas derivan en una contracci\u00f3n en la producci\u00f3n de bienes y servicios, lo que trae aparejado medidas nocivas tales como: suspensiones,<br>reducci\u00f3n de jornada y despidos.<\/p>\n\n\n\n<p>\u201cEllo sumado al incesante aumento de precios lo que impacta en el consumo impidiendo que las familias puedan acceder a bienes imprescindibles de la vida diaria. En definitiva, se sientan las bases para un c\u00f3ctel explosivo que sin lugar a dudas destruir\u00e1 a la clase media trabajadora.<\/p>\n\n\n\n<p>&#8211;<em>Obras Sociales: <\/em>\u201cLa quita de fondos al sistema de salud y la desregulaci\u00f3n de las Obras Sociales Sindicales generan una situaci\u00f3n insostenible en el tiempo, en una secuencia conocida: cada vez m\u00e1s trabajadores quedar\u00e1n sin cobertura de sus Obras Sociales y se incrementar\u00e1 la demanda a los hospitales p\u00fablicos, ya afectados por la reducci\u00f3n de recursos.<\/p>\n\n\n\n<p>\u201cAsimismo, esta pol\u00edtica intenta desfinanciar al sistema solidario de salud de nuestras instituciones, lo que a la larga tendr\u00e1 una incidencia directa en la calidad de las prestaciones m\u00e9dicas generando un perjuicio a la clase obrera y sus familias.<\/p>\n\n\n\n<p><em>-Alquileres:<\/em> \u201cLa actual modificaci\u00f3n en el r\u00e9gimen legal de los alquileres de la mano del famoso DNU 70\/23 ha dejado a merced del mercado la regulaci\u00f3n de los precios de los c\u00e1nones locativos; ello tiene un sustancial impacto negativo, en un contexto que carece de pol\u00edticas p\u00fablicas destinadas a la adquisici\u00f3n de viviendas propias. La falta de cr\u00e9ditos<br>hipotecarios o programas de vivienda social no deja a los trabajadores otra alternativa m\u00e1s que volcarse al sector de arrendamientos para solventar el problema habitacional familiar.<\/p>\n\n\n\n<p>\u201cEn C\u00f3rdoba los precios de los alquileres se han triplicado desde diciembre del a\u00f1o pasado merced a la normativa referida, siendo la brecha entre salarios y alquileres cada vez m\u00e1s grande, circunstancia que genera una inmensa incertidumbre en los trabajadores y miedo a perder su vivienda y n\u00facleo de vida.<\/p>\n\n\n\n<p><em>-Ataque a los gremios-Persecuci\u00f3n ideol\u00f3gica: <\/em>\u201cAsimismo, planteamos la profunda preocupaci\u00f3n que existe en el \u00e1mbito del sindicalismo cordob\u00e9s respecto del feroz ataque al que se lo somete de manera constante y sistem\u00e1tica por parte de representantes pol\u00edticos del Gobierno Nacional, motivado por el innegable inter\u00e9s en avasallar los derechos de los trabajadores, buscando debilitar a nuestro sector en la lucha pol\u00edtico social laboral.<\/p>\n\n\n\n<p>\u201cEn nuestra Provincia, y como ha sido reiteradamente denunciado, son muchos los empresarios que difunden una inquebrantable embestida a la actividad sindical, desconociendo la representaci\u00f3n de los gremios y sancionando hasta con el despido a los trabajadores que sostienen la adhesi\u00f3n a nuestras instituciones, ello, en una clara conducta<br>desleal que se enfrenta a los lineamientos b\u00e1sicos, irrenunciables e indisponibles que nuestra Carta Magna ha dispuesto en su articulo 14 Bis.<\/p>\n\n\n\n<p><em>-Transporte: <\/em>\u201cFinalmente, y como es sabido el Gobierno Nacional ha dispuesto la quita de subsidios al transporte p\u00fablico de pasajeros lo que tiene una incidencia directa en el bolsillo de los trabajadores quienes se ven imposibilitados de asumir el costo del colectivo. Mas a\u00fan, existen muchas localidades habitaci\u00f3n a las que se inclinan los trabajadores y<br>sus familias por el menor costo de los alquileres, en estos casos el aumento del boleto interurbano hace antiecon\u00f3mico el solo hecho de ir al trabajo.<\/p>\n\n\n\n<p>\u201cLo curioso de esto, es que en todas las naciones del mundo el transporte p\u00fablico se encuentra subsidiado por el Estado en el entendimiento de que es un servicio esencial que genera beneficios sociales y econ\u00f3micos. Por lo visto, este Gobierno anarcocapitalista tiene una mirada opuesta.<\/p>\n\n\n\n<p>&#8211;<em>Educaci\u00f3n:<\/em> \u201cFinalmente, queremos plantear el riesgo al que est\u00e1n sujetos nuestros hijos debido a que el Gobierno Nacional determin\u00f3 el fin del Fondo Nacional del Incentivo Docente, dejando a nuestros maestros y profesores en una situaci\u00f3n de extrema necesidad con salarios de indigencia.<\/p>\n\n\n\n<p>\u201cSepa el Gobierno Nacional que la educaci\u00f3n no es negociable, es un derecho humano inalienable y es el n\u00facleo del cual florecen las pr\u00f3ximas generaciones y la esperanza de nuestro pa\u00eds.<\/p>\n\n\n\n<p>&#8211;<em>Colof\u00f3n:<\/em> \u201cPor todo lo expuesto, las Organizaciones Sindicales que suscriben, ratifican su compromiso f\u00e9rreo e inclaudicable en la defensa de los derechos de los trabajadores y trabajadoras de C\u00f3rdoba, garantizando&nbsp;su apoyo a los compa\u00f1eros y compa\u00f1eras.<\/p>\n\n\n\n<p>\u201cEn este sentido, instamos de manera urgente al Gobierno de C\u00f3rdoba para que convoque a las organizaciones gremiales para abordar estos temas y todos aquellos de inter\u00e9s para los ciudadanos de la Provincia\u201d.<\/p>\n","protected":false},"excerpt":{"rendered":"<p>El Secretario General de ATE y la CTA Aut\u00f3noma de la provincia de C\u00f3rdoba, Federico Giuliani, firm\u00f3 este jueves en la sede del SMATA un Acta Acuerdo con la CGT Regional C\u00f3rdoba, que responde a la central obrera nacional. Posteriormente se realiz\u00f3 un plenario en el que se abord\u00f3 la crisis pol\u00edtica, social y econ\u00f3mica [&hellip;]<\/p>\n","protected":false},"author":7,"featured_media":42285,"comment_status":"open","ping_status":"open","sticky":false,"template":"","format":"standard","meta":{"_exactmetrics_skip_tracking":false,"_exactmetrics_sitenote_active":false,"_exactmetrics_sitenote_note":"","_exactmetrics_sitenote_category":0,"jnews-multi-image_gallery":[],"jnews_single_post":{"subtitle":"\u201cC\u00f3rdoba pari\u00f3 los programas de Huerta Grande y La Falda y en ese contexto este documento no s\u00f3lo elabora la agenda puntual de las problem\u00e1ticas del pueblo trabajador, sino que tambi\u00e9n da pistas para saber hacia donde entendemos que es la salida. Y la salida es colectiva, con m\u00e1s pol\u00edtica y mayor organizaci\u00f3n\". dijo el secretario General de ATE C\u00f3rdoba y CTAA Provincia, Federico Giuliani, durante el acto en sede de SMATA.","format":"standard","video":"","gallery":"","source_name":"","source_url":"","via_name":"","via_url":"","override_template":"0","override":[{"template":"1","single_blog_custom":"","parallax":"1","fullscreen":"1","layout":"no-sidebar-narrow","sidebar":"default-sidebar","second_sidebar":"default-sidebar","sticky_sidebar":"1","share_position":"bottom","share_float_style":"share-monocrhome","show_share_counter":"1","show_view_counter":"1","show_featured":"0","show_post_meta":"1","show_post_author":"0","show_post_author_image":"1","show_post_date":"1","post_date_format":"default","post_date_format_custom":"Y\/m\/d","show_post_category":"1","show_post_reading_time":"0","post_reading_time_wpm":"300","show_zoom_button":"0","zoom_button_out_step":"2","zoom_button_in_step":"3","show_post_tag":"1","show_prev_next_post":"0","show_popup_post":"0","number_popup_post":"1","show_author_box":"0","show_post_related":"1","show_inline_post_related":"0"}],"override_image_size":"0","image_override":[{"single_post_thumbnail_size":"crop-500","single_post_gallery_size":"crop-500"}],"trending_post":"0","trending_post_position":"meta","trending_post_label":"Trending","sponsored_post":"0","sponsored_post_label":"Sponsored by","sponsored_post_name":"","sponsored_post_url":"","sponsored_post_logo_enable":"0","sponsored_post_logo":"","sponsored_post_desc":"","disable_ad":"0"},"jnews_primary_category":{"id":"","hide":""},"jnews_social_meta":{"fb_title":"","fb_description":"","fb_image":"","twitter_title":"","twitter_description":"","twitter_image":""},"jnews_review":[],"enable_review":"0","type":"percentage","name":"","summary":"","brand":"","sku":"","good":[{"good_text":""}],"bad":[{"bad_text":""}],"score_override":"","override_value":"","rating":[{"rating_text":"","rating_number":"10"}],"price":[{"shop":"","price":"","link":"","icon":""}],"jnews_override_counter":{"override_view_counter":"0","view_counter_number":"0","override_share_counter":"0","share_counter_number":"0","override_like_counter":"0","like_counter_number":"0","override_dislike_counter":"0","dislike_counter_number":"0"},"jnews_post_split":{"enable_post_split":"0","post_split":[{"template":"1","tag":"h2","numbering":"asc","mode":"normal","first":"0","enable_toc":"0","toc_type":"normal"}]},"footnotes":""},"categories":[92],"tags":[],"class_list":["post-42284","post","type-post","status-publish","format-standard","has-post-thumbnail","hentry","category-cta"],"jetpack_featured_media_url":"https:\/\/atecordoba.org\/wp-content\/uploads\/2024\/03\/1-2-e1710520558894.jpg","_links":{"self":[{"href":"https:\/\/atecordoba.org\/index.php?rest_route=\/wp\/v2\/posts\/42284","targetHints":{"allow":["GET"]}}],"collection":[{"href":"https:\/\/atecordoba.org\/index.php?rest_route=\/wp\/v2\/posts"}],"about":[{"href":"https:\/\/atecordoba.org\/index.php?rest_route=\/wp\/v2\/types\/post"}],"author":[{"embeddable":true,"href":"https:\/\/atecordoba.org\/index.php?rest_route=\/wp\/v2\/users\/7"}],"replies":[{"embeddable":true,"href":"https:\/\/atecordoba.org\/index.php?rest_route=%2Fwp%2Fv2%2Fcomments&post=42284"}],"version-history":[{"count":2,"href":"https:\/\/atecordoba.org\/index.php?rest_route=\/wp\/v2\/posts\/42284\/revisions"}],"predecessor-version":[{"id":42291,"href":"https:\/\/atecordoba.org\/index.php?rest_route=\/wp\/v2\/posts\/42284\/revisions\/42291"}],"wp:featuredmedia":[{"embeddable":true,"href":"https:\/\/atecordoba.org\/index.php?rest_route=\/wp\/v2\/media\/42285"}],"wp:attachment":[{"href":"https:\/\/atecordoba.org\/index.php?rest_route=%2Fwp%2Fv2%2Fmedia&parent=42284"}],"wp:term":[{"taxonomy":"category","embeddable":true,"href":"https:\/\/atecordoba.org\/index.php?rest_route=%2Fwp%2Fv2%2Fcategories&post=42284"},{"taxonomy":"post_tag","embeddable":true,"href":"https:\/\/atecordoba.org\/index.php?rest_route=%2Fwp%2Fv2%2Ftags&post=42284"}],"curies":[{"name":"wp","href":"https:\/\/api.w.org\/{rel}","templated":true}]}}