{"id":42158,"date":"2024-03-11T12:22:46","date_gmt":"2024-03-11T15:22:46","guid":{"rendered":"https:\/\/atecordoba.org\/?p=42158"},"modified":"2024-03-11T12:22:46","modified_gmt":"2024-03-11T15:22:46","slug":"ate-lanza-una-nueva-jornada-nacional-de-lucha-para-el-12-de-marzo-con-movilizacion-al-arco-de-cordoba","status":"publish","type":"post","link":"https:\/\/atecordoba.org\/?p=42158","title":{"rendered":"ATE lanza una nueva Jornada Nacional de Lucha para el 12 de Marzo con movilizaci\u00f3n al Arco de C\u00f3rdoba"},"content":{"rendered":"\n<p>Tambi\u00e9n habr\u00e1 un paro total de actividades desde las 00:00hs del Martes.<\/p>\n\n\n<div class=\"wp-block-image\">\n<figure class=\"alignright size-large is-resized\"><img loading=\"lazy\" decoding=\"async\" src=\"https:\/\/atecordoba.org\/wp-content\/uploads\/2024\/03\/WhatsApp-Image-2024-03-09-at-9.29.31-PM-3-1024x1021.jpeg\" alt=\"\" class=\"wp-image-42163\" width=\"528\" height=\"501\"\/><\/figure>\n<\/div>\n\n\n<figure class=\"wp-block-image size-large is-resized\"><img loading=\"lazy\" decoding=\"async\" src=\"https:\/\/atecordoba.org\/wp-content\/uploads\/2024\/03\/WhatsApp-Image-2024-03-09-at-9.29.31-PM-2-1024x973.jpeg\" alt=\"\" class=\"wp-image-42162\" width=\"528\" height=\"501\" srcset=\"https:\/\/atecordoba.org\/wp-content\/uploads\/2024\/03\/WhatsApp-Image-2024-03-09-at-9.29.31-PM-2-1024x973.jpeg 1024w, https:\/\/atecordoba.org\/wp-content\/uploads\/2024\/03\/WhatsApp-Image-2024-03-09-at-9.29.31-PM-2-300x285.jpeg 300w, https:\/\/atecordoba.org\/wp-content\/uploads\/2024\/03\/WhatsApp-Image-2024-03-09-at-9.29.31-PM-2-768x729.jpeg 768w, https:\/\/atecordoba.org\/wp-content\/uploads\/2024\/03\/WhatsApp-Image-2024-03-09-at-9.29.31-PM-2-750x712.jpeg 750w, https:\/\/atecordoba.org\/wp-content\/uploads\/2024\/03\/WhatsApp-Image-2024-03-09-at-9.29.31-PM-2.jpeg 1077w\" sizes=\"auto, (max-width: 528px) 100vw, 528px\" \/><\/figure>\n\n\n\n<p>La Asociaci\u00f3n Trabajadores del Estado (ATE) realizar\u00e1 una Jornada Nacional de Lucha con paros y movilizaciones durante 24 horas este martes 12 de marzo frente a las pol\u00edticas impulsadas por el Gobierno Nacional que atentan contra el sistema p\u00fablico en su totalidad, a trav\u00e9s de fuertes recortes salariales, intentos de cierre de organismos y amenazas de despidos.\u00a0<\/p>\n\n\n\n<p>Junto a diferentes organizaciones sociales, sindicatos y empresas estatales se exigir\u00e1n los siguientes reclamos:<\/p>\n\n\n\n<ul class=\"wp-block-list\">\n<li>Basta de despidos en el Estado nacional, provincial y municipal<\/li>\n\n\n\n<li>Reincorporaci\u00f3n inmediata de despedidxs<\/li>\n\n\n\n<li>Salarios dignos igual que el valor de la canasta b\u00e1sica<\/li>\n\n\n\n<li>Paritarias libres y sin techo<\/li>\n\n\n\n<li>Abajo el DNU<\/li>\n<\/ul>\n\n\n\n<p>Entendiendo cada d\u00eda m\u00e1s la importancia de la unidad de lxs que luchan.<\/p>\n","protected":false},"excerpt":{"rendered":"<p>Tambi\u00e9n habr\u00e1 un paro total de actividades desde las 00:00hs del Martes. La Asociaci\u00f3n Trabajadores del Estado (ATE) realizar\u00e1 una Jornada Nacional de Lucha con paros y movilizaciones durante 24 horas este martes 12 de marzo frente a las pol\u00edticas impulsadas por el Gobierno Nacional que atentan contra el sistema p\u00fablico en su totalidad, a [&hellip;]<\/p>\n","protected":false},"author":3,"featured_media":42162,"comment_status":"open","ping_status":"open","sticky":false,"template":"","format":"standard","meta":{"_exactmetrics_skip_tracking":false,"_exactmetrics_sitenote_active":false,"_exactmetrics_sitenote_note":"","_exactmetrics_sitenote_category":0,"jnews-multi-image_gallery":[],"jnews_single_post":{"subtitle":"","format":"standard","video":"","gallery":"","source_name":"","source_url":"","via_name":"","via_url":"","override_template":"0","override":[{"template":"1","single_blog_custom":"","parallax":"1","fullscreen":"1","layout":"no-sidebar-narrow","sidebar":"default-sidebar","second_sidebar":"default-sidebar","sticky_sidebar":"1","share_position":"bottom","share_float_style":"share-monocrhome","show_share_counter":"1","show_view_counter":"1","show_featured":"0","show_post_meta":"1","show_post_author":"0","show_post_author_image":"1","show_post_date":"1","post_date_format":"default","post_date_format_custom":"Y\/m\/d","show_post_category":"1","show_post_reading_time":"0","post_reading_time_wpm":"300","show_zoom_button":"0","zoom_button_out_step":"2","zoom_button_in_step":"3","show_post_tag":"1","show_prev_next_post":"0","show_popup_post":"0","number_popup_post":"1","show_author_box":"0","show_post_related":"1","show_inline_post_related":"0"}],"override_image_size":"0","image_override":[{"single_post_thumbnail_size":"crop-500","single_post_gallery_size":"crop-500"}],"trending_post":"0","trending_post_position":"meta","trending_post_label":"Trending","sponsored_post":"0","sponsored_post_label":"Sponsored by","sponsored_post_name":"","sponsored_post_url":"","sponsored_post_logo_enable":"0","sponsored_post_logo":"","sponsored_post_desc":"","disable_ad":"0"},"jnews_primary_category":{"id":"","hide":""},"jnews_social_meta":{"fb_title":"","fb_description":"","fb_image":"","twitter_title":"","twitter_description":"","twitter_image":""},"jnews_review":[],"enable_review":"0","type":"percentage","name":"","summary":"","brand":"","sku":"","good":[{"good_text":""}],"bad":[{"bad_text":""}],"score_override":"","override_value":"","rating":[{"rating_text":"","rating_number":"10"}],"price":[{"shop":"","price":"","link":"","icon":""}],"jnews_override_counter":{"override_view_counter":"0","view_counter_number":"0","override_share_counter":"0","share_counter_number":"0","override_like_counter":"0","like_counter_number":"0","override_dislike_counter":"0","dislike_counter_number":"0"},"jnews_post_split":{"enable_post_split":"0","post_split":[{"template":"1","tag":"h2","numbering":"asc","mode":"normal","first":"0","enable_toc":"0","toc_type":"normal"}]},"footnotes":""},"categories":[10],"tags":[],"class_list":["post-42158","post","type-post","status-publish","format-standard","has-post-thumbnail","hentry","category-accion-politica"],"jetpack_featured_media_url":"https:\/\/atecordoba.org\/wp-content\/uploads\/2024\/03\/WhatsApp-Image-2024-03-09-at-9.29.31-PM-2.jpeg","_links":{"self":[{"href":"https:\/\/atecordoba.org\/index.php?rest_route=\/wp\/v2\/posts\/42158","targetHints":{"allow":["GET"]}}],"collection":[{"href":"https:\/\/atecordoba.org\/index.php?rest_route=\/wp\/v2\/posts"}],"about":[{"href":"https:\/\/atecordoba.org\/index.php?rest_route=\/wp\/v2\/types\/post"}],"author":[{"embeddable":true,"href":"https:\/\/atecordoba.org\/index.php?rest_route=\/wp\/v2\/users\/3"}],"replies":[{"embeddable":true,"href":"https:\/\/atecordoba.org\/index.php?rest_route=%2Fwp%2Fv2%2Fcomments&post=42158"}],"version-history":[{"count":1,"href":"https:\/\/atecordoba.org\/index.php?rest_route=\/wp\/v2\/posts\/42158\/revisions"}],"predecessor-version":[{"id":42164,"href":"https:\/\/atecordoba.org\/index.php?rest_route=\/wp\/v2\/posts\/42158\/revisions\/42164"}],"wp:featuredmedia":[{"embeddable":true,"href":"https:\/\/atecordoba.org\/index.php?rest_route=\/wp\/v2\/media\/42162"}],"wp:attachment":[{"href":"https:\/\/atecordoba.org\/index.php?rest_route=%2Fwp%2Fv2%2Fmedia&parent=42158"}],"wp:term":[{"taxonomy":"category","embeddable":true,"href":"https:\/\/atecordoba.org\/index.php?rest_route=%2Fwp%2Fv2%2Fcategories&post=42158"},{"taxonomy":"post_tag","embeddable":true,"href":"https:\/\/atecordoba.org\/index.php?rest_route=%2Fwp%2Fv2%2Ftags&post=42158"}],"curies":[{"name":"wp","href":"https:\/\/api.w.org\/{rel}","templated":true}]}}