{"id":42136,"date":"2024-03-11T10:26:43","date_gmt":"2024-03-11T13:26:43","guid":{"rendered":"https:\/\/atecordoba.org\/?p=42136"},"modified":"2024-03-11T11:43:10","modified_gmt":"2024-03-11T14:43:10","slug":"8-de-marzo-en-cordoba-ate-se-hizo-sentir-en-defensa-de-lxs-estatales-y-lo-publico","status":"publish","type":"post","link":"https:\/\/atecordoba.org\/?p=42136","title":{"rendered":"8 de marzo en C\u00f3rdoba: ATE se hizo sentir en defensa de lxs estatales y lo p\u00fablico"},"content":{"rendered":"\n<p>La marea feminista inund\u00f3 las calles de C\u00f3rdoba en defensa de los derechos conquistados, frente a la amenaza de los discursos y pr\u00e1cticas de odio, y la profundizaci\u00f3n de la feminizaci\u00f3n de la pobreza ante las pol\u00edticas de ajuste imperantes.<\/p>\n\n\n\n<figure class=\"wp-block-image size-large\"><img loading=\"lazy\" decoding=\"async\" width=\"1024\" height=\"576\" src=\"https:\/\/atecordoba.org\/wp-content\/uploads\/2024\/03\/WhatsApp-Image-2024-03-11-at-8.24.26-AM-2-1024x576.jpeg\" alt=\"\" class=\"wp-image-42138\" srcset=\"https:\/\/atecordoba.org\/wp-content\/uploads\/2024\/03\/WhatsApp-Image-2024-03-11-at-8.24.26-AM-2-1024x576.jpeg 1024w, https:\/\/atecordoba.org\/wp-content\/uploads\/2024\/03\/WhatsApp-Image-2024-03-11-at-8.24.26-AM-2-300x169.jpeg 300w, https:\/\/atecordoba.org\/wp-content\/uploads\/2024\/03\/WhatsApp-Image-2024-03-11-at-8.24.26-AM-2-768x432.jpeg 768w, https:\/\/atecordoba.org\/wp-content\/uploads\/2024\/03\/WhatsApp-Image-2024-03-11-at-8.24.26-AM-2-1536x864.jpeg 1536w, https:\/\/atecordoba.org\/wp-content\/uploads\/2024\/03\/WhatsApp-Image-2024-03-11-at-8.24.26-AM-2-750x422.jpeg 750w, https:\/\/atecordoba.org\/wp-content\/uploads\/2024\/03\/WhatsApp-Image-2024-03-11-at-8.24.26-AM-2-1140x641.jpeg 1140w, https:\/\/atecordoba.org\/wp-content\/uploads\/2024\/03\/WhatsApp-Image-2024-03-11-at-8.24.26-AM-2.jpeg 1600w\" sizes=\"auto, (max-width: 1024px) 100vw, 1024px\" \/><\/figure>\n\n\n\n<p>Este 8 de marzo se llev\u00f3 a cabo el primer paro transfeminista contra el gobierno de Javier Milei donde m\u00e1s de 60.000 mujeres y disidencias militantes, activistas, de organizaciones sociales, derechos humanos, partidos pol\u00edticos, sindicatos y autoconvocadas se dieron cita este viernes en en el centro de<a href=\"https:\/\/www.instagram.com\/explore\/tags\/c%C3%B3rdoba\/\"> <\/a>C\u00f3rdoba&nbsp;en un nuevo Paro Internacional de Mujeres Trabajadoras.<\/p>\n\n\n\n<p>Nuestras compa\u00f1eras trabajadoras concentraron en la esquina de Col\u00f3n y Fragueiro y se dirigieron hacia las inmediaciones del Patio Olmos.<\/p>\n\n\n\n<figure class=\"wp-block-image size-large\"><img loading=\"lazy\" decoding=\"async\" width=\"1024\" height=\"768\" src=\"https:\/\/atecordoba.org\/wp-content\/uploads\/2024\/03\/WhatsApp-Image-2024-03-11-at-8.24.24-AM-1024x768.jpeg\" alt=\"\" class=\"wp-image-42139\" srcset=\"https:\/\/atecordoba.org\/wp-content\/uploads\/2024\/03\/WhatsApp-Image-2024-03-11-at-8.24.24-AM-1024x768.jpeg 1024w, https:\/\/atecordoba.org\/wp-content\/uploads\/2024\/03\/WhatsApp-Image-2024-03-11-at-8.24.24-AM-300x225.jpeg 300w, https:\/\/atecordoba.org\/wp-content\/uploads\/2024\/03\/WhatsApp-Image-2024-03-11-at-8.24.24-AM-768x576.jpeg 768w, https:\/\/atecordoba.org\/wp-content\/uploads\/2024\/03\/WhatsApp-Image-2024-03-11-at-8.24.24-AM-1536x1152.jpeg 1536w, https:\/\/atecordoba.org\/wp-content\/uploads\/2024\/03\/WhatsApp-Image-2024-03-11-at-8.24.24-AM-750x563.jpeg 750w, https:\/\/atecordoba.org\/wp-content\/uploads\/2024\/03\/WhatsApp-Image-2024-03-11-at-8.24.24-AM-1140x855.jpeg 1140w, https:\/\/atecordoba.org\/wp-content\/uploads\/2024\/03\/WhatsApp-Image-2024-03-11-at-8.24.24-AM.jpeg 1600w\" sizes=\"auto, (max-width: 1024px) 100vw, 1024px\" \/><\/figure>\n\n\n\n<p>Durante el transcurso de la marcha las estatales visibilizaron nuestras principales demandas reclamando salarios dignos, el cese de despidxs de trabajadorxs en el estado, contra el ajuste y el hambre y la baja del Decreto de Necesidad de Urgencia del gobierno nacional de Javier Milei que est\u00e1 provocando un aumento atroz de la pobreza, donde el sector m\u00e1s afectado son las familias monomarentales que tienen como \u00fanico ingreso el trabajo de las jefas de hogar y que hoy no pueden sostener las cuatro comidas diarias para sus hijxs.&nbsp;<\/p>\n\n\n\n<p>En el sector estatal la situaci\u00f3n es grave con trabajadoras y trabajadorxs que se encuentran con salarios por debajo de la l\u00ednea de pobreza, con amenazas de despidos y cierres de programas que atentan contra la garant\u00eda de derechos.<\/p>\n\n\n\n<figure class=\"wp-block-image size-large\"><img loading=\"lazy\" decoding=\"async\" width=\"1024\" height=\"461\" src=\"https:\/\/atecordoba.org\/wp-content\/uploads\/2024\/03\/WhatsApp-Image-2024-03-11-at-8.24.23-AM-1-1024x461.jpeg\" alt=\"\" class=\"wp-image-42143\" srcset=\"https:\/\/atecordoba.org\/wp-content\/uploads\/2024\/03\/WhatsApp-Image-2024-03-11-at-8.24.23-AM-1-1024x461.jpeg 1024w, https:\/\/atecordoba.org\/wp-content\/uploads\/2024\/03\/WhatsApp-Image-2024-03-11-at-8.24.23-AM-1-300x135.jpeg 300w, https:\/\/atecordoba.org\/wp-content\/uploads\/2024\/03\/WhatsApp-Image-2024-03-11-at-8.24.23-AM-1-768x346.jpeg 768w, https:\/\/atecordoba.org\/wp-content\/uploads\/2024\/03\/WhatsApp-Image-2024-03-11-at-8.24.23-AM-1-750x338.jpeg 750w, https:\/\/atecordoba.org\/wp-content\/uploads\/2024\/03\/WhatsApp-Image-2024-03-11-at-8.24.23-AM-1-1140x513.jpeg 1140w, https:\/\/atecordoba.org\/wp-content\/uploads\/2024\/03\/WhatsApp-Image-2024-03-11-at-8.24.23-AM-1.jpeg 1280w\" sizes=\"auto, (max-width: 1024px) 100vw, 1024px\" \/><\/figure>\n\n\n\n<p>El recorte de pol\u00edticas p\u00fablicas con perspectiva de g\u00e9nero destinadas a sostener a los sectores m\u00e1s vulnerables de la sociedad y la destrucci\u00f3n del Estado que est\u00e1 llevando adelante el gobierno de Javier Milei, representa un retroceso enorme en todo lo alcanzado hasta el momento. Es por eso que el movimiento transfeminista, en articulaci\u00f3n con los sindicatos, partidos pol\u00edticos y organizaciones sociales, salieron a las calles para defender los derechos conquistados y asegurar que no dar\u00e1n \u00a1Ni un paso atr\u00e1s!<\/p>\n\n\n\n<figure class=\"wp-block-image size-large is-resized\"><img loading=\"lazy\" decoding=\"async\" src=\"https:\/\/atecordoba.org\/wp-content\/uploads\/2024\/03\/WhatsApp-Image-2024-03-11-at-8.24.22-AM-768x1024.jpeg\" alt=\"\" class=\"wp-image-42137\" width=\"384\" height=\"512\" srcset=\"https:\/\/atecordoba.org\/wp-content\/uploads\/2024\/03\/WhatsApp-Image-2024-03-11-at-8.24.22-AM-768x1024.jpeg 768w, https:\/\/atecordoba.org\/wp-content\/uploads\/2024\/03\/WhatsApp-Image-2024-03-11-at-8.24.22-AM-225x300.jpeg 225w, https:\/\/atecordoba.org\/wp-content\/uploads\/2024\/03\/WhatsApp-Image-2024-03-11-at-8.24.22-AM-1152x1536.jpeg 1152w, https:\/\/atecordoba.org\/wp-content\/uploads\/2024\/03\/WhatsApp-Image-2024-03-11-at-8.24.22-AM-750x1000.jpeg 750w, https:\/\/atecordoba.org\/wp-content\/uploads\/2024\/03\/WhatsApp-Image-2024-03-11-at-8.24.22-AM-1140x1520.jpeg 1140w, https:\/\/atecordoba.org\/wp-content\/uploads\/2024\/03\/WhatsApp-Image-2024-03-11-at-8.24.22-AM.jpeg 1200w\" sizes=\"auto, (max-width: 384px) 100vw, 384px\" \/><\/figure>\n\n\n\n<figure class=\"wp-block-image size-large\"><img loading=\"lazy\" decoding=\"async\" width=\"1024\" height=\"576\" src=\"https:\/\/atecordoba.org\/wp-content\/uploads\/2024\/03\/WhatsApp-Image-2024-03-11-at-8.24.26-AM-1-1024x576.jpeg\" alt=\"\" class=\"wp-image-42140\" srcset=\"https:\/\/atecordoba.org\/wp-content\/uploads\/2024\/03\/WhatsApp-Image-2024-03-11-at-8.24.26-AM-1-1024x576.jpeg 1024w, https:\/\/atecordoba.org\/wp-content\/uploads\/2024\/03\/WhatsApp-Image-2024-03-11-at-8.24.26-AM-1-300x169.jpeg 300w, https:\/\/atecordoba.org\/wp-content\/uploads\/2024\/03\/WhatsApp-Image-2024-03-11-at-8.24.26-AM-1-768x432.jpeg 768w, https:\/\/atecordoba.org\/wp-content\/uploads\/2024\/03\/WhatsApp-Image-2024-03-11-at-8.24.26-AM-1-1536x864.jpeg 1536w, https:\/\/atecordoba.org\/wp-content\/uploads\/2024\/03\/WhatsApp-Image-2024-03-11-at-8.24.26-AM-1-750x422.jpeg 750w, https:\/\/atecordoba.org\/wp-content\/uploads\/2024\/03\/WhatsApp-Image-2024-03-11-at-8.24.26-AM-1-1140x641.jpeg 1140w, https:\/\/atecordoba.org\/wp-content\/uploads\/2024\/03\/WhatsApp-Image-2024-03-11-at-8.24.26-AM-1.jpeg 1600w\" sizes=\"auto, (max-width: 1024px) 100vw, 1024px\" \/><\/figure>\n\n\n\n<p><\/p>\n\n\n\n<p><\/p>\n\n\n\n<p><\/p>\n","protected":false},"excerpt":{"rendered":"<p>La marea feminista inund\u00f3 las calles de C\u00f3rdoba en defensa de los derechos conquistados, frente a la amenaza de los discursos y pr\u00e1cticas de odio, y la profundizaci\u00f3n de la feminizaci\u00f3n de la pobreza ante las pol\u00edticas de ajuste imperantes. Este 8 de marzo se llev\u00f3 a cabo el primer paro transfeminista contra el gobierno [&hellip;]<\/p>\n","protected":false},"author":3,"featured_media":42138,"comment_status":"open","ping_status":"open","sticky":false,"template":"","format":"standard","meta":{"_exactmetrics_skip_tracking":false,"_exactmetrics_sitenote_active":false,"_exactmetrics_sitenote_note":"","_exactmetrics_sitenote_category":0,"jnews-multi-image_gallery":[],"jnews_single_post":{"subtitle":"","format":"standard","video":"","gallery":"","source_name":"","source_url":"","via_name":"","via_url":"","override_template":"0","override":[{"template":"1","single_blog_custom":"","parallax":"1","fullscreen":"1","layout":"no-sidebar-narrow","sidebar":"default-sidebar","second_sidebar":"default-sidebar","sticky_sidebar":"1","share_position":"bottom","share_float_style":"share-monocrhome","show_share_counter":"1","show_view_counter":"1","show_featured":"0","show_post_meta":"1","show_post_author":"0","show_post_author_image":"1","show_post_date":"1","post_date_format":"default","post_date_format_custom":"Y\/m\/d","show_post_category":"1","show_post_reading_time":"0","post_reading_time_wpm":"300","show_zoom_button":"0","zoom_button_out_step":"2","zoom_button_in_step":"3","show_post_tag":"1","show_prev_next_post":"0","show_popup_post":"0","number_popup_post":"1","show_author_box":"0","show_post_related":"1","show_inline_post_related":"0"}],"override_image_size":"0","image_override":[{"single_post_thumbnail_size":"crop-500","single_post_gallery_size":"crop-500"}],"trending_post":"0","trending_post_position":"meta","trending_post_label":"Trending","sponsored_post":"0","sponsored_post_label":"Sponsored by","sponsored_post_name":"","sponsored_post_url":"","sponsored_post_logo_enable":"0","sponsored_post_logo":"","sponsored_post_desc":"","disable_ad":"0"},"jnews_primary_category":{"id":"","hide":""},"jnews_social_meta":{"fb_title":"","fb_description":"","fb_image":"","twitter_title":"","twitter_description":"","twitter_image":""},"jnews_review":[],"enable_review":"0","type":"percentage","name":"","summary":"","brand":"","sku":"","good":[{"good_text":""}],"bad":[{"bad_text":""}],"score_override":"","override_value":"","rating":[{"rating_text":"","rating_number":"10"}],"price":[{"shop":"","price":"","link":"","icon":""}],"jnews_override_counter":{"override_view_counter":"0","view_counter_number":"0","override_share_counter":"0","share_counter_number":"0","override_like_counter":"0","like_counter_number":"0","override_dislike_counter":"0","dislike_counter_number":"0"},"jnews_post_split":{"enable_post_split":"0","post_split":[{"template":"1","tag":"h2","numbering":"asc","mode":"normal","first":"0","enable_toc":"0","toc_type":"normal"}]},"footnotes":""},"categories":[325],"tags":[],"class_list":["post-42136","post","type-post","status-publish","format-standard","has-post-thumbnail","hentry","category-generos-y-diversidades"],"jetpack_featured_media_url":"https:\/\/atecordoba.org\/wp-content\/uploads\/2024\/03\/WhatsApp-Image-2024-03-11-at-8.24.26-AM-2.jpeg","_links":{"self":[{"href":"https:\/\/atecordoba.org\/index.php?rest_route=\/wp\/v2\/posts\/42136","targetHints":{"allow":["GET"]}}],"collection":[{"href":"https:\/\/atecordoba.org\/index.php?rest_route=\/wp\/v2\/posts"}],"about":[{"href":"https:\/\/atecordoba.org\/index.php?rest_route=\/wp\/v2\/types\/post"}],"author":[{"embeddable":true,"href":"https:\/\/atecordoba.org\/index.php?rest_route=\/wp\/v2\/users\/3"}],"replies":[{"embeddable":true,"href":"https:\/\/atecordoba.org\/index.php?rest_route=%2Fwp%2Fv2%2Fcomments&post=42136"}],"version-history":[{"count":4,"href":"https:\/\/atecordoba.org\/index.php?rest_route=\/wp\/v2\/posts\/42136\/revisions"}],"predecessor-version":[{"id":42154,"href":"https:\/\/atecordoba.org\/index.php?rest_route=\/wp\/v2\/posts\/42136\/revisions\/42154"}],"wp:featuredmedia":[{"embeddable":true,"href":"https:\/\/atecordoba.org\/index.php?rest_route=\/wp\/v2\/media\/42138"}],"wp:attachment":[{"href":"https:\/\/atecordoba.org\/index.php?rest_route=%2Fwp%2Fv2%2Fmedia&parent=42136"}],"wp:term":[{"taxonomy":"category","embeddable":true,"href":"https:\/\/atecordoba.org\/index.php?rest_route=%2Fwp%2Fv2%2Fcategories&post=42136"},{"taxonomy":"post_tag","embeddable":true,"href":"https:\/\/atecordoba.org\/index.php?rest_route=%2Fwp%2Fv2%2Ftags&post=42136"}],"curies":[{"name":"wp","href":"https:\/\/api.w.org\/{rel}","templated":true}]}}