{"id":42125,"date":"2024-03-08T14:32:45","date_gmt":"2024-03-08T17:32:45","guid":{"rendered":"https:\/\/atecordoba.org\/?p=42125"},"modified":"2024-03-08T14:32:46","modified_gmt":"2024-03-08T17:32:46","slug":"las-estatales-de-cordoba-marchamos-junto-a-miles-de-mujeres-por-el-dia-internacional-de-la-mujer-trabajadora","status":"publish","type":"post","link":"https:\/\/atecordoba.org\/?p=42125","title":{"rendered":"Las estatales de C\u00f3rdoba marchamos junto a miles de mujeres por el D\u00eda Internacional de la Mujer Trabajadora"},"content":{"rendered":"<div class=\"wp-block-image\">\n<figure class=\"aligncenter size-large is-resized\"><img loading=\"lazy\" decoding=\"async\" src=\"https:\/\/atecordoba.org\/wp-content\/uploads\/2024\/03\/WhatsApp-Image-2024-03-08-at-12.24.28-1024x1024.jpeg\" alt=\"\" class=\"wp-image-42126\" width=\"512\" height=\"512\" srcset=\"https:\/\/atecordoba.org\/wp-content\/uploads\/2024\/03\/WhatsApp-Image-2024-03-08-at-12.24.28-1024x1024.jpeg 1024w, https:\/\/atecordoba.org\/wp-content\/uploads\/2024\/03\/WhatsApp-Image-2024-03-08-at-12.24.28-300x300.jpeg 300w, https:\/\/atecordoba.org\/wp-content\/uploads\/2024\/03\/WhatsApp-Image-2024-03-08-at-12.24.28-150x150.jpeg 150w, https:\/\/atecordoba.org\/wp-content\/uploads\/2024\/03\/WhatsApp-Image-2024-03-08-at-12.24.28-768x768.jpeg 768w, https:\/\/atecordoba.org\/wp-content\/uploads\/2024\/03\/WhatsApp-Image-2024-03-08-at-12.24.28-560x560.jpeg 560w, https:\/\/atecordoba.org\/wp-content\/uploads\/2024\/03\/WhatsApp-Image-2024-03-08-at-12.24.28-75x75.jpeg 75w, https:\/\/atecordoba.org\/wp-content\/uploads\/2024\/03\/WhatsApp-Image-2024-03-08-at-12.24.28-350x350.jpeg 350w, https:\/\/atecordoba.org\/wp-content\/uploads\/2024\/03\/WhatsApp-Image-2024-03-08-at-12.24.28-750x750.jpeg 750w, https:\/\/atecordoba.org\/wp-content\/uploads\/2024\/03\/WhatsApp-Image-2024-03-08-at-12.24.28.jpeg 1080w\" sizes=\"auto, (max-width: 512px) 100vw, 512px\" \/><\/figure>\n<\/div>\n\n\n<p>Hoy a las 18 horas las mujeres estatales nos concentramos para marchar el D\u00eda Internacional de la Mujer Trabajadora. <\/p>\n\n\n\n<p>Nos encontramos en la esquina de Col\u00f3n y Fragueiro para caminar por el centro de la ciudad en reclamo de: salarios dignos, No al DNU, Contra el ajuste y el Hambre, Basta de despedir trabajadorxs, Por nuestros derechos conquistados!<\/p>\n\n\n\n<p>Para poner freno a la campa\u00f1a antiderechos que lleva adelante el gobierno de Javier Milei construimos unidad en las calles de C\u00f3rdoba. Las pol\u00edticas oficiales de ajuste se ensa\u00f1aron especialmente con las mujeres, que ya venimos sufriendo la feminizaci\u00f3n de la pobreza y peores salarios que los varones a igual actividad. <\/p>\n\n\n\n<p>No vamos a resignar ning\u00fan derecho. Las y los estatales reclamamos el cumplimiento de la normativa vigente y el fin de la persecuci\u00f3n antisindical y mis\u00f3gina en el Estado.<\/p>\n\n\n\n<p><strong>Sal\u00f3n de las Mujeres<\/strong><\/p>\n\n\n\n<p>ATE repudia en cambio de denominaci\u00f3n al Sal\u00f3n de las Mujeres, donde ubic\u00f3 al grupo de trolls que hace propaganda de odio por redes sociales. El anunciador oficial, Manuel Adorni, adelant\u00f3 esta ma\u00f1ana en su tradicional rueda de prensa que el mencionado Sal\u00f3n, que hab\u00ed9a sido inaugurado pro la Presidenta Cristina Fern\u00e1ndez de Kirchner con im\u00e1genes de figuras como Eva Per\u00f3n, Cecilia Grierson, Juana Azurduy, Lola Mora, Mariquita S\u00e1nchez de Thompson, Alfonsina Storni, Alicia Moreau de Justo, Tita Merello, Victoria Ocampo, Aim\u00e9 Pain\u00e9, Paloma Efron (Blakie) y las Madres de Plaza de Mayo. Posteriormente, Mauricio Macri redujo el espacio a box de oficinas. Pero Alberto Fern\u00e1ndez la reinaugur\u00f3 con m\u00e1s representaciones de Lohana Berkins, Carlos J\u00e1uregui, Mar\u00eda Elena Walsh, N\u00e9stor Perlongher, y Mar\u00eda Florentina G\u00f3mez Miranda. &nbsp;<\/p>\n\n\n\n<p><\/p>\n\n\n\n<p><\/p>\n","protected":false},"excerpt":{"rendered":"<p>Hoy a las 18 horas las mujeres estatales nos concentramos para marchar el D\u00eda Internacional de la Mujer Trabajadora. Nos encontramos en la esquina de Col\u00f3n y Fragueiro para caminar por el centro de la ciudad en reclamo de: salarios dignos, No al DNU, Contra el ajuste y el Hambre, Basta de despedir trabajadorxs, Por [&hellip;]<\/p>\n","protected":false},"author":7,"featured_media":42127,"comment_status":"open","ping_status":"open","sticky":false,"template":"","format":"standard","meta":{"_exactmetrics_skip_tracking":false,"_exactmetrics_sitenote_active":false,"_exactmetrics_sitenote_note":"","_exactmetrics_sitenote_category":0,"jnews-multi-image_gallery":[],"jnews_single_post":{"subtitle":"ATE repudia el cambio de nombre del Sal\u00f3n de las Mujeres de la Casa Rosada.","format":"standard","video":"","gallery":"","source_name":"","source_url":"","via_name":"","via_url":"","override_template":"0","override":[{"template":"1","single_blog_custom":"","parallax":"1","fullscreen":"1","layout":"no-sidebar-narrow","sidebar":"default-sidebar","second_sidebar":"default-sidebar","sticky_sidebar":"1","share_position":"bottom","share_float_style":"share-monocrhome","show_share_counter":"1","show_view_counter":"1","show_featured":"0","show_post_meta":"1","show_post_author":"0","show_post_author_image":"1","show_post_date":"1","post_date_format":"default","post_date_format_custom":"Y\/m\/d","show_post_category":"1","show_post_reading_time":"0","post_reading_time_wpm":"300","show_zoom_button":"0","zoom_button_out_step":"2","zoom_button_in_step":"3","show_post_tag":"1","show_prev_next_post":"0","show_popup_post":"0","number_popup_post":"1","show_author_box":"0","show_post_related":"1","show_inline_post_related":"0"}],"override_image_size":"0","image_override":[{"single_post_thumbnail_size":"crop-500","single_post_gallery_size":"crop-500"}],"trending_post":"0","trending_post_position":"meta","trending_post_label":"Trending","sponsored_post":"0","sponsored_post_label":"Sponsored by","sponsored_post_name":"","sponsored_post_url":"","sponsored_post_logo_enable":"0","sponsored_post_logo":"","sponsored_post_desc":"","disable_ad":"0"},"jnews_primary_category":{"id":"","hide":""},"jnews_social_meta":{"fb_title":"","fb_description":"","fb_image":"","twitter_title":"","twitter_description":"","twitter_image":""},"jnews_review":[],"enable_review":"0","type":"percentage","name":"","summary":"","brand":"","sku":"","good":[{"good_text":""}],"bad":[{"bad_text":""}],"score_override":"","override_value":"","rating":[{"rating_text":"","rating_number":"10"}],"price":[{"shop":"","price":"","link":"","icon":""}],"jnews_override_counter":{"override_view_counter":"0","view_counter_number":"0","override_share_counter":"0","share_counter_number":"0","override_like_counter":"0","like_counter_number":"0","override_dislike_counter":"0","dislike_counter_number":"0"},"jnews_post_split":{"enable_post_split":"0","post_split":[{"template":"1","tag":"h2","numbering":"asc","mode":"normal","first":"0","enable_toc":"0","toc_type":"normal"}]},"footnotes":""},"categories":[325],"tags":[],"class_list":["post-42125","post","type-post","status-publish","format-standard","has-post-thumbnail","hentry","category-generos-y-diversidades"],"jetpack_featured_media_url":"https:\/\/atecordoba.org\/wp-content\/uploads\/2024\/03\/m8.jpeg","_links":{"self":[{"href":"https:\/\/atecordoba.org\/index.php?rest_route=\/wp\/v2\/posts\/42125","targetHints":{"allow":["GET"]}}],"collection":[{"href":"https:\/\/atecordoba.org\/index.php?rest_route=\/wp\/v2\/posts"}],"about":[{"href":"https:\/\/atecordoba.org\/index.php?rest_route=\/wp\/v2\/types\/post"}],"author":[{"embeddable":true,"href":"https:\/\/atecordoba.org\/index.php?rest_route=\/wp\/v2\/users\/7"}],"replies":[{"embeddable":true,"href":"https:\/\/atecordoba.org\/index.php?rest_route=%2Fwp%2Fv2%2Fcomments&post=42125"}],"version-history":[{"count":1,"href":"https:\/\/atecordoba.org\/index.php?rest_route=\/wp\/v2\/posts\/42125\/revisions"}],"predecessor-version":[{"id":42128,"href":"https:\/\/atecordoba.org\/index.php?rest_route=\/wp\/v2\/posts\/42125\/revisions\/42128"}],"wp:featuredmedia":[{"embeddable":true,"href":"https:\/\/atecordoba.org\/index.php?rest_route=\/wp\/v2\/media\/42127"}],"wp:attachment":[{"href":"https:\/\/atecordoba.org\/index.php?rest_route=%2Fwp%2Fv2%2Fmedia&parent=42125"}],"wp:term":[{"taxonomy":"category","embeddable":true,"href":"https:\/\/atecordoba.org\/index.php?rest_route=%2Fwp%2Fv2%2Fcategories&post=42125"},{"taxonomy":"post_tag","embeddable":true,"href":"https:\/\/atecordoba.org\/index.php?rest_route=%2Fwp%2Fv2%2Ftags&post=42125"}],"curies":[{"name":"wp","href":"https:\/\/api.w.org\/{rel}","templated":true}]}}