{"id":42118,"date":"2024-03-08T12:28:24","date_gmt":"2024-03-08T15:28:24","guid":{"rendered":"https:\/\/atecordoba.org\/?p=42118"},"modified":"2024-03-08T12:28:24","modified_gmt":"2024-03-08T15:28:24","slug":"logro-de-ate-para-celebrar-el-8m-el-gobierno-reincorporo-a-7-trabajadoras-de-paicor-en-cordoba-capital","status":"publish","type":"post","link":"https:\/\/atecordoba.org\/?p=42118","title":{"rendered":"Logro de ATE: para celebrar el 8M el gobierno reincorpor\u00f3 a 7 trabajadoras de PAICOR en C\u00f3rdoba Capital"},"content":{"rendered":"<div class=\"wp-block-image\">\n<figure class=\"aligncenter size-large is-resized\"><img loading=\"lazy\" decoding=\"async\" src=\"https:\/\/atecordoba.org\/wp-content\/uploads\/2024\/03\/WhatsApp-Image-2024-03-08-at-09.54.24-1024x578.jpeg\" alt=\"\" class=\"wp-image-42119\" width=\"768\" height=\"434\" \/><\/figure>\n<\/div>\n\n\n<p>Hoy estuvieron en sede de ATE C\u00f3rdoba las siete compa\u00f1eras auxiliares de PAICOR que hab\u00edan sido despedidas en diciembre pasado y ahora recuperaron sus puestos de trabajo. <\/p>\n\n\n\n<p>Se trata de un logro alcanzado a partir de la intervenci\u00f3n de ATE ante las autoridades del Gobierno de C\u00f3rdoba, que destaca el valor de la sindicalizaci\u00f3n como camino de organizaci\u00f3n para recuperar derechos, como es el derecho a mantener sus puestos de trabajo. <\/p>\n\n\n\n<p>As\u00ed lo destac\u00f3 nuestro secretario General, Federico Giuliani, en una reuni\u00f3n mantenida con las compa\u00f1eras esta ma\u00f1ana. <\/p>\n\n\n<div class=\"wp-block-image\">\n<figure class=\"aligncenter size-large is-resized\"><img loading=\"lazy\" decoding=\"async\" src=\"https:\/\/atecordoba.org\/wp-content\/uploads\/2024\/03\/WhatsApp-Image-2024-03-08-at-09.54.25-2-1024x578.jpeg\" alt=\"\" class=\"wp-image-42120\" width=\"768\" height=\"434\" srcset=\"https:\/\/atecordoba.org\/wp-content\/uploads\/2024\/03\/WhatsApp-Image-2024-03-08-at-09.54.25-2-1024x578.jpeg 1024w, https:\/\/atecordoba.org\/wp-content\/uploads\/2024\/03\/WhatsApp-Image-2024-03-08-at-09.54.25-2-300x169.jpeg 300w, https:\/\/atecordoba.org\/wp-content\/uploads\/2024\/03\/WhatsApp-Image-2024-03-08-at-09.54.25-2-768x434.jpeg 768w, https:\/\/atecordoba.org\/wp-content\/uploads\/2024\/03\/WhatsApp-Image-2024-03-08-at-09.54.25-2-1536x867.jpeg 1536w, https:\/\/atecordoba.org\/wp-content\/uploads\/2024\/03\/WhatsApp-Image-2024-03-08-at-09.54.25-2-2048x1156.jpeg 2048w, https:\/\/atecordoba.org\/wp-content\/uploads\/2024\/03\/WhatsApp-Image-2024-03-08-at-09.54.25-2-750x423.jpeg 750w, https:\/\/atecordoba.org\/wp-content\/uploads\/2024\/03\/WhatsApp-Image-2024-03-08-at-09.54.25-2-1140x644.jpeg 1140w\" sizes=\"auto, (max-width: 768px) 100vw, 768px\" \/><\/figure>\n<\/div>\n\n\n<p>Vale destacar el rol de la secretaria Adjunta de ATE, Gabriela Alcoba, que tom\u00f3 la gesti\u00f3n y logr\u00f3 hacer valer el reclamo de estas compa\u00f1eras, en su mayor\u00eda jefas de hogar y con largos a\u00f1os de antig\u00fcedad en PAICOR. <\/p>\n\n\n\n<p>&#8220;Entendemos que es fundamental la sindicalizaci\u00f3n de las miles de compa\u00f1eras que hay en todo el territorio cordob\u00e9s que son parte del sostenimiento de la educaci\u00f3n p\u00fablica&#8221;, dijo Giuliani.<\/p>\n\n\n\n<p>&#8220;No hay educaci\u00f3n p\u00fablica con trabajadoras del PAICOR cobrando salarios por debajo de la l\u00ednea de la indigencia n cada rinconcito de C\u00f3rdoba a sindicalizarse en ATE porque es el \u00fanico gremio que va a pelear por los derechos laborales de las compa\u00f1eras. Por eso nos hace muy felices que en un contexto tan dif\u00edcil las compa\u00f1eras vuelvan a tener laburo y poder llevar el sustento a su mesa, significa que la organizaci\u00f3n gremial sirve colectivamente para cambiar las injusticias por derechos conquistados&#8221;,  remarc\u00f3 el dirigente.<\/p>\n\n\n<div class=\"wp-block-image\">\n<figure class=\"aligncenter size-large is-resized\"><img loading=\"lazy\" decoding=\"async\" src=\"https:\/\/atecordoba.org\/wp-content\/uploads\/2024\/03\/WhatsApp-Image-2024-03-08-at-09.54.25-1-1024x578.jpeg\" alt=\"\" class=\"wp-image-42121\" width=\"768\" height=\"434\" srcset=\"https:\/\/atecordoba.org\/wp-content\/uploads\/2024\/03\/WhatsApp-Image-2024-03-08-at-09.54.25-1-1024x578.jpeg 1024w, https:\/\/atecordoba.org\/wp-content\/uploads\/2024\/03\/WhatsApp-Image-2024-03-08-at-09.54.25-1-300x169.jpeg 300w, https:\/\/atecordoba.org\/wp-content\/uploads\/2024\/03\/WhatsApp-Image-2024-03-08-at-09.54.25-1-768x434.jpeg 768w, https:\/\/atecordoba.org\/wp-content\/uploads\/2024\/03\/WhatsApp-Image-2024-03-08-at-09.54.25-1-1536x867.jpeg 1536w, https:\/\/atecordoba.org\/wp-content\/uploads\/2024\/03\/WhatsApp-Image-2024-03-08-at-09.54.25-1-2048x1156.jpeg 2048w, https:\/\/atecordoba.org\/wp-content\/uploads\/2024\/03\/WhatsApp-Image-2024-03-08-at-09.54.25-1-750x423.jpeg 750w, https:\/\/atecordoba.org\/wp-content\/uploads\/2024\/03\/WhatsApp-Image-2024-03-08-at-09.54.25-1-1140x644.jpeg 1140w\" sizes=\"auto, (max-width: 768px) 100vw, 768px\" \/><\/figure>\n<\/div>\n\n\n<p>Por su parte las trabajadoras dieron su testimonio, afirmando que &#8220;este 8 M estamos muy contentas y agradecidas por el regalo que nos hicieron Federico Giuliani y Gabriela Alcoba, y a Anal\u00eda de R\u00edo Tercero que fue nuestro primer contacto&#8221;. <\/p>\n\n\n\n<p>&#8220;Como casi todas mis compa\u00f1eras, con trabajo precarizado, hemos luchado por los ni\u00f1os y por las escuelas, contra el hambre, trabajando cinco horas diarias y convencidas que la injusticia no se puede imponer por sobre los derechos de las trabajadoras&#8221;, agreg\u00f3 otra compa\u00f1era.<\/p>\n\n\n\n<p>&#8220;La lucha reci\u00e9n empieza y la vamos a seguir por nosotras y por todas las despedidas de las auxiliares de PAICOR. En este d\u00eda de la mujer esperamos que todas ser\u00e1n reincorporadas&#8221;, complet\u00f3 otra de las auxiliares de PAICOR que el lunes podr\u00e1 volver a su puesto de trabajo, devolviendo un poquito de dignidad a la educaci\u00f3n p\u00fablica.<\/p>\n\n\n\n<figure class=\"wp-block-gallery has-nested-images columns-default is-cropped wp-block-gallery-1 is-layout-flex wp-block-gallery-is-layout-flex\">\n<figure class=\"wp-block-image size-large\"><img loading=\"lazy\" decoding=\"async\" width=\"1024\" height=\"578\" data-id=\"42122\" src=\"https:\/\/atecordoba.org\/wp-content\/uploads\/2024\/03\/WhatsApp-Image-2024-03-08-at-09.54.24-1-1024x578.jpeg\" alt=\"\" class=\"wp-image-42122\" srcset=\"https:\/\/atecordoba.org\/wp-content\/uploads\/2024\/03\/WhatsApp-Image-2024-03-08-at-09.54.24-1-1024x578.jpeg 1024w, https:\/\/atecordoba.org\/wp-content\/uploads\/2024\/03\/WhatsApp-Image-2024-03-08-at-09.54.24-1-300x169.jpeg 300w, https:\/\/atecordoba.org\/wp-content\/uploads\/2024\/03\/WhatsApp-Image-2024-03-08-at-09.54.24-1-768x434.jpeg 768w, https:\/\/atecordoba.org\/wp-content\/uploads\/2024\/03\/WhatsApp-Image-2024-03-08-at-09.54.24-1-1536x867.jpeg 1536w, https:\/\/atecordoba.org\/wp-content\/uploads\/2024\/03\/WhatsApp-Image-2024-03-08-at-09.54.24-1-2048x1156.jpeg 2048w, https:\/\/atecordoba.org\/wp-content\/uploads\/2024\/03\/WhatsApp-Image-2024-03-08-at-09.54.24-1-750x423.jpeg 750w, https:\/\/atecordoba.org\/wp-content\/uploads\/2024\/03\/WhatsApp-Image-2024-03-08-at-09.54.24-1-1140x644.jpeg 1140w\" sizes=\"auto, (max-width: 1024px) 100vw, 1024px\" \/><\/figure>\n\n\n\n<figure class=\"wp-block-image size-large\"><img loading=\"lazy\" decoding=\"async\" width=\"1024\" height=\"578\" data-id=\"42123\" src=\"https:\/\/atecordoba.org\/wp-content\/uploads\/2024\/03\/WhatsApp-Image-2024-03-08-at-09.54.25-1024x578.jpeg\" alt=\"\" class=\"wp-image-42123\" srcset=\"https:\/\/atecordoba.org\/wp-content\/uploads\/2024\/03\/WhatsApp-Image-2024-03-08-at-09.54.25-1024x578.jpeg 1024w, https:\/\/atecordoba.org\/wp-content\/uploads\/2024\/03\/WhatsApp-Image-2024-03-08-at-09.54.25-300x169.jpeg 300w, https:\/\/atecordoba.org\/wp-content\/uploads\/2024\/03\/WhatsApp-Image-2024-03-08-at-09.54.25-768x434.jpeg 768w, https:\/\/atecordoba.org\/wp-content\/uploads\/2024\/03\/WhatsApp-Image-2024-03-08-at-09.54.25-1536x867.jpeg 1536w, https:\/\/atecordoba.org\/wp-content\/uploads\/2024\/03\/WhatsApp-Image-2024-03-08-at-09.54.25-2048x1156.jpeg 2048w, https:\/\/atecordoba.org\/wp-content\/uploads\/2024\/03\/WhatsApp-Image-2024-03-08-at-09.54.25-750x423.jpeg 750w, https:\/\/atecordoba.org\/wp-content\/uploads\/2024\/03\/WhatsApp-Image-2024-03-08-at-09.54.25-1140x644.jpeg 1140w\" sizes=\"auto, (max-width: 1024px) 100vw, 1024px\" \/><\/figure>\n<\/figure>\n","protected":false},"excerpt":{"rendered":"<p>Hoy estuvieron en sede de ATE C\u00f3rdoba las siete compa\u00f1eras auxiliares de PAICOR que hab\u00edan sido despedidas en diciembre pasado y ahora recuperaron sus puestos de trabajo. Se trata de un logro alcanzado a partir de la intervenci\u00f3n de ATE ante las autoridades del Gobierno de C\u00f3rdoba, que destaca el valor de la sindicalizaci\u00f3n como [&hellip;]<\/p>\n","protected":false},"author":7,"featured_media":42119,"comment_status":"open","ping_status":"open","sticky":false,"template":"","format":"standard","meta":{"_exactmetrics_skip_tracking":false,"_exactmetrics_sitenote_active":false,"_exactmetrics_sitenote_note":"","_exactmetrics_sitenote_category":0,"jnews-multi-image_gallery":[],"jnews_single_post":{"subtitle":"\"No hay educaci\u00f3n p\u00fablica con trabajadoras del PAICOR cobrando salarios por debajo de la l\u00ednea de la indigencia n cada rinconcito de C\u00f3rdoba a sindicalizarse en ATE porque es el \u00fanico gremio que va a pelear por los derechos laborales de las compa\u00f1eras. Por eso nos hace muy felices que en un contexto tan dif\u00edcil las compa\u00f1eras vuelvan a tener laburo y poder llevar el sustento a su mesa, significa que la organizaci\u00f3n gremial sirve colectivamente para cambiar las injusticias por derechos conquistados\", remarc\u00f3 Federico Giuliani, secretario General de ATE C\u00f3rdoba.","format":"standard","video":"","gallery":"","source_name":"","source_url":"","via_name":"","via_url":"","override_template":"0","override":[{"template":"1","single_blog_custom":"","parallax":"1","fullscreen":"1","layout":"no-sidebar-narrow","sidebar":"default-sidebar","second_sidebar":"default-sidebar","sticky_sidebar":"1","share_position":"bottom","share_float_style":"share-monocrhome","show_share_counter":"1","show_view_counter":"1","show_featured":"0","show_post_meta":"1","show_post_author":"0","show_post_author_image":"1","show_post_date":"1","post_date_format":"default","post_date_format_custom":"Y\/m\/d","show_post_category":"1","show_post_reading_time":"0","post_reading_time_wpm":"300","show_zoom_button":"0","zoom_button_out_step":"2","zoom_button_in_step":"3","show_post_tag":"1","show_prev_next_post":"0","show_popup_post":"0","number_popup_post":"1","show_author_box":"0","show_post_related":"1","show_inline_post_related":"0"}],"override_image_size":"0","image_override":[{"single_post_thumbnail_size":"crop-500","single_post_gallery_size":"crop-500"}],"trending_post":"0","trending_post_position":"meta","trending_post_label":"Trending","sponsored_post":"0","sponsored_post_label":"Sponsored by","sponsored_post_name":"","sponsored_post_url":"","sponsored_post_logo_enable":"0","sponsored_post_logo":"","sponsored_post_desc":"","disable_ad":"0"},"jnews_primary_category":{"id":"","hide":""},"jnews_social_meta":{"fb_title":"","fb_description":"","fb_image":"","twitter_title":"","twitter_description":"","twitter_image":""},"jnews_review":[],"enable_review":"0","type":"percentage","name":"","summary":"","brand":"","sku":"","good":[{"good_text":""}],"bad":[{"bad_text":""}],"score_override":"","override_value":"","rating":[{"rating_text":"","rating_number":"10"}],"price":[{"shop":"","price":"","link":"","icon":""}],"jnews_override_counter":{"override_view_counter":"0","view_counter_number":"0","override_share_counter":"0","share_counter_number":"0","override_like_counter":"0","like_counter_number":"0","override_dislike_counter":"0","dislike_counter_number":"0"},"jnews_post_split":{"enable_post_split":"0","post_split":[{"template":"1","tag":"h2","numbering":"asc","mode":"normal","first":"0","enable_toc":"0","toc_type":"normal"}]},"footnotes":""},"categories":[8],"tags":[],"class_list":["post-42118","post","type-post","status-publish","format-standard","has-post-thumbnail","hentry","category-provinciales"],"jetpack_featured_media_url":"https:\/\/atecordoba.org\/wp-content\/uploads\/2024\/03\/WhatsApp-Image-2024-03-08-at-09.54.24-scaled-e1709911690381.jpeg","_links":{"self":[{"href":"https:\/\/atecordoba.org\/index.php?rest_route=\/wp\/v2\/posts\/42118","targetHints":{"allow":["GET"]}}],"collection":[{"href":"https:\/\/atecordoba.org\/index.php?rest_route=\/wp\/v2\/posts"}],"about":[{"href":"https:\/\/atecordoba.org\/index.php?rest_route=\/wp\/v2\/types\/post"}],"author":[{"embeddable":true,"href":"https:\/\/atecordoba.org\/index.php?rest_route=\/wp\/v2\/users\/7"}],"replies":[{"embeddable":true,"href":"https:\/\/atecordoba.org\/index.php?rest_route=%2Fwp%2Fv2%2Fcomments&post=42118"}],"version-history":[{"count":1,"href":"https:\/\/atecordoba.org\/index.php?rest_route=\/wp\/v2\/posts\/42118\/revisions"}],"predecessor-version":[{"id":42124,"href":"https:\/\/atecordoba.org\/index.php?rest_route=\/wp\/v2\/posts\/42118\/revisions\/42124"}],"wp:featuredmedia":[{"embeddable":true,"href":"https:\/\/atecordoba.org\/index.php?rest_route=\/wp\/v2\/media\/42119"}],"wp:attachment":[{"href":"https:\/\/atecordoba.org\/index.php?rest_route=%2Fwp%2Fv2%2Fmedia&parent=42118"}],"wp:term":[{"taxonomy":"category","embeddable":true,"href":"https:\/\/atecordoba.org\/index.php?rest_route=%2Fwp%2Fv2%2Fcategories&post=42118"},{"taxonomy":"post_tag","embeddable":true,"href":"https:\/\/atecordoba.org\/index.php?rest_route=%2Fwp%2Fv2%2Ftags&post=42118"}],"curies":[{"name":"wp","href":"https:\/\/api.w.org\/{rel}","templated":true}]}}