{"id":42077,"date":"2024-03-06T15:31:30","date_gmt":"2024-03-06T18:31:30","guid":{"rendered":"https:\/\/atecordoba.org\/?p=42077"},"modified":"2024-03-06T15:31:31","modified_gmt":"2024-03-06T18:31:31","slug":"ajuste-ate-pidio-a-bloques-opositores-que-la-legislatura-se-pronuncie-en-contra-del-cierre-de-los-cdr","status":"publish","type":"post","link":"https:\/\/atecordoba.org\/?p=42077","title":{"rendered":"Ajuste: ATE pidi\u00f3 a bloques opositores que la Legislatura se pronuncie en contra del cierre de los CDR"},"content":{"rendered":"<div class=\"wp-block-image\">\n<figure class=\"aligncenter size-large is-resized\"><img loading=\"lazy\" decoding=\"async\" src=\"https:\/\/atecordoba.org\/wp-content\/uploads\/2024\/03\/WhatsApp-Image-2024-03-06-at-10.00.42-1-770x1024.jpeg\" alt=\"\" class=\"wp-image-42079\" width=\"578\" height=\"768\" \/><\/figure>\n<\/div>\n\n\n<p>Una comitiva de ATE C\u00f3rdoba se reuni\u00f3 hoy con distintos bloques opositores de la Legislatura provincial para solicitarles que impulsen un pronunciamiento del Poder Legislativo en contra del cierre de diversos organismos del Estado Nacional con asiento en C\u00f3rdoba.<\/p>\n\n\n\n<p>La comitiva sindical estuvo integrada por el secretario Gremial del Consejo Directivo provincial, Jorge Chalup, acompa\u00f1ado por diversas dirigentas de ATE como Irina Silberman, Mar\u00eda Spaventa, Alejandra Agnone, y la delegada de ANDIS, Cristina Roggero.<\/p>\n\n\n\n<p>Si bien la convocatoria ten\u00eda como fin tratar el aumento del aporte de las y los trabajadores a la Caja de Jubilaciones y Apross, ATE plante\u00f3 la problem\u00e1tica en los organismos nacionales, que no solo deja sin trabajo a cientos de familias, sino que cercena el acceso a derechos a la comunidad cordobesa.<\/p>\n\n\n<div class=\"wp-block-image\">\n<figure class=\"aligncenter size-large is-resized\"><img loading=\"lazy\" decoding=\"async\" src=\"https:\/\/atecordoba.org\/wp-content\/uploads\/2024\/03\/WhatsApp-Image-2024-03-06-at-10.00.43-1-759x1024.jpeg\" alt=\"\" class=\"wp-image-42080\" width=\"380\" height=\"512\" srcset=\"https:\/\/atecordoba.org\/wp-content\/uploads\/2024\/03\/WhatsApp-Image-2024-03-06-at-10.00.43-1-759x1024.jpeg 759w, https:\/\/atecordoba.org\/wp-content\/uploads\/2024\/03\/WhatsApp-Image-2024-03-06-at-10.00.43-1-222x300.jpeg 222w, https:\/\/atecordoba.org\/wp-content\/uploads\/2024\/03\/WhatsApp-Image-2024-03-06-at-10.00.43-1-768x1036.jpeg 768w, https:\/\/atecordoba.org\/wp-content\/uploads\/2024\/03\/WhatsApp-Image-2024-03-06-at-10.00.43-1-750x1012.jpeg 750w, https:\/\/atecordoba.org\/wp-content\/uploads\/2024\/03\/WhatsApp-Image-2024-03-06-at-10.00.43-1.jpeg 780w\" sizes=\"auto, (max-width: 380px) 100vw, 380px\" \/><\/figure>\n<\/div>\n\n\n<p>En tal sentido, Chalup se dirigi\u00f3 a los bloques de la UCR, Izquierda FIT, LLA y Encuentro Vecinal, para pedir &#8220;una declaraci\u00f3n del cuerpo respecto al cierre de dependencias nacionales en C\u00f3rdoba. INADI, TELAM, el Centro de Referencia (CDR) de Desarrollo Social de la Naci\u00f3n, ANDIS, todos organismos que tienen que ver con derechos fundamentales de la poblaci\u00f3n&#8221;. <\/p>\n\n\n\n<p>El dirigente explic\u00f3 que ya mantuvo contacto con la legisladora Echeverria y el legislador Rossi, por la preocupaci\u00f3n que nos genera la posible privatizaci\u00f3n de las f\u00e1bricas militares de Villa Mar\u00eda y R\u00edo Tercero.<\/p>\n\n\n\n<p>&#8220;Hay alrededor de 6 mil trabajadores del Estado nacional en C\u00f3rdoba. Hay un avance del gobierno nacional para recortar derechos a las y los cordobeses que exige un pronunciamiento de la Legislatura, \u00e1mbito de representaci\u00f3n del pueblo de C\u00f3rdoba. Ya otras provincias han tomado posicionamiento al respecto y es importante que el poder legislativo cordob\u00e9s se exprese en ese mismo sentido&#8221;, resumi\u00f3 Chalup.<\/p>\n\n\n\n<p><strong>Jubilaciones<\/strong><\/p>\n\n\n\n<p>Respecto al sistema previsional cordob\u00e9s y la iniciativa para recuperar el 82% m\u00f3vil, Chalup expres\u00f3 la necesidad que el proyecto &#8220;sea una construcci\u00f3n colectiva. Es importante a partir de los distintos aportes que le dan legitimidad al proyecto para el momento de realizar la presentaci\u00f3n en la Legislatura&#8221;.<\/p>\n\n\n\n<p>Y record\u00f3 que &#8220;otro punto a abordar, es la precarizaci\u00f3n laboral, tanto en el Estado nacional como provincial&#8221;.<\/p>\n\n\n\n<p>&#8220;Seguramente vamos a acompa\u00f1ar las presentaciones para mejorar las condiciones de trabajo que combatan la precarizaci\u00f3n&#8221;, concluy\u00f3 el secretario Gremial de ATE C\u00f3rdoba, ante las y los legisladores presentes. <\/p>\n","protected":false},"excerpt":{"rendered":"<p>Una comitiva de ATE C\u00f3rdoba se reuni\u00f3 hoy con distintos bloques opositores de la Legislatura provincial para solicitarles que impulsen un pronunciamiento del Poder Legislativo en contra del cierre de diversos organismos del Estado Nacional con asiento en C\u00f3rdoba. La comitiva sindical estuvo integrada por el secretario Gremial del Consejo Directivo provincial, Jorge Chalup, acompa\u00f1ado [&hellip;]<\/p>\n","protected":false},"author":7,"featured_media":42081,"comment_status":"open","ping_status":"open","sticky":false,"template":"","format":"standard","meta":{"_exactmetrics_skip_tracking":false,"_exactmetrics_sitenote_active":false,"_exactmetrics_sitenote_note":"","_exactmetrics_sitenote_category":0,"jnews-multi-image_gallery":[],"jnews_single_post":{"subtitle":"\"Hay alrededor de 6 mil trabajadores del Estado nacional en C\u00f3rdoba. Hay un avance del gobierno nacional para recortar derechos a las y los cordobeses que exige un pronunciamiento de la Legislatura, \u00e1mbito de representaci\u00f3n del pueblo de C\u00f3rdoba. Ya otras provincias han tomado posicionamiento al respecto y es importante que el poder legislativo cordob\u00e9s se exprese en ese mismo sentido\", resumi\u00f3 el secretario Gremial de ATE C\u00f3rdoba, Jorge Chalup.","format":"standard","video":"","gallery":"","source_name":"","source_url":"","via_name":"","via_url":"","override_template":"0","override":[{"template":"1","single_blog_custom":"","parallax":"1","fullscreen":"1","layout":"no-sidebar-narrow","sidebar":"default-sidebar","second_sidebar":"default-sidebar","sticky_sidebar":"1","share_position":"bottom","share_float_style":"share-monocrhome","show_share_counter":"1","show_view_counter":"1","show_featured":"0","show_post_meta":"1","show_post_author":"0","show_post_author_image":"1","show_post_date":"1","post_date_format":"default","post_date_format_custom":"Y\/m\/d","show_post_category":"1","show_post_reading_time":"0","post_reading_time_wpm":"300","show_zoom_button":"0","zoom_button_out_step":"2","zoom_button_in_step":"3","show_post_tag":"1","show_prev_next_post":"0","show_popup_post":"0","number_popup_post":"1","show_author_box":"0","show_post_related":"1","show_inline_post_related":"0"}],"override_image_size":"0","image_override":[{"single_post_thumbnail_size":"crop-500","single_post_gallery_size":"crop-500"}],"trending_post":"0","trending_post_position":"meta","trending_post_label":"Trending","sponsored_post":"0","sponsored_post_label":"Sponsored by","sponsored_post_name":"","sponsored_post_url":"","sponsored_post_logo_enable":"0","sponsored_post_logo":"","sponsored_post_desc":"","disable_ad":"0"},"jnews_primary_category":{"id":"","hide":""},"jnews_social_meta":{"fb_title":"","fb_description":"","fb_image":"","twitter_title":"","twitter_description":"","twitter_image":""},"jnews_review":[],"enable_review":"0","type":"percentage","name":"","summary":"","brand":"","sku":"","good":[{"good_text":""}],"bad":[{"bad_text":""}],"score_override":"","override_value":"","rating":[{"rating_text":"","rating_number":"10"}],"price":[{"shop":"","price":"","link":"","icon":""}],"jnews_override_counter":{"override_view_counter":"0","view_counter_number":"0","override_share_counter":"0","share_counter_number":"0","override_like_counter":"0","like_counter_number":"0","override_dislike_counter":"0","dislike_counter_number":"0"},"jnews_post_split":{"enable_post_split":"0","post_split":[{"template":"1","tag":"h2","numbering":"asc","mode":"normal","first":"0","enable_toc":"0","toc_type":"normal"}]},"footnotes":""},"categories":[10],"tags":[],"class_list":["post-42077","post","type-post","status-publish","format-standard","has-post-thumbnail","hentry","category-accion-politica"],"jetpack_featured_media_url":"https:\/\/atecordoba.org\/wp-content\/uploads\/2024\/03\/portadalegislatura-e1709749877307.jpeg","_links":{"self":[{"href":"https:\/\/atecordoba.org\/index.php?rest_route=\/wp\/v2\/posts\/42077","targetHints":{"allow":["GET"]}}],"collection":[{"href":"https:\/\/atecordoba.org\/index.php?rest_route=\/wp\/v2\/posts"}],"about":[{"href":"https:\/\/atecordoba.org\/index.php?rest_route=\/wp\/v2\/types\/post"}],"author":[{"embeddable":true,"href":"https:\/\/atecordoba.org\/index.php?rest_route=\/wp\/v2\/users\/7"}],"replies":[{"embeddable":true,"href":"https:\/\/atecordoba.org\/index.php?rest_route=%2Fwp%2Fv2%2Fcomments&post=42077"}],"version-history":[{"count":1,"href":"https:\/\/atecordoba.org\/index.php?rest_route=\/wp\/v2\/posts\/42077\/revisions"}],"predecessor-version":[{"id":42082,"href":"https:\/\/atecordoba.org\/index.php?rest_route=\/wp\/v2\/posts\/42077\/revisions\/42082"}],"wp:featuredmedia":[{"embeddable":true,"href":"https:\/\/atecordoba.org\/index.php?rest_route=\/wp\/v2\/media\/42081"}],"wp:attachment":[{"href":"https:\/\/atecordoba.org\/index.php?rest_route=%2Fwp%2Fv2%2Fmedia&parent=42077"}],"wp:term":[{"taxonomy":"category","embeddable":true,"href":"https:\/\/atecordoba.org\/index.php?rest_route=%2Fwp%2Fv2%2Fcategories&post=42077"},{"taxonomy":"post_tag","embeddable":true,"href":"https:\/\/atecordoba.org\/index.php?rest_route=%2Fwp%2Fv2%2Ftags&post=42077"}],"curies":[{"name":"wp","href":"https:\/\/api.w.org\/{rel}","templated":true}]}}