{"id":4204,"date":"2014-06-03T18:09:31","date_gmt":"2014-06-03T21:09:31","guid":{"rendered":"http:\/\/www.atecordoba.org\/?p=4204"},"modified":"2014-06-03T18:09:31","modified_gmt":"2014-06-03T21:09:31","slug":"al-maestro-con-carino","status":"publish","type":"post","link":"https:\/\/atecordoba.org\/?p=4204","title":{"rendered":"Al maestro, con cari\u00f1o"},"content":{"rendered":"<h1><\/h1>\n<p><em>A los 86 a\u00f1os falleci\u00f3 el hist\u00f3rico dirigente santafesino de ATE Ra\u00fal Sufritti. El Consejo Directivo Nacional abraza solidariamente a su familia y compa\u00f1eros, recordando su valioso aporte en la recuperaci\u00f3n del sindicato en 1984 y su tarea al frente de la Escuela de Formaci\u00f3n Libertario Ferrari.<\/em><\/p>\n<figure id=\"attachment_4205\" aria-describedby=\"caption-attachment-4205\" style=\"width: 558px\" class=\"wp-caption aligncenter\"><a href=\"http:\/\/www.atecordoba.org\/wp-content\/uploads\/2014\/06\/raul-sufritti.jpg\"><img loading=\"lazy\" decoding=\"async\" class=\" wp-image-4205 \" alt=\"raul sufritti\" src=\"http:\/\/www.atecordoba.org\/wp-content\/uploads\/2014\/06\/raul-sufritti.jpg\" width=\"558\" height=\"370\" \/><\/a><figcaption id=\"caption-attachment-4205\" class=\"wp-caption-text\">El compa\u00f1ero Sufritti, que gozaba del tango tanto como de la militancia<\/figcaption><\/figure>\n<p>\u201cATE me dio tanto que fue imposible rechazar la invitaci\u00f3n de estar hoy ac\u00e1. Cuando escucho que agradecen la formaci\u00f3n, yo en realidad les digo: \u00b4Ustedes me formaron a m\u00ed`. Porque esto es un ida y vuelta. Por eso es que el agradecimiento es m\u00edo para con ustedes y para otros tantos desparramados por el pa\u00eds\u201d.<\/p>\n<p>Estas fueron las palabras que el Ra\u00fal Sufritti ofreci\u00f3 al Congreso nacional de ATE que lo homenaje\u00f3 en 2012. Propias de la humildad de los grandes, para quienes no alcanzan las palabras que describan la profundidad del legado que deja con su partida.<\/p>\n<p>Naci\u00f3 en 1928, y a mediados de siglo pasado comenz\u00f3 a participar en la Juventud de Acci\u00f3n Cat\u00f3lica, convirti\u00e9ndose en uno de los fundadores de Acci\u00f3n Cat\u00f3lica Obrera que actuaba con un fuerte compromiso de acci\u00f3n a favor de los sectores populares en parroquias de la ciudad de Santa Fe.<\/p>\n<p>Durante su labor en la Direcci\u00f3n Provincial de Vivienda, puso en pr\u00e1ctica sus concepciones sobre el rol del Estado en materia de vivienda social y digna. A partir de entonces, se formar\u00edan en la provincia las cooperativas de vivienda.<\/p>\n<p>En los a\u00f1os de la dictadura de Ongan\u00eda particip\u00f3 de la Resistencia articulando diferentes expresiones pol\u00edticas, sindicales, profesionales y estudiantiles. Fue promotor de la creaci\u00f3n del Centro de Pensionados Ley 5110, junto con Osvaldo Catena y Aldo Buting, del Movimiento de Sacerdotes de Tercer Mundo.<\/p>\n<p>Desde fines de la dictadura fue Secretario General de la ATE santafesina y cuando en 1984 los trabajadores recuperan ATE de manos de la burocracia colaboracionista, Sufritti reconstituye la Escuela de Formaci\u00f3n Sindical Libertario Ferrari, proyecto nacido en 1971 y suspendido durante el gobierno militar. Durante sus \u00faltimos a\u00f1os, el compa\u00f1ero ocup\u00f3 la tarea de ser Director del Consejo Consultivo de la escuela.<\/p>\n<p>\u201cLos jubilados llegaron a su marcha n\u00famero mil, y esta fue una iniciativa de ATE y otras organizaciones con el compa\u00f1ero Pafundi a la cabeza. Uno de los objetivos de ATE, adem\u00e1s de acompa\u00f1ar a los activos, debe ser fijar como prioridad que la vejez o la tercera edad sea motivo de realizaci\u00f3n y no motivo de penuria y dolor que ponen en peligro todo lo que a lo largo de su vida ha construido un trabajador\u201d, expres\u00f3 hace algunos a\u00f1os.<\/p>\n<p>\u201cQuiero compartir este momento con compa\u00f1eros que hoy no est\u00e1n ac\u00e1: Leopoldo Gonz\u00e1lez, Germ\u00e1n Abdala, H\u00e9ctor Quagliaro, y a un querido compa\u00f1ero que estuvo presente siendo uno de los nervios de R\u00edo Hondo, que fue Carlitos Casinelli\u201d, se despidi\u00f3 en el homenaje a su persona.<\/p>\n<p>Desde ahora y para siempre, su nombre convivir\u00e1 en la memoria de los estatales junto con el de los otros compa\u00f1eros.<\/p>\n","protected":false},"excerpt":{"rendered":"<p>A los 86 a\u00f1os falleci\u00f3 el hist\u00f3rico dirigente santafesino de ATE Ra\u00fal Sufritti. El Consejo Directivo Nacional abraza solidariamente a su familia y compa\u00f1eros, recordando su valioso aporte en la recuperaci\u00f3n del sindicato en 1984 y su tarea al frente de la Escuela de Formaci\u00f3n Libertario Ferrari. \u201cATE me dio tanto que fue imposible rechazar [&hellip;]<\/p>\n","protected":false},"author":1,"featured_media":19220,"comment_status":"open","ping_status":"open","sticky":false,"template":"","format":"standard","meta":{"_exactmetrics_skip_tracking":false,"_exactmetrics_sitenote_active":false,"_exactmetrics_sitenote_note":"","_exactmetrics_sitenote_category":0,"jnews-multi-image_gallery":[],"jnews_single_post":[],"jnews_primary_category":[],"jnews_social_meta":[],"jnews_review":[],"enable_review":"","type":"","name":"","summary":"","brand":"","sku":"","good":[],"bad":[],"score_override":"","override_value":"","rating":[],"price":[],"jnews_override_counter":[],"jnews_post_split":[],"footnotes":""},"categories":[18],"tags":[],"class_list":["post-4204","post","type-post","status-publish","format-standard","has-post-thumbnail","hentry","category-nacionales"],"jetpack_featured_media_url":"https:\/\/atecordoba.org\/wp-content\/uploads\/2020\/05\/logo-nuevochico-e1561581322808.png","_links":{"self":[{"href":"https:\/\/atecordoba.org\/index.php?rest_route=\/wp\/v2\/posts\/4204","targetHints":{"allow":["GET"]}}],"collection":[{"href":"https:\/\/atecordoba.org\/index.php?rest_route=\/wp\/v2\/posts"}],"about":[{"href":"https:\/\/atecordoba.org\/index.php?rest_route=\/wp\/v2\/types\/post"}],"author":[{"embeddable":true,"href":"https:\/\/atecordoba.org\/index.php?rest_route=\/wp\/v2\/users\/1"}],"replies":[{"embeddable":true,"href":"https:\/\/atecordoba.org\/index.php?rest_route=%2Fwp%2Fv2%2Fcomments&post=4204"}],"version-history":[{"count":0,"href":"https:\/\/atecordoba.org\/index.php?rest_route=\/wp\/v2\/posts\/4204\/revisions"}],"wp:featuredmedia":[{"embeddable":true,"href":"https:\/\/atecordoba.org\/index.php?rest_route=\/wp\/v2\/media\/19220"}],"wp:attachment":[{"href":"https:\/\/atecordoba.org\/index.php?rest_route=%2Fwp%2Fv2%2Fmedia&parent=4204"}],"wp:term":[{"taxonomy":"category","embeddable":true,"href":"https:\/\/atecordoba.org\/index.php?rest_route=%2Fwp%2Fv2%2Fcategories&post=4204"},{"taxonomy":"post_tag","embeddable":true,"href":"https:\/\/atecordoba.org\/index.php?rest_route=%2Fwp%2Fv2%2Ftags&post=4204"}],"curies":[{"name":"wp","href":"https:\/\/api.w.org\/{rel}","templated":true}]}}