{"id":42009,"date":"2024-03-05T10:09:52","date_gmt":"2024-03-05T13:09:52","guid":{"rendered":"https:\/\/atecordoba.org\/?p=42009"},"modified":"2024-03-05T10:11:52","modified_gmt":"2024-03-05T13:11:52","slug":"no-en-nuestro-nombre","status":"publish","type":"post","link":"https:\/\/atecordoba.org\/?p=42009","title":{"rendered":"Pacto Extorsivo de Mayo: no en nuestro nombre"},"content":{"rendered":"\n<figure class=\"wp-block-gallery has-nested-images columns-default is-cropped wp-block-gallery-1 is-layout-flex wp-block-gallery-is-layout-flex\">\n<figure class=\"wp-block-image size-large\"><a href=\"https:\/\/atecordoba.org\/wp-content\/uploads\/2024\/03\/Cabildo_de_Cordoba_a_la_tarde-1536x1152-1.jpg\" target=\"_blank\" rel=\"noopener\"><img loading=\"lazy\" decoding=\"async\" width=\"1024\" height=\"768\" data-id=\"42012\" src=\"https:\/\/atecordoba.org\/wp-content\/uploads\/2024\/03\/Cabildo_de_Cordoba_a_la_tarde-1536x1152-1-1024x768.jpg\" alt=\"\" class=\"wp-image-42012\" srcset=\"https:\/\/atecordoba.org\/wp-content\/uploads\/2024\/03\/Cabildo_de_Cordoba_a_la_tarde-1536x1152-1-1024x768.jpg 1024w, https:\/\/atecordoba.org\/wp-content\/uploads\/2024\/03\/Cabildo_de_Cordoba_a_la_tarde-1536x1152-1-300x225.jpg 300w, https:\/\/atecordoba.org\/wp-content\/uploads\/2024\/03\/Cabildo_de_Cordoba_a_la_tarde-1536x1152-1-768x576.jpg 768w, https:\/\/atecordoba.org\/wp-content\/uploads\/2024\/03\/Cabildo_de_Cordoba_a_la_tarde-1536x1152-1-750x563.jpg 750w, https:\/\/atecordoba.org\/wp-content\/uploads\/2024\/03\/Cabildo_de_Cordoba_a_la_tarde-1536x1152-1-1140x855.jpg 1140w, https:\/\/atecordoba.org\/wp-content\/uploads\/2024\/03\/Cabildo_de_Cordoba_a_la_tarde-1536x1152-1.jpg 1536w\" sizes=\"auto, (max-width: 1024px) 100vw, 1024px\" \/><\/a><\/figure>\n\n\n\n<figure class=\"wp-block-image size-large\"><a href=\"https:\/\/atecordoba.org\/wp-content\/uploads\/2024\/03\/viborazo.png\" target=\"_blank\" rel=\"noopener\"><img loading=\"lazy\" decoding=\"async\" width=\"493\" height=\"402\" data-id=\"42013\" src=\"https:\/\/atecordoba.org\/wp-content\/uploads\/2024\/03\/viborazo.png\" alt=\"\" class=\"wp-image-42013\" srcset=\"https:\/\/atecordoba.org\/wp-content\/uploads\/2024\/03\/viborazo.png 493w, https:\/\/atecordoba.org\/wp-content\/uploads\/2024\/03\/viborazo-300x245.png 300w\" sizes=\"auto, (max-width: 493px) 100vw, 493px\" \/><\/a><\/figure>\n\n\n\n<figure class=\"wp-block-image size-large\"><a href=\"https:\/\/atecordoba.org\/wp-content\/uploads\/2024\/03\/arco-cordoba-1.jpg\" target=\"_blank\" rel=\"noopener\"><img loading=\"lazy\" decoding=\"async\" width=\"600\" height=\"600\" data-id=\"42011\" src=\"https:\/\/atecordoba.org\/wp-content\/uploads\/2024\/03\/arco-cordoba-1.jpg\" alt=\"\" class=\"wp-image-42011\" srcset=\"https:\/\/atecordoba.org\/wp-content\/uploads\/2024\/03\/arco-cordoba-1.jpg 600w, https:\/\/atecordoba.org\/wp-content\/uploads\/2024\/03\/arco-cordoba-1-300x300.jpg 300w, https:\/\/atecordoba.org\/wp-content\/uploads\/2024\/03\/arco-cordoba-1-150x150.jpg 150w, https:\/\/atecordoba.org\/wp-content\/uploads\/2024\/03\/arco-cordoba-1-560x560.jpg 560w, https:\/\/atecordoba.org\/wp-content\/uploads\/2024\/03\/arco-cordoba-1-75x75.jpg 75w, https:\/\/atecordoba.org\/wp-content\/uploads\/2024\/03\/arco-cordoba-1-350x350.jpg 350w\" sizes=\"auto, (max-width: 600px) 100vw, 600px\" \/><\/a><\/figure>\n<\/figure>\n\n\n\n<p><sup>(fuente ctaacordoba.org)<\/sup><\/p>\n\n\n\n<p>El Presidente Javier Milei convoc\u00f3 al conjunto de los gobernadores a firmar en C\u00f3rdoba el \u201cPacto Extorsivo de Mayo\u201d en nombre y representaci\u00f3n del sentimiento conservador, clerical y de derecha de buena parte de la sociedad que lo vot\u00f3 masivamente en las elecciones del a\u00f1o pasado.<\/p>\n\n\n\n<p>Una visi\u00f3n que no compartimos y con la que confrontamos diariamente en todos los frentes reivindicando la historia de lucha de la C\u00f3rdoba Rebelde.<\/p>\n\n\n\n<p>La que imaginaron Moreno y Castelli al ordenar el fusilamiento de Liniers en Cabeza de Tigre para sofocar el primer intento de contragolpe mon\u00e1rquico a la Revoluci\u00f3n de Mayo en 1810; la del Brigadier General Juan Bautista Bustos, caudillo federal y primer Gobernador constitucional de C\u00f3rdoba en 1820; la de la Reforma Universitaria de 1918 que se extendi\u00f3 al resto del Continente; la de la Coordinadora de Gremios en Lucha y el Sindicalismo Revolucionario.<\/p>\n\n\n\n<p>Los trabajadores seguimos peleando por la C\u00f3rdoba del \u201cCordobazo\u201d de Agust\u00edn Tosco, Atilio L\u00f3pez, Elpidio Torres, Ren\u00e9 Salamanca y H\u00e9ctor \u201cLa Perra\u201d Castro; y el \u201cViborazo\u201d; honrando la memoria del Gobierno Popular de Obreg\u00f3n Cano y Atilio L\u00f3pez depuesto por un golpe policial en 1974; para ser dignos de la lucha del movimiento obrero que despu\u00e9s de recuperada la democracia se moviliz\u00f3 para evitar el derrumbe del Estado Provincial con Angeloz y el feroz ajuste de Mestre; defendi\u00f3 la integridad de EPEC y el Banco de C\u00f3rdoba en los primeros gobiernos de Jos\u00e9 Manuel De la Sota; y cuestiona a fondo la matriz del \u201cCordobesismo\u201d que viene gobernando la provincia en nombre del Agronegocio desde hace m\u00e1s de un cuarto de siglo.<\/p>\n\n\n\n<p>Nos identificamos con la C\u00f3rdoba que juzg\u00f3 y encarcel\u00f3 al genocida de Luciano Benjam\u00edn Men\u00e9ndez y recuper\u00f3 el Centro de Detenci\u00f3n Clandestino de \u201cLa Perla\u201d como sitio de la memoria hist\u00f3rica, hitos importantes en tiempos como los que corren, cuando baja desde el poder un discurso negacionista y que reivindica a la dictadura c\u00edvico-militar-eclesi\u00e1stica.<\/p>\n\n\n\n<p>Pero por sobre todas las cosas, repudiamos el intento de fraguar este Pacto de sumisi\u00f3n al saqueo, la pobreza y la desigualdad en una provincia que en distintas coyunturas hist\u00f3ricas supo parir declaraciones o programas relevantes en momentos de ofensiva del capital y de la represi\u00f3n estatal. Tal es el caso de los programas de La Falda de 1957 y Huerta Grande de 1962; al que podemos agregar el Programa del 1\u00ba de Mayo 1968 de la CGT de los Argentinos de Raimundo Ongaro, que aunque no se acord\u00f3 en nuestro territorio, nos representa cabalmente.<\/p>\n\n\n\n<p>Que el revanchismo patronal no cante victoria antes de tiempo. Para el 25 de mayo falta una eternidad y la C\u00f3rdoba Rebelde no dej\u00f3 de existir, late en las barriadas empobrecidas del cord\u00f3n industrial. Nosotros seguiremos en la calle con nuestro Plan de Lucha hasta voltear el DNU, as\u00ed como lo hicimos con la Ley \u00d3mnibus en el Congreso de la Naci\u00f3n con el Paro y Movilizaci\u00f3n del 24 de enero.<\/p>\n\n\n\n<p>Los defensores del proyecto de restauraci\u00f3n olig\u00e1rquica podr\u00e1n argumentar que C\u00f3rdoba fue un basti\u00f3n para la victoria presidencial de Macri en 2015 y de Milei en 2023, acontecimientos que no se pueden ignorar, pero que no son suficientes para detener los intentos de reagrupamiento de las organizaciones sindicales, sociales, ambientales y culturales que desde hace a\u00f1os estamos poniendo ladrillo sobre ladrillo para construir una resistencia consecuente y sustentable a la barbarie para alumbrar un futuro diferente.<\/p>\n","protected":false},"excerpt":{"rendered":"<p>(fuente ctaacordoba.org) El Presidente Javier Milei convoc\u00f3 al conjunto de los gobernadores a firmar en C\u00f3rdoba el \u201cPacto Extorsivo de Mayo\u201d en nombre y representaci\u00f3n del sentimiento conservador, clerical y de derecha de buena parte de la sociedad que lo vot\u00f3 masivamente en las elecciones del a\u00f1o pasado. Una visi\u00f3n que no compartimos y con [&hellip;]<\/p>\n","protected":false},"author":7,"featured_media":41969,"comment_status":"open","ping_status":"open","sticky":false,"template":"","format":"standard","meta":{"_exactmetrics_skip_tracking":false,"_exactmetrics_sitenote_active":false,"_exactmetrics_sitenote_note":"","_exactmetrics_sitenote_category":0,"jnews-multi-image_gallery":[],"jnews_single_post":{"subtitle":"Los trabajadores seguimos peleando por la C\u00f3rdoba del \u201cCordobazo\u201d de Agust\u00edn Tosco, Atilio L\u00f3pez, Elpidio Torres, Ren\u00e9 Salamanca y H\u00e9ctor \u201cLa Perra\u201d Castro; y el \u201cViborazo\u201d; honrando la memoria del Gobierno Popular de Obreg\u00f3n Cano y Atilio L\u00f3pez depuesto por un golpe policial en 1974; para ser dignos de la lucha del movimiento obrero que despu\u00e9s de recuperada la democracia se moviliz\u00f3 para evitar el derrumbe del Estado Provincial con Angeloz y el feroz ajuste de Mestre; defendi\u00f3 la integridad de EPEC y el Banco de C\u00f3rdoba en los primeros gobiernos de Jos\u00e9 Manuel De la Sota; y cuestiona a fondo la matriz del \u201cCordobesismo\u201d que viene gobernando la provincia en nombre del Agronegocio desde hace m\u00e1s de un cuarto de siglo.","format":"standard","video":"","gallery":"","source_name":"","source_url":"","via_name":"","via_url":"","override_template":"0","override":[{"template":"1","single_blog_custom":"","parallax":"1","fullscreen":"1","layout":"no-sidebar-narrow","sidebar":"default-sidebar","second_sidebar":"default-sidebar","sticky_sidebar":"1","share_position":"bottom","share_float_style":"share-monocrhome","show_share_counter":"1","show_view_counter":"1","show_featured":"0","show_post_meta":"1","show_post_author":"0","show_post_author_image":"1","show_post_date":"1","post_date_format":"default","post_date_format_custom":"Y\/m\/d","show_post_category":"1","show_post_reading_time":"0","post_reading_time_wpm":"300","show_zoom_button":"0","zoom_button_out_step":"2","zoom_button_in_step":"3","show_post_tag":"1","show_prev_next_post":"0","show_popup_post":"0","number_popup_post":"1","show_author_box":"0","show_post_related":"1","show_inline_post_related":"0"}],"override_image_size":"0","image_override":[{"single_post_thumbnail_size":"crop-500","single_post_gallery_size":"crop-500"}],"trending_post":"0","trending_post_position":"meta","trending_post_label":"Trending","sponsored_post":"0","sponsored_post_label":"Sponsored by","sponsored_post_name":"","sponsored_post_url":"","sponsored_post_logo_enable":"0","sponsored_post_logo":"","sponsored_post_desc":"","disable_ad":"0"},"jnews_primary_category":{"id":"","hide":""},"jnews_social_meta":{"fb_title":"","fb_description":"","fb_image":"","twitter_title":"","twitter_description":"","twitter_image":""},"jnews_review":[],"enable_review":"0","type":"percentage","name":"","summary":"","brand":"","sku":"","good":[{"good_text":""}],"bad":[{"bad_text":""}],"score_override":"","override_value":"","rating":[{"rating_text":"","rating_number":"10"}],"price":[{"shop":"","price":"","link":"","icon":""}],"jnews_override_counter":{"override_view_counter":"0","view_counter_number":"0","override_share_counter":"0","share_counter_number":"0","override_like_counter":"0","like_counter_number":"0","override_dislike_counter":"0","dislike_counter_number":"0"},"jnews_post_split":{"enable_post_split":"0","post_split":[{"template":"1","tag":"h2","numbering":"asc","mode":"normal","first":"0","enable_toc":"0","toc_type":"normal"}]},"footnotes":""},"categories":[10],"tags":[],"class_list":["post-42009","post","type-post","status-publish","format-standard","has-post-thumbnail","hentry","category-accion-politica"],"jetpack_featured_media_url":"https:\/\/atecordoba.org\/wp-content\/uploads\/2024\/03\/WhatsApp-Image-2024-03-01-at-11.42.42-scaled-e1709644186211.jpeg","_links":{"self":[{"href":"https:\/\/atecordoba.org\/index.php?rest_route=\/wp\/v2\/posts\/42009","targetHints":{"allow":["GET"]}}],"collection":[{"href":"https:\/\/atecordoba.org\/index.php?rest_route=\/wp\/v2\/posts"}],"about":[{"href":"https:\/\/atecordoba.org\/index.php?rest_route=\/wp\/v2\/types\/post"}],"author":[{"embeddable":true,"href":"https:\/\/atecordoba.org\/index.php?rest_route=\/wp\/v2\/users\/7"}],"replies":[{"embeddable":true,"href":"https:\/\/atecordoba.org\/index.php?rest_route=%2Fwp%2Fv2%2Fcomments&post=42009"}],"version-history":[{"count":3,"href":"https:\/\/atecordoba.org\/index.php?rest_route=\/wp\/v2\/posts\/42009\/revisions"}],"predecessor-version":[{"id":42018,"href":"https:\/\/atecordoba.org\/index.php?rest_route=\/wp\/v2\/posts\/42009\/revisions\/42018"}],"wp:featuredmedia":[{"embeddable":true,"href":"https:\/\/atecordoba.org\/index.php?rest_route=\/wp\/v2\/media\/41969"}],"wp:attachment":[{"href":"https:\/\/atecordoba.org\/index.php?rest_route=%2Fwp%2Fv2%2Fmedia&parent=42009"}],"wp:term":[{"taxonomy":"category","embeddable":true,"href":"https:\/\/atecordoba.org\/index.php?rest_route=%2Fwp%2Fv2%2Fcategories&post=42009"},{"taxonomy":"post_tag","embeddable":true,"href":"https:\/\/atecordoba.org\/index.php?rest_route=%2Fwp%2Fv2%2Ftags&post=42009"}],"curies":[{"name":"wp","href":"https:\/\/api.w.org\/{rel}","templated":true}]}}