{"id":42003,"date":"2024-03-04T13:14:00","date_gmt":"2024-03-04T16:14:00","guid":{"rendered":"https:\/\/atecordoba.org\/?p=42003"},"modified":"2024-03-04T13:14:01","modified_gmt":"2024-03-04T16:14:01","slug":"plaza-de-la-intendencia-jornada-de-visibilizacion-y-defensa-de-la-ley-nacional-de-salud-mental","status":"publish","type":"post","link":"https:\/\/atecordoba.org\/?p=42003","title":{"rendered":"Plaza de la Intendencia: Jornada de Visibilizaci\u00f3n y Defensa de la Ley Nacional de Salud Mental"},"content":{"rendered":"<div class=\"wp-block-image\">\n<figure class=\"aligncenter size-large is-resized\"><img loading=\"lazy\" decoding=\"async\" src=\"https:\/\/atecordoba.org\/wp-content\/uploads\/2024\/03\/salud-mental-1024x1024.jpg\" alt=\"\" class=\"wp-image-42004\" width=\"768\" height=\"768\" srcset=\"https:\/\/atecordoba.org\/wp-content\/uploads\/2024\/03\/salud-mental-1024x1024.jpg 1024w, https:\/\/atecordoba.org\/wp-content\/uploads\/2024\/03\/salud-mental-300x300.jpg 300w, https:\/\/atecordoba.org\/wp-content\/uploads\/2024\/03\/salud-mental-150x150.jpg 150w, https:\/\/atecordoba.org\/wp-content\/uploads\/2024\/03\/salud-mental-768x768.jpg 768w, https:\/\/atecordoba.org\/wp-content\/uploads\/2024\/03\/salud-mental-560x560.jpg 560w, https:\/\/atecordoba.org\/wp-content\/uploads\/2024\/03\/salud-mental-75x75.jpg 75w, https:\/\/atecordoba.org\/wp-content\/uploads\/2024\/03\/salud-mental-350x350.jpg 350w, https:\/\/atecordoba.org\/wp-content\/uploads\/2024\/03\/salud-mental-750x750.jpg 750w, https:\/\/atecordoba.org\/wp-content\/uploads\/2024\/03\/salud-mental.jpg 1080w\" sizes=\"auto, (max-width: 768px) 100vw, 768px\" \/><\/figure>\n<\/div>\n\n\n<p>ATE C\u00f3rdoba adhiere y convoca a participar hoy lunes 4 de marzo para realizar acciones de visibilizaci\u00f3n, concientizaci\u00f3n y defensa del derecho a la Salud Mental.\u00a0 En los centros de salud, en hospitales, en los barrios, en las organizaciones sociales, pero tambi\u00e9n en las redes y los medios queremos hablar,<\/p>\n\n\n\n<p>En C\u00f3rdoba, la convocatoria central es a las 6 de la tarde en la Plaza de la Intendencia.&nbsp; Vamos a tejer entre todes la respuesta a la pregunta \u00bfQu\u00e9 necesitamos como sociedad para que el malestar social no siga aumentando, para estar bien? \u00a1Sumate!<\/p>\n\n\n\n<p><strong>\u00bfC\u00f3mo participar?<\/strong><\/p>\n\n\n\n<p>Adem\u00e1s de venir a la convocatoria en la Plaza de la Intendencia (si est\u00e1s en C\u00f3rdoba) hay otras formas de participar. Esta es una convocatoria s\u00faper abierta, para todas las organizaciones y personas que hace tanto tiempo trabajamos y luchamos por la implementaci\u00f3n efectiva de la Ley Nacional de Salud Mental. Y cuando decimos abierta, es que realmente puede ser cualquier iniciativa. Toda peque\u00f1a o gran acci\u00f3n suma: desde hacer carteles o afiches y exhibirlos en las instituciones y centros de salud, hasta organizar peque\u00f1os talleres y reuniones entre equipos del trabajo, en espacios sociales comunes, etc. Desde hablar informalmente con familias, con colegas, vecinos, amigos, preguntando, (sobre todo preguntando) como estamos viviendo este tiempo de retroceso brutal en las condiciones de vida de las mayor\u00edas, ofreciendo ayuda a quienes lo necesiten, acompa\u00f1ando, escuchando. Hasta enviar mensajes a los medios de comunicaci\u00f3n para difundir que la salud es un derecho humano y no una mercanc\u00eda, que seguimos exigiendo la plena aplicaci\u00f3n en todo el pa\u00eds, que sin justicia social no hay salud mental posible.&nbsp; Son s\u00f3lo algunos ejemplos, pueden ser much\u00edsimos otros. Lo importante es tomar un momento del lunes (\u00a1y tambi\u00e9n durante la semana, varias organizaciones lo har\u00e1n as\u00ed!) para difundir, hacer que el mensaje circule, con la consigna: \u201cCuando el malestar explota, la salud mental no se negocia\u201d.<\/p>\n\n\n\n<p>Y no olvides enviarnos registros de las actividades (fotos, materiales, videos, etc.) a este mail o a: marchaderechoalasaludmental@gmail.com Vamos a estar difundiendo y compartiendo.<\/p>\n\n\n\n<p><strong>Participar en las redes y firmar el petitorio:<\/strong><\/p>\n\n\n\n<p>Tambi\u00e9n es muy importante participar compartiendo mensajes, producciones, videos, documentales, programas de televisi\u00f3n, memes, art\u00edculos, etc. que brinden informaci\u00f3n real sobre qu\u00e9 implica la Ley Nacional de Salud Mental. Es que en todos estos a\u00f1os, no ha dejado de crecer la campa\u00f1a incesante de ataques a la ley. Y para ello han apelado a la confusi\u00f3n, a las mentiras y tergiversaciones. Es necesario que entre todes podamos incidir en este sentido.&nbsp; Para facilitar esta actividad, estamos armando una carpeta de drive con materiales (flyers, memes, reels, etc.), as\u00ed como enlaces a videos de youtube, textos breves para las redes, etc. La carpeta va a estar disponible el lunes a primera hora, en este enlace.&nbsp; De todos modos pod\u00e9s acceder a los flyers de difusi\u00f3n aqu\u00ed.<\/p>\n\n\n\n<p>Por \u00faltimo queremos invitar a todo el mundo a firmar el petitorio que hemos elaborado en defensa de la Ley Nacional de Salud Mental, firmalo y compartilo!<\/p>\n","protected":false},"excerpt":{"rendered":"<p>ATE C\u00f3rdoba adhiere y convoca a participar hoy lunes 4 de marzo para realizar acciones de visibilizaci\u00f3n, concientizaci\u00f3n y defensa del derecho a la Salud Mental.\u00a0 En los centros de salud, en hospitales, en los barrios, en las organizaciones sociales, pero tambi\u00e9n en las redes y los medios queremos hablar, En C\u00f3rdoba, la convocatoria central [&hellip;]<\/p>\n","protected":false},"author":7,"featured_media":42005,"comment_status":"open","ping_status":"open","sticky":false,"template":"","format":"standard","meta":{"_exactmetrics_skip_tracking":false,"_exactmetrics_sitenote_active":false,"_exactmetrics_sitenote_note":"","_exactmetrics_sitenote_category":0,"jnews-multi-image_gallery":[],"jnews_single_post":{"subtitle":"Es una convocatoria abierta para todas las organizaciones y personas que hace tanto tiempo trabajamos y luchamos por la implementaci\u00f3n efectiva de la Ley Nacional de Salud Mental.","format":"standard","video":"","gallery":"","source_name":"","source_url":"","via_name":"","via_url":"","override_template":"0","override":[{"template":"1","single_blog_custom":"","parallax":"1","fullscreen":"1","layout":"no-sidebar-narrow","sidebar":"default-sidebar","second_sidebar":"default-sidebar","sticky_sidebar":"1","share_position":"bottom","share_float_style":"share-monocrhome","show_share_counter":"1","show_view_counter":"1","show_featured":"0","show_post_meta":"1","show_post_author":"0","show_post_author_image":"1","show_post_date":"1","post_date_format":"default","post_date_format_custom":"Y\/m\/d","show_post_category":"1","show_post_reading_time":"0","post_reading_time_wpm":"300","show_zoom_button":"0","zoom_button_out_step":"2","zoom_button_in_step":"3","show_post_tag":"1","show_prev_next_post":"0","show_popup_post":"0","number_popup_post":"1","show_author_box":"0","show_post_related":"1","show_inline_post_related":"0"}],"override_image_size":"0","image_override":[{"single_post_thumbnail_size":"crop-500","single_post_gallery_size":"crop-500"}],"trending_post":"0","trending_post_position":"meta","trending_post_label":"Trending","sponsored_post":"0","sponsored_post_label":"Sponsored by","sponsored_post_name":"","sponsored_post_url":"","sponsored_post_logo_enable":"0","sponsored_post_logo":"","sponsored_post_desc":"","disable_ad":"0"},"jnews_primary_category":{"id":"","hide":""},"jnews_social_meta":{"fb_title":"","fb_description":"","fb_image":"","twitter_title":"","twitter_description":"","twitter_image":""},"jnews_review":[],"enable_review":"0","type":"percentage","name":"","summary":"","brand":"","sku":"","good":[{"good_text":""}],"bad":[{"bad_text":""}],"score_override":"","override_value":"","rating":[{"rating_text":"","rating_number":"10"}],"price":[{"shop":"","price":"","link":"","icon":""}],"jnews_override_counter":{"override_view_counter":"0","view_counter_number":"0","override_share_counter":"0","share_counter_number":"0","override_like_counter":"0","like_counter_number":"0","override_dislike_counter":"0","dislike_counter_number":"0"},"jnews_post_split":{"enable_post_split":"0","post_split":[{"template":"1","tag":"h2","numbering":"asc","mode":"normal","first":"0","enable_toc":"0","toc_type":"normal"}]},"footnotes":""},"categories":[10],"tags":[],"class_list":["post-42003","post","type-post","status-publish","format-standard","has-post-thumbnail","hentry","category-accion-politica"],"jetpack_featured_media_url":"https:\/\/atecordoba.org\/wp-content\/uploads\/2024\/03\/portada-salud-mental-e1709568826386.jpg","_links":{"self":[{"href":"https:\/\/atecordoba.org\/index.php?rest_route=\/wp\/v2\/posts\/42003","targetHints":{"allow":["GET"]}}],"collection":[{"href":"https:\/\/atecordoba.org\/index.php?rest_route=\/wp\/v2\/posts"}],"about":[{"href":"https:\/\/atecordoba.org\/index.php?rest_route=\/wp\/v2\/types\/post"}],"author":[{"embeddable":true,"href":"https:\/\/atecordoba.org\/index.php?rest_route=\/wp\/v2\/users\/7"}],"replies":[{"embeddable":true,"href":"https:\/\/atecordoba.org\/index.php?rest_route=%2Fwp%2Fv2%2Fcomments&post=42003"}],"version-history":[{"count":1,"href":"https:\/\/atecordoba.org\/index.php?rest_route=\/wp\/v2\/posts\/42003\/revisions"}],"predecessor-version":[{"id":42006,"href":"https:\/\/atecordoba.org\/index.php?rest_route=\/wp\/v2\/posts\/42003\/revisions\/42006"}],"wp:featuredmedia":[{"embeddable":true,"href":"https:\/\/atecordoba.org\/index.php?rest_route=\/wp\/v2\/media\/42005"}],"wp:attachment":[{"href":"https:\/\/atecordoba.org\/index.php?rest_route=%2Fwp%2Fv2%2Fmedia&parent=42003"}],"wp:term":[{"taxonomy":"category","embeddable":true,"href":"https:\/\/atecordoba.org\/index.php?rest_route=%2Fwp%2Fv2%2Fcategories&post=42003"},{"taxonomy":"post_tag","embeddable":true,"href":"https:\/\/atecordoba.org\/index.php?rest_route=%2Fwp%2Fv2%2Ftags&post=42003"}],"curies":[{"name":"wp","href":"https:\/\/api.w.org\/{rel}","templated":true}]}}