{"id":41999,"date":"2024-03-04T12:30:51","date_gmt":"2024-03-04T15:30:51","guid":{"rendered":"https:\/\/atecordoba.org\/?p=41999"},"modified":"2024-03-04T12:31:14","modified_gmt":"2024-03-04T15:31:14","slug":"marcha-en-rio-tercero-contra-el-cierre-de-ffmm-y-contra-el-ajuste-de-milei","status":"publish","type":"post","link":"https:\/\/atecordoba.org\/?p=41999","title":{"rendered":"Marcha en R\u00edo Tercero contra el cierre de FFMM y el ajuste de Milei"},"content":{"rendered":"<div class=\"wp-block-image\">\n<figure class=\"aligncenter size-full is-resized\"><img loading=\"lazy\" decoding=\"async\" src=\"https:\/\/atecordoba.org\/wp-content\/uploads\/2024\/03\/rio-3-ate.jpg\" alt=\"\" class=\"wp-image-42000\" width=\"768\" height=\"512\" \/><\/figure>\n<\/div>\n\n\n<p>El Consejo Directivo Provincial de ATE C\u00f3rdoba adhiere y convoca a la movilizaci\u00f3n que se llevar\u00e1 a cabo hoy, a las 18.30, en R\u00edo Tercero hasta la Plaza San Mart\u00edn, organizada por la seccional ATE R\u00edo Tercero, junto a organizaciones gremiales, sociales y pol\u00edticas de la ciudad.<\/p>\n\n\n\n<p>Marchamos para repudiar:<\/p>\n\n\n\n<ul class=\"wp-block-list\">\n<li>La privatizaci\u00f3n y el cierre de la F\u00e1brica Militar<\/li>\n\n\n\n<li>La defensa de la apertura de la Universidad Nacional de R\u00edo Tercero<\/li>\n\n\n\n<li>Rechazo a la quita de subsidios al transporte<\/li>\n\n\n\n<li>Oposici\u00f3n a la eliminaci\u00f3n del programa de salud<\/li>\n\n\n\n<li>Protesta contra los aumentos indiscriminados en los servicios en general<\/li>\n\n\n\n<li>Lucha contra la eliminaci\u00f3n del FONID y apoyo a la huelga docente<\/li>\n\n\n\n<li>En contra del impuesto a las ganancias y la reforma laboral<\/li>\n\n\n\n<li>No al cierre y privatizaci\u00f3n de los Hoteles de Embalse<\/li>\n\n\n\n<li>Por una Argentina verdaderamente federal.<\/li>\n<\/ul>\n","protected":false},"excerpt":{"rendered":"<p>El Consejo Directivo Provincial de ATE C\u00f3rdoba adhiere y convoca a la movilizaci\u00f3n que se llevar\u00e1 a cabo hoy, a las 18.30, en R\u00edo Tercero hasta la Plaza San Mart\u00edn, organizada por la seccional ATE R\u00edo Tercero, junto a organizaciones gremiales, sociales y pol\u00edticas de la ciudad. Marchamos para repudiar:<\/p>\n","protected":false},"author":7,"featured_media":42000,"comment_status":"open","ping_status":"open","sticky":false,"template":"","format":"standard","meta":{"_exactmetrics_skip_tracking":false,"_exactmetrics_sitenote_active":false,"_exactmetrics_sitenote_note":"","_exactmetrics_sitenote_category":0,"jnews-multi-image_gallery":[],"jnews_single_post":{"subtitle":"La movilizaci\u00f3n que se llevar\u00e1 a cabo hoy, a las 18.30, en R\u00edo Tercero hasta la Plaza San Mart\u00edn, organizada por la seccional ATE R\u00edo Tercero, junto a organizaciones gremiales, sociales y pol\u00edticas de la ciudad.","format":"standard","video":"","gallery":"","source_name":"","source_url":"","via_name":"","via_url":"","override_template":"0","override":[{"template":"1","single_blog_custom":"","parallax":"1","fullscreen":"1","layout":"no-sidebar-narrow","sidebar":"default-sidebar","second_sidebar":"default-sidebar","sticky_sidebar":"1","share_position":"bottom","share_float_style":"share-monocrhome","show_share_counter":"1","show_view_counter":"1","show_featured":"0","show_post_meta":"1","show_post_author":"0","show_post_author_image":"1","show_post_date":"1","post_date_format":"default","post_date_format_custom":"Y\/m\/d","show_post_category":"1","show_post_reading_time":"0","post_reading_time_wpm":"300","show_zoom_button":"0","zoom_button_out_step":"2","zoom_button_in_step":"3","show_post_tag":"1","show_prev_next_post":"0","show_popup_post":"0","number_popup_post":"1","show_author_box":"0","show_post_related":"1","show_inline_post_related":"0"}],"override_image_size":"0","image_override":[{"single_post_thumbnail_size":"crop-500","single_post_gallery_size":"crop-500"}],"trending_post":"0","trending_post_position":"meta","trending_post_label":"Trending","sponsored_post":"0","sponsored_post_label":"Sponsored by","sponsored_post_name":"","sponsored_post_url":"","sponsored_post_logo_enable":"0","sponsored_post_logo":"","sponsored_post_desc":"","disable_ad":"0"},"jnews_primary_category":{"id":"","hide":""},"jnews_social_meta":{"fb_title":"","fb_description":"","fb_image":"","twitter_title":"","twitter_description":"","twitter_image":""},"jnews_review":[],"enable_review":"0","type":"percentage","name":"","summary":"","brand":"","sku":"","good":[{"good_text":""}],"bad":[{"bad_text":""}],"score_override":"","override_value":"","rating":[{"rating_text":"","rating_number":"10"}],"price":[{"shop":"","price":"","link":"","icon":""}],"jnews_override_counter":{"override_view_counter":"0","view_counter_number":"0","override_share_counter":"0","share_counter_number":"0","override_like_counter":"0","like_counter_number":"0","override_dislike_counter":"0","dislike_counter_number":"0"},"jnews_post_split":{"enable_post_split":"0","post_split":[{"template":"1","tag":"h2","numbering":"asc","mode":"normal","first":"0","enable_toc":"0","toc_type":"normal"}]},"footnotes":""},"categories":[13],"tags":[],"class_list":["post-41999","post","type-post","status-publish","format-standard","has-post-thumbnail","hentry","category-rio-tercero"],"jetpack_featured_media_url":"https:\/\/atecordoba.org\/wp-content\/uploads\/2024\/03\/rio-3-ate-e1709566245731.jpg","_links":{"self":[{"href":"https:\/\/atecordoba.org\/index.php?rest_route=\/wp\/v2\/posts\/41999","targetHints":{"allow":["GET"]}}],"collection":[{"href":"https:\/\/atecordoba.org\/index.php?rest_route=\/wp\/v2\/posts"}],"about":[{"href":"https:\/\/atecordoba.org\/index.php?rest_route=\/wp\/v2\/types\/post"}],"author":[{"embeddable":true,"href":"https:\/\/atecordoba.org\/index.php?rest_route=\/wp\/v2\/users\/7"}],"replies":[{"embeddable":true,"href":"https:\/\/atecordoba.org\/index.php?rest_route=%2Fwp%2Fv2%2Fcomments&post=41999"}],"version-history":[{"count":2,"href":"https:\/\/atecordoba.org\/index.php?rest_route=\/wp\/v2\/posts\/41999\/revisions"}],"predecessor-version":[{"id":42002,"href":"https:\/\/atecordoba.org\/index.php?rest_route=\/wp\/v2\/posts\/41999\/revisions\/42002"}],"wp:featuredmedia":[{"embeddable":true,"href":"https:\/\/atecordoba.org\/index.php?rest_route=\/wp\/v2\/media\/42000"}],"wp:attachment":[{"href":"https:\/\/atecordoba.org\/index.php?rest_route=%2Fwp%2Fv2%2Fmedia&parent=41999"}],"wp:term":[{"taxonomy":"category","embeddable":true,"href":"https:\/\/atecordoba.org\/index.php?rest_route=%2Fwp%2Fv2%2Fcategories&post=41999"},{"taxonomy":"post_tag","embeddable":true,"href":"https:\/\/atecordoba.org\/index.php?rest_route=%2Fwp%2Fv2%2Ftags&post=41999"}],"curies":[{"name":"wp","href":"https:\/\/api.w.org\/{rel}","templated":true}]}}