{"id":41993,"date":"2024-03-04T12:12:48","date_gmt":"2024-03-04T15:12:48","guid":{"rendered":"https:\/\/atecordoba.org\/?p=41993"},"modified":"2024-03-04T12:12:49","modified_gmt":"2024-03-04T15:12:49","slug":"no-al-cierre-de-telam","status":"publish","type":"post","link":"https:\/\/atecordoba.org\/?p=41993","title":{"rendered":"No al cierre de TELAM"},"content":{"rendered":"<div class=\"wp-block-image\">\n<figure class=\"aligncenter size-large is-resized\"><img loading=\"lazy\" decoding=\"async\" src=\"https:\/\/atecordoba.org\/wp-content\/uploads\/2024\/03\/WhatsApp-Image-2024-03-04-at-12.07.03-1024x1024.jpeg\" alt=\"\" class=\"wp-image-41994\" width=\"512\" height=\"512\" srcset=\"https:\/\/atecordoba.org\/wp-content\/uploads\/2024\/03\/WhatsApp-Image-2024-03-04-at-12.07.03-1024x1024.jpeg 1024w, https:\/\/atecordoba.org\/wp-content\/uploads\/2024\/03\/WhatsApp-Image-2024-03-04-at-12.07.03-300x300.jpeg 300w, https:\/\/atecordoba.org\/wp-content\/uploads\/2024\/03\/WhatsApp-Image-2024-03-04-at-12.07.03-150x150.jpeg 150w, https:\/\/atecordoba.org\/wp-content\/uploads\/2024\/03\/WhatsApp-Image-2024-03-04-at-12.07.03-768x768.jpeg 768w, https:\/\/atecordoba.org\/wp-content\/uploads\/2024\/03\/WhatsApp-Image-2024-03-04-at-12.07.03-560x560.jpeg 560w, https:\/\/atecordoba.org\/wp-content\/uploads\/2024\/03\/WhatsApp-Image-2024-03-04-at-12.07.03-75x75.jpeg 75w, https:\/\/atecordoba.org\/wp-content\/uploads\/2024\/03\/WhatsApp-Image-2024-03-04-at-12.07.03-350x350.jpeg 350w, https:\/\/atecordoba.org\/wp-content\/uploads\/2024\/03\/WhatsApp-Image-2024-03-04-at-12.07.03-750x750.jpeg 750w, https:\/\/atecordoba.org\/wp-content\/uploads\/2024\/03\/WhatsApp-Image-2024-03-04-at-12.07.03.jpeg 1080w\" sizes=\"auto, (max-width: 512px) 100vw, 512px\" \/><\/figure>\n<\/div>\n\n\n<p>El Consejo Directivo Provincial de ATE C\u00f3rdoba adhiere al abrazo solidario a la Agencia Telam y repudia el vaciamiento que lleva adelante el gobierno de Javier Milei.<\/p>\n\n\n\n<p>El ataque a Telam es un ataque directo a la libertad de expresi\u00f3n y a la democracia. Siete veces quisieron cerrarla, vaciarla o privatizarla, siempre fracasaron.<\/p>\n\n\n\n<p>En el \u00faltimo intento, en 2018, despidieron a m\u00e1s de 350 trabajadores (muchos de ellos revertidos por la justicia), vaciaron contenidos y destruyeron bienes materiales.<\/p>\n\n\n\n<p>Telam tiene 78 a\u00f1os de historia, es la \u00fanica agencia argentina con presencia en todo el territorio nacional. Su cablera y su archivo fotogr\u00e1fico son insumo de casi todos los medios del pa\u00eds.<\/p>\n\n\n\n<p>La agencia cuenta con 803 medios suscriptos en todo el pa\u00eds, 63 mil usuarios interact\u00faan mensualmente con la cablera, 8700000 personas visitan mensualmente el sitio web, 115.575.000 impresiones del portal y 2.911.469 hacen click, factura anualmente 1333 millones de pesos, exporta servicios por 117420 d\u00f3lares anuales.<\/p>\n\n\n\n<p>No hay razones para cerrar Telam. Su sede en C\u00f3rdoba cumple servicios de manera permanente, aportando a la cobertura informativa fundamental en la provincia.<\/p>\n\n\n\n<p>Hoy a las 12:30 en Bol\u00edvar 531, Capital Federal, abrazamos y defendemos a T\u00e9lam.<\/p>\n","protected":false},"excerpt":{"rendered":"<p>El Consejo Directivo Provincial de ATE C\u00f3rdoba adhiere al abrazo solidario a la Agencia Telam y repudia el vaciamiento que lleva adelante el gobierno de Javier Milei. El ataque a Telam es un ataque directo a la libertad de expresi\u00f3n y a la democracia. Siete veces quisieron cerrarla, vaciarla o privatizarla, siempre fracasaron. En el [&hellip;]<\/p>\n","protected":false},"author":7,"featured_media":41995,"comment_status":"open","ping_status":"open","sticky":false,"template":"","format":"standard","meta":{"_exactmetrics_skip_tracking":false,"_exactmetrics_sitenote_active":false,"_exactmetrics_sitenote_note":"","_exactmetrics_sitenote_category":0,"jnews-multi-image_gallery":[],"jnews_single_post":{"subtitle":"Telam tiene 78 a\u00f1os de historia, es la \u00fanica agencia argentina con presencia en todo el territorio nacional. Su cablera y su archivo fotogr\u00e1fico son insumo de casi todos los medios del pa\u00eds.","format":"standard","video":"","gallery":"","source_name":"","source_url":"","via_name":"","via_url":"","override_template":"0","override":[{"template":"1","single_blog_custom":"","parallax":"1","fullscreen":"1","layout":"no-sidebar-narrow","sidebar":"default-sidebar","second_sidebar":"default-sidebar","sticky_sidebar":"1","share_position":"bottom","share_float_style":"share-monocrhome","show_share_counter":"1","show_view_counter":"1","show_featured":"0","show_post_meta":"1","show_post_author":"0","show_post_author_image":"1","show_post_date":"1","post_date_format":"default","post_date_format_custom":"Y\/m\/d","show_post_category":"1","show_post_reading_time":"0","post_reading_time_wpm":"300","show_zoom_button":"0","zoom_button_out_step":"2","zoom_button_in_step":"3","show_post_tag":"1","show_prev_next_post":"0","show_popup_post":"0","number_popup_post":"1","show_author_box":"0","show_post_related":"1","show_inline_post_related":"0"}],"override_image_size":"0","image_override":[{"single_post_thumbnail_size":"crop-500","single_post_gallery_size":"crop-500"}],"trending_post":"0","trending_post_position":"meta","trending_post_label":"Trending","sponsored_post":"0","sponsored_post_label":"Sponsored by","sponsored_post_name":"","sponsored_post_url":"","sponsored_post_logo_enable":"0","sponsored_post_logo":"","sponsored_post_desc":"","disable_ad":"0"},"jnews_primary_category":{"id":"","hide":""},"jnews_social_meta":{"fb_title":"","fb_description":"","fb_image":"","twitter_title":"","twitter_description":"","twitter_image":""},"jnews_review":[],"enable_review":"0","type":"percentage","name":"","summary":"","brand":"","sku":"","good":[{"good_text":""}],"bad":[{"bad_text":""}],"score_override":"","override_value":"","rating":[{"rating_text":"","rating_number":"10"}],"price":[{"shop":"","price":"","link":"","icon":""}],"jnews_override_counter":{"override_view_counter":"0","view_counter_number":"0","override_share_counter":"0","share_counter_number":"0","override_like_counter":"0","like_counter_number":"0","override_dislike_counter":"0","dislike_counter_number":"0"},"jnews_post_split":{"enable_post_split":"0","post_split":[{"template":"1","tag":"h2","numbering":"asc","mode":"normal","first":"0","enable_toc":"0","toc_type":"normal"}]},"footnotes":""},"categories":[10],"tags":[],"class_list":["post-41993","post","type-post","status-publish","format-standard","has-post-thumbnail","hentry","category-accion-politica"],"jetpack_featured_media_url":"https:\/\/atecordoba.org\/wp-content\/uploads\/2024\/03\/telam-e1709565163582.jpeg","_links":{"self":[{"href":"https:\/\/atecordoba.org\/index.php?rest_route=\/wp\/v2\/posts\/41993","targetHints":{"allow":["GET"]}}],"collection":[{"href":"https:\/\/atecordoba.org\/index.php?rest_route=\/wp\/v2\/posts"}],"about":[{"href":"https:\/\/atecordoba.org\/index.php?rest_route=\/wp\/v2\/types\/post"}],"author":[{"embeddable":true,"href":"https:\/\/atecordoba.org\/index.php?rest_route=\/wp\/v2\/users\/7"}],"replies":[{"embeddable":true,"href":"https:\/\/atecordoba.org\/index.php?rest_route=%2Fwp%2Fv2%2Fcomments&post=41993"}],"version-history":[{"count":1,"href":"https:\/\/atecordoba.org\/index.php?rest_route=\/wp\/v2\/posts\/41993\/revisions"}],"predecessor-version":[{"id":41996,"href":"https:\/\/atecordoba.org\/index.php?rest_route=\/wp\/v2\/posts\/41993\/revisions\/41996"}],"wp:featuredmedia":[{"embeddable":true,"href":"https:\/\/atecordoba.org\/index.php?rest_route=\/wp\/v2\/media\/41995"}],"wp:attachment":[{"href":"https:\/\/atecordoba.org\/index.php?rest_route=%2Fwp%2Fv2%2Fmedia&parent=41993"}],"wp:term":[{"taxonomy":"category","embeddable":true,"href":"https:\/\/atecordoba.org\/index.php?rest_route=%2Fwp%2Fv2%2Fcategories&post=41993"},{"taxonomy":"post_tag","embeddable":true,"href":"https:\/\/atecordoba.org\/index.php?rest_route=%2Fwp%2Fv2%2Ftags&post=41993"}],"curies":[{"name":"wp","href":"https:\/\/api.w.org\/{rel}","templated":true}]}}