{"id":41979,"date":"2024-03-04T11:18:01","date_gmt":"2024-03-04T14:18:01","guid":{"rendered":"https:\/\/atecordoba.org\/?p=41979"},"modified":"2024-03-04T11:38:04","modified_gmt":"2024-03-04T14:38:04","slug":"el-equipo-juridico-de-ate-abordo-el-capitulo-laboral-del-dnu-70-23-en-una-charla-abierta-en-el-cdp","status":"publish","type":"post","link":"https:\/\/atecordoba.org\/?p=41979","title":{"rendered":"El equipo jur\u00eddico de ATE abord\u00f3 el cap\u00edtulo laboral del DNU 70\/23 en una charla abierta en el CDP"},"content":{"rendered":"<div class=\"wp-block-image\">\n<figure class=\"aligncenter size-large is-resized\"><img loading=\"lazy\" decoding=\"async\" src=\"https:\/\/atecordoba.org\/wp-content\/uploads\/2024\/03\/WhatsApp-Image-2024-03-01-at-14.59.00-1-1024x578.jpeg\" alt=\"\" class=\"wp-image-41980\" width=\"768\" height=\"434\" srcset=\"https:\/\/atecordoba.org\/wp-content\/uploads\/2024\/03\/WhatsApp-Image-2024-03-01-at-14.59.00-1-1024x578.jpeg 1024w, https:\/\/atecordoba.org\/wp-content\/uploads\/2024\/03\/WhatsApp-Image-2024-03-01-at-14.59.00-1-300x169.jpeg 300w, https:\/\/atecordoba.org\/wp-content\/uploads\/2024\/03\/WhatsApp-Image-2024-03-01-at-14.59.00-1-768x434.jpeg 768w, https:\/\/atecordoba.org\/wp-content\/uploads\/2024\/03\/WhatsApp-Image-2024-03-01-at-14.59.00-1-1536x867.jpeg 1536w, https:\/\/atecordoba.org\/wp-content\/uploads\/2024\/03\/WhatsApp-Image-2024-03-01-at-14.59.00-1-2048x1156.jpeg 2048w, https:\/\/atecordoba.org\/wp-content\/uploads\/2024\/03\/WhatsApp-Image-2024-03-01-at-14.59.00-1-750x423.jpeg 750w, https:\/\/atecordoba.org\/wp-content\/uploads\/2024\/03\/WhatsApp-Image-2024-03-01-at-14.59.00-1-1140x644.jpeg 1140w\" sizes=\"auto, (max-width: 768px) 100vw, 768px\" \/><\/figure>\n<\/div>\n\n\n<p>El viernes pasado se desarroll\u00f3 en la sede del Consejo Directivo Provincial (CDP) una charla abierta con la participaci\u00f3n del equipo jur\u00eddico de ATE sobre el impacto del Decreto de Necesidad y Urgencia (DNU) 70\/23 del gobierno de Javier Milei en su cap\u00edtulo laboral, suspendido por la Justicia debido a su inconstitucionalidad, pero que expresa la mirada del gobierno neofascista libertario sobre el derecho de las y los trabajadores y de las organizaciones sindicales.<\/p>\n\n\n<div class=\"wp-block-image\">\n<figure class=\"aligncenter size-large is-resized\"><img loading=\"lazy\" decoding=\"async\" src=\"https:\/\/atecordoba.org\/wp-content\/uploads\/2024\/03\/WhatsApp-Image-2024-03-01-at-14.58.59-1024x578.jpeg\" alt=\"\" class=\"wp-image-41981\" width=\"768\" height=\"434\" \/><\/figure>\n<\/div>\n\n\n<p>La charla se llev\u00f3 adelante, con alrededor de 40 afiliados\/as, activistas y dirigentes de ATE y organizaciones hermanas, en el auditorio H\u00e9ctor &#8216;La Perra&#8217; Castro y estuvo encabezada por el abogado Mat\u00edas Cremonte, del equipo jur\u00eddico de ATE nacional y Presidente de la Asociaci\u00f3n Latinoamericana de Abogados Laboralistas, junto a la abogada Mar\u00eda Marta Terragno y el abogado Eugenio Biafore, asesores letrados ambos de ATE y otras organizaciones gremiales.<\/p>\n\n\n\n<p>&#8220;El contenido laboral del DNU 70\/23 del gobierno de Milei implic\u00f3 una reforma laboral muy profunda&#8221;, dijo Cremonte. &#8220;Si bien el DNU est\u00e1 suspendido en su cap\u00edtulo laboral porque la Justicia lo declar\u00f3 inconstitucional, evidentemente refleja todo lo que ser\u00eda la pol\u00edtica laboral de este gobierno. Una pol\u00edtica neoliberal, de destrucci\u00f3n de derechos, donde una de las cosas que m\u00e1s preocupa en el marco de esta charla en un sindicato como ATE, es el ataque al derecho de huelga y a todas las acciones colectivas en general&#8221;, apunt\u00f3 el abogado.<\/p>\n\n\n<div class=\"wp-block-image\">\n<figure class=\"aligncenter size-large is-resized\"><img loading=\"lazy\" decoding=\"async\" src=\"https:\/\/atecordoba.org\/wp-content\/uploads\/2024\/03\/fede-mate-1024x937.jpeg\" alt=\"\" class=\"wp-image-41983\" width=\"768\" height=\"703\" srcset=\"https:\/\/atecordoba.org\/wp-content\/uploads\/2024\/03\/fede-mate-1024x937.jpeg 1024w, https:\/\/atecordoba.org\/wp-content\/uploads\/2024\/03\/fede-mate-300x274.jpeg 300w, https:\/\/atecordoba.org\/wp-content\/uploads\/2024\/03\/fede-mate-768x703.jpeg 768w, https:\/\/atecordoba.org\/wp-content\/uploads\/2024\/03\/fede-mate-1536x1405.jpeg 1536w, https:\/\/atecordoba.org\/wp-content\/uploads\/2024\/03\/fede-mate-750x686.jpeg 750w, https:\/\/atecordoba.org\/wp-content\/uploads\/2024\/03\/fede-mate-1140x1043.jpeg 1140w, https:\/\/atecordoba.org\/wp-content\/uploads\/2024\/03\/fede-mate.jpeg 1680w\" sizes=\"auto, (max-width: 768px) 100vw, 768px\" \/><\/figure>\n<\/div>\n\n\n<p>El presidente de de la Asociaci\u00f3n Latinoamericana de Abogados Laboralistas dijo que &#8220;esto por supuesto se enmarca en la avanzada global y regional que tiene que ver con un conjunto de reformas laborales regresivas que comienzan atacando y restringiendo el derecho a huelga y todas las posibilidades de acci\u00f3n colectiva de las y los trabajadores. Por supuesto, con plena conciencia de que esa es la herramienta m\u00e1s eficaz de la clase trabajadora para enfrentar estos embates&#8221;.<\/p>\n\n\n\n<p>Y describi\u00f3 la charla como un espacio para reflexionar &#8220;con el conjunto de compa\u00f1eras y compa\u00f1eros de ATE C\u00f3rdoba, y otras organizaciones que participaron, sobre el alcance de este DNU y por su puesto trazar estrategias o miradas de forma colectiva&#8221;.<\/p>\n\n\n\n<p>Vale mencionar que Mar\u00eda Terragno abord\u00f3, entre otros puntos la afectaci\u00f3n de la reforma laboral del DNU a las mujeres, afirmando que la reforma es regresiva porque busca cosificar las relaciones laborales al ver al trabajo como un objeto de comercio y de mercado, a contra mano de lo que plantea la OIT,  que el trabajo es un derecho.<\/p>\n\n\n\n<p>En tanto Biafore hizo un raconto hist\u00f3rico para luego tratar la negociaci\u00f3n colectiva como herramienta del movimiento obrero organizado. En ese marco, plante\u00f3 que muchos gobiernos populares fueron c\u00f3mplices del trabajo precario, al no revisar est\u00e1ndares de estabilidad. &#8220;Lo que se busca es el mercado controlado por el Estado para hacer negocios a su favor&#8221;, advirti\u00f3. Para luego se\u00f1alar que, la presunci\u00f3n de culpa y despido por participar en una huelga, que pretende imponer Milei, va contra normativa internacional de DDHH.<\/p>\n\n\n\n<figure class=\"wp-block-gallery has-nested-images columns-default is-cropped wp-block-gallery-1 is-layout-flex wp-block-gallery-is-layout-flex\">\n<figure class=\"wp-block-image size-large\"><a href=\"https:\/\/atecordoba.org\/wp-content\/uploads\/2024\/03\/WhatsApp-Image-2024-03-01-at-14.58.54-scaled.jpeg\" target=\"_blank\" rel=\"noopener\"><img loading=\"lazy\" decoding=\"async\" width=\"578\" height=\"1024\" data-id=\"41984\" src=\"https:\/\/atecordoba.org\/wp-content\/uploads\/2024\/03\/WhatsApp-Image-2024-03-01-at-14.58.54-578x1024.jpeg\" alt=\"\" class=\"wp-image-41984\" srcset=\"https:\/\/atecordoba.org\/wp-content\/uploads\/2024\/03\/WhatsApp-Image-2024-03-01-at-14.58.54-578x1024.jpeg 578w, https:\/\/atecordoba.org\/wp-content\/uploads\/2024\/03\/WhatsApp-Image-2024-03-01-at-14.58.54-169x300.jpeg 169w, https:\/\/atecordoba.org\/wp-content\/uploads\/2024\/03\/WhatsApp-Image-2024-03-01-at-14.58.54-768x1360.jpeg 768w, https:\/\/atecordoba.org\/wp-content\/uploads\/2024\/03\/WhatsApp-Image-2024-03-01-at-14.58.54-867x1536.jpeg 867w, https:\/\/atecordoba.org\/wp-content\/uploads\/2024\/03\/WhatsApp-Image-2024-03-01-at-14.58.54-1156x2048.jpeg 1156w, https:\/\/atecordoba.org\/wp-content\/uploads\/2024\/03\/WhatsApp-Image-2024-03-01-at-14.58.54-750x1329.jpeg 750w, https:\/\/atecordoba.org\/wp-content\/uploads\/2024\/03\/WhatsApp-Image-2024-03-01-at-14.58.54-1140x2019.jpeg 1140w, https:\/\/atecordoba.org\/wp-content\/uploads\/2024\/03\/WhatsApp-Image-2024-03-01-at-14.58.54-scaled.jpeg 1445w\" sizes=\"auto, (max-width: 578px) 100vw, 578px\" \/><\/a><\/figure>\n\n\n\n<figure class=\"wp-block-image size-large\"><a href=\"https:\/\/atecordoba.org\/wp-content\/uploads\/2024\/03\/WhatsApp-Image-2024-03-01-at-14.58.59-2-scaled.jpeg\" target=\"_blank\" rel=\"noopener\"><img loading=\"lazy\" decoding=\"async\" width=\"578\" height=\"1024\" data-id=\"41986\" src=\"https:\/\/atecordoba.org\/wp-content\/uploads\/2024\/03\/WhatsApp-Image-2024-03-01-at-14.58.59-2-578x1024.jpeg\" alt=\"\" class=\"wp-image-41986\" srcset=\"https:\/\/atecordoba.org\/wp-content\/uploads\/2024\/03\/WhatsApp-Image-2024-03-01-at-14.58.59-2-578x1024.jpeg 578w, https:\/\/atecordoba.org\/wp-content\/uploads\/2024\/03\/WhatsApp-Image-2024-03-01-at-14.58.59-2-169x300.jpeg 169w, https:\/\/atecordoba.org\/wp-content\/uploads\/2024\/03\/WhatsApp-Image-2024-03-01-at-14.58.59-2-768x1360.jpeg 768w, https:\/\/atecordoba.org\/wp-content\/uploads\/2024\/03\/WhatsApp-Image-2024-03-01-at-14.58.59-2-867x1536.jpeg 867w, https:\/\/atecordoba.org\/wp-content\/uploads\/2024\/03\/WhatsApp-Image-2024-03-01-at-14.58.59-2-1156x2048.jpeg 1156w, https:\/\/atecordoba.org\/wp-content\/uploads\/2024\/03\/WhatsApp-Image-2024-03-01-at-14.58.59-2-750x1329.jpeg 750w, https:\/\/atecordoba.org\/wp-content\/uploads\/2024\/03\/WhatsApp-Image-2024-03-01-at-14.58.59-2-1140x2019.jpeg 1140w, https:\/\/atecordoba.org\/wp-content\/uploads\/2024\/03\/WhatsApp-Image-2024-03-01-at-14.58.59-2-scaled.jpeg 1445w\" sizes=\"auto, (max-width: 578px) 100vw, 578px\" \/><\/a><\/figure>\n\n\n\n<figure class=\"wp-block-image size-large\"><a href=\"https:\/\/atecordoba.org\/wp-content\/uploads\/2024\/03\/WhatsApp-Image-2024-03-01-at-15.24.17-scaled.jpeg\" target=\"_blank\" rel=\"noopener\"><img loading=\"lazy\" decoding=\"async\" width=\"578\" height=\"1024\" data-id=\"41985\" src=\"https:\/\/atecordoba.org\/wp-content\/uploads\/2024\/03\/WhatsApp-Image-2024-03-01-at-15.24.17-578x1024.jpeg\" alt=\"\" class=\"wp-image-41985\" srcset=\"https:\/\/atecordoba.org\/wp-content\/uploads\/2024\/03\/WhatsApp-Image-2024-03-01-at-15.24.17-578x1024.jpeg 578w, https:\/\/atecordoba.org\/wp-content\/uploads\/2024\/03\/WhatsApp-Image-2024-03-01-at-15.24.17-169x300.jpeg 169w, https:\/\/atecordoba.org\/wp-content\/uploads\/2024\/03\/WhatsApp-Image-2024-03-01-at-15.24.17-768x1360.jpeg 768w, https:\/\/atecordoba.org\/wp-content\/uploads\/2024\/03\/WhatsApp-Image-2024-03-01-at-15.24.17-867x1536.jpeg 867w, https:\/\/atecordoba.org\/wp-content\/uploads\/2024\/03\/WhatsApp-Image-2024-03-01-at-15.24.17-1156x2048.jpeg 1156w, https:\/\/atecordoba.org\/wp-content\/uploads\/2024\/03\/WhatsApp-Image-2024-03-01-at-15.24.17-750x1329.jpeg 750w, https:\/\/atecordoba.org\/wp-content\/uploads\/2024\/03\/WhatsApp-Image-2024-03-01-at-15.24.17-1140x2019.jpeg 1140w, https:\/\/atecordoba.org\/wp-content\/uploads\/2024\/03\/WhatsApp-Image-2024-03-01-at-15.24.17-scaled.jpeg 1445w\" sizes=\"auto, (max-width: 578px) 100vw, 578px\" \/><\/a><\/figure>\n\n\n\n<figure class=\"wp-block-image size-large\"><a href=\"https:\/\/atecordoba.org\/wp-content\/uploads\/2024\/03\/WhatsApp-Image-2024-03-01-at-16.17.05-scaled.jpeg\" target=\"_blank\" rel=\"noopener\"><img loading=\"lazy\" decoding=\"async\" width=\"578\" height=\"1024\" data-id=\"41988\" src=\"https:\/\/atecordoba.org\/wp-content\/uploads\/2024\/03\/WhatsApp-Image-2024-03-01-at-16.17.05-578x1024.jpeg\" alt=\"\" class=\"wp-image-41988\" srcset=\"https:\/\/atecordoba.org\/wp-content\/uploads\/2024\/03\/WhatsApp-Image-2024-03-01-at-16.17.05-578x1024.jpeg 578w, https:\/\/atecordoba.org\/wp-content\/uploads\/2024\/03\/WhatsApp-Image-2024-03-01-at-16.17.05-169x300.jpeg 169w, https:\/\/atecordoba.org\/wp-content\/uploads\/2024\/03\/WhatsApp-Image-2024-03-01-at-16.17.05-768x1360.jpeg 768w, https:\/\/atecordoba.org\/wp-content\/uploads\/2024\/03\/WhatsApp-Image-2024-03-01-at-16.17.05-867x1536.jpeg 867w, https:\/\/atecordoba.org\/wp-content\/uploads\/2024\/03\/WhatsApp-Image-2024-03-01-at-16.17.05-1156x2048.jpeg 1156w, https:\/\/atecordoba.org\/wp-content\/uploads\/2024\/03\/WhatsApp-Image-2024-03-01-at-16.17.05-750x1329.jpeg 750w, https:\/\/atecordoba.org\/wp-content\/uploads\/2024\/03\/WhatsApp-Image-2024-03-01-at-16.17.05-1140x2019.jpeg 1140w, https:\/\/atecordoba.org\/wp-content\/uploads\/2024\/03\/WhatsApp-Image-2024-03-01-at-16.17.05-scaled.jpeg 1445w\" sizes=\"auto, (max-width: 578px) 100vw, 578px\" \/><\/a><\/figure>\n\n\n\n<figure class=\"wp-block-image size-large\"><a href=\"https:\/\/atecordoba.org\/wp-content\/uploads\/2024\/03\/WhatsApp-Image-2024-03-01-at-16.18.12-scaled.jpeg\" target=\"_blank\" rel=\"noopener\"><img loading=\"lazy\" decoding=\"async\" width=\"578\" height=\"1024\" data-id=\"41987\" src=\"https:\/\/atecordoba.org\/wp-content\/uploads\/2024\/03\/WhatsApp-Image-2024-03-01-at-16.18.12-578x1024.jpeg\" alt=\"\" class=\"wp-image-41987\" srcset=\"https:\/\/atecordoba.org\/wp-content\/uploads\/2024\/03\/WhatsApp-Image-2024-03-01-at-16.18.12-578x1024.jpeg 578w, https:\/\/atecordoba.org\/wp-content\/uploads\/2024\/03\/WhatsApp-Image-2024-03-01-at-16.18.12-169x300.jpeg 169w, https:\/\/atecordoba.org\/wp-content\/uploads\/2024\/03\/WhatsApp-Image-2024-03-01-at-16.18.12-768x1360.jpeg 768w, https:\/\/atecordoba.org\/wp-content\/uploads\/2024\/03\/WhatsApp-Image-2024-03-01-at-16.18.12-867x1536.jpeg 867w, https:\/\/atecordoba.org\/wp-content\/uploads\/2024\/03\/WhatsApp-Image-2024-03-01-at-16.18.12-1156x2048.jpeg 1156w, https:\/\/atecordoba.org\/wp-content\/uploads\/2024\/03\/WhatsApp-Image-2024-03-01-at-16.18.12-750x1329.jpeg 750w, https:\/\/atecordoba.org\/wp-content\/uploads\/2024\/03\/WhatsApp-Image-2024-03-01-at-16.18.12-1140x2019.jpeg 1140w, https:\/\/atecordoba.org\/wp-content\/uploads\/2024\/03\/WhatsApp-Image-2024-03-01-at-16.18.12-scaled.jpeg 1445w\" sizes=\"auto, (max-width: 578px) 100vw, 578px\" \/><\/a><\/figure>\n<\/figure>\n","protected":false},"excerpt":{"rendered":"<p>El viernes pasado se desarroll\u00f3 en la sede del Consejo Directivo Provincial (CDP) una charla abierta con la participaci\u00f3n del equipo jur\u00eddico de ATE sobre el impacto del Decreto de Necesidad y Urgencia (DNU) 70\/23 del gobierno de Javier Milei en su cap\u00edtulo laboral, suspendido por la Justicia debido a su inconstitucionalidad, pero que expresa [&hellip;]<\/p>\n","protected":false},"author":7,"featured_media":41981,"comment_status":"open","ping_status":"open","sticky":false,"template":"","format":"standard","meta":{"_exactmetrics_skip_tracking":false,"_exactmetrics_sitenote_active":false,"_exactmetrics_sitenote_note":"","_exactmetrics_sitenote_category":0,"jnews-multi-image_gallery":[],"jnews_single_post":{"subtitle":"\"Si bien el DNU est\u00e1 suspendido en su cap\u00edtulo laboral por inconstitucional, evidencia todo lo que ser\u00eda la pol\u00edtica laboral de este gobierno: una pol\u00edtica neoliberal, de destrucci\u00f3n de derechos, donde el ataque al derecho de huelga es claro y a todas las acciones colectivas en general\", apunt\u00f3 el presidente de de la Asociaci\u00f3n Latinoamericana de Abogados Laboralistas e integrante del equipo jur\u00eddico de ATE, Mat\u00edas Cremonte. La abogada Mar\u00eda Terragno, apunt\u00f3 a la mercantilizaci\u00f3n del trabajo que promueve la reforma y denunci\u00f3 como afecta el DNU los derechos de las mujeres, en tanto Eugenio Biafore dio su mirada por c\u00f3mo afecta la iniciativa oficial el derecho a la discusi\u00f3n colectiva del movimiento obrero organizado.","format":"standard","video":"","gallery":"","source_name":"","source_url":"","via_name":"","via_url":"","override_template":"0","override":[{"template":"1","single_blog_custom":"","parallax":"1","fullscreen":"1","layout":"no-sidebar-narrow","sidebar":"default-sidebar","second_sidebar":"default-sidebar","sticky_sidebar":"1","share_position":"bottom","share_float_style":"share-monocrhome","show_share_counter":"1","show_view_counter":"1","show_featured":"0","show_post_meta":"1","show_post_author":"0","show_post_author_image":"1","show_post_date":"1","post_date_format":"default","post_date_format_custom":"Y\/m\/d","show_post_category":"1","show_post_reading_time":"0","post_reading_time_wpm":"300","show_zoom_button":"0","zoom_button_out_step":"2","zoom_button_in_step":"3","show_post_tag":"1","show_prev_next_post":"0","show_popup_post":"0","number_popup_post":"1","show_author_box":"0","show_post_related":"1","show_inline_post_related":"0"}],"override_image_size":"0","image_override":[{"single_post_thumbnail_size":"crop-500","single_post_gallery_size":"crop-500"}],"trending_post":"0","trending_post_position":"meta","trending_post_label":"Trending","sponsored_post":"0","sponsored_post_label":"Sponsored by","sponsored_post_name":"","sponsored_post_url":"","sponsored_post_logo_enable":"0","sponsored_post_logo":"","sponsored_post_desc":"","disable_ad":"0"},"jnews_primary_category":{"id":"","hide":""},"jnews_social_meta":{"fb_title":"","fb_description":"","fb_image":"","twitter_title":"","twitter_description":"","twitter_image":""},"jnews_review":[],"enable_review":"0","type":"percentage","name":"","summary":"","brand":"","sku":"","good":[{"good_text":""}],"bad":[{"bad_text":""}],"score_override":"","override_value":"","rating":[{"rating_text":"","rating_number":"10"}],"price":[{"shop":"","price":"","link":"","icon":""}],"jnews_override_counter":{"override_view_counter":"0","view_counter_number":"0","override_share_counter":"0","share_counter_number":"0","override_like_counter":"0","like_counter_number":"0","override_dislike_counter":"0","dislike_counter_number":"0"},"jnews_post_split":{"enable_post_split":"0","post_split":[{"template":"1","tag":"h2","numbering":"asc","mode":"normal","first":"0","enable_toc":"0","toc_type":"normal"}]},"footnotes":""},"categories":[88],"tags":[],"class_list":["post-41979","post","type-post","status-publish","format-standard","has-post-thumbnail","hentry","category-formacion"],"jetpack_featured_media_url":"https:\/\/atecordoba.org\/wp-content\/uploads\/2024\/03\/WhatsApp-Image-2024-03-01-at-14.58.59-scaled-e1709561875704.jpeg","_links":{"self":[{"href":"https:\/\/atecordoba.org\/index.php?rest_route=\/wp\/v2\/posts\/41979","targetHints":{"allow":["GET"]}}],"collection":[{"href":"https:\/\/atecordoba.org\/index.php?rest_route=\/wp\/v2\/posts"}],"about":[{"href":"https:\/\/atecordoba.org\/index.php?rest_route=\/wp\/v2\/types\/post"}],"author":[{"embeddable":true,"href":"https:\/\/atecordoba.org\/index.php?rest_route=\/wp\/v2\/users\/7"}],"replies":[{"embeddable":true,"href":"https:\/\/atecordoba.org\/index.php?rest_route=%2Fwp%2Fv2%2Fcomments&post=41979"}],"version-history":[{"count":3,"href":"https:\/\/atecordoba.org\/index.php?rest_route=\/wp\/v2\/posts\/41979\/revisions"}],"predecessor-version":[{"id":41992,"href":"https:\/\/atecordoba.org\/index.php?rest_route=\/wp\/v2\/posts\/41979\/revisions\/41992"}],"wp:featuredmedia":[{"embeddable":true,"href":"https:\/\/atecordoba.org\/index.php?rest_route=\/wp\/v2\/media\/41981"}],"wp:attachment":[{"href":"https:\/\/atecordoba.org\/index.php?rest_route=%2Fwp%2Fv2%2Fmedia&parent=41979"}],"wp:term":[{"taxonomy":"category","embeddable":true,"href":"https:\/\/atecordoba.org\/index.php?rest_route=%2Fwp%2Fv2%2Fcategories&post=41979"},{"taxonomy":"post_tag","embeddable":true,"href":"https:\/\/atecordoba.org\/index.php?rest_route=%2Fwp%2Fv2%2Ftags&post=41979"}],"curies":[{"name":"wp","href":"https:\/\/api.w.org\/{rel}","templated":true}]}}