{"id":41975,"date":"2024-03-04T10:04:03","date_gmt":"2024-03-04T13:04:03","guid":{"rendered":"https:\/\/atecordoba.org\/?p=41975"},"modified":"2024-03-04T10:04:04","modified_gmt":"2024-03-04T13:04:04","slug":"giuliani-critico-duramente-el-pacto-con-gobernadores-que-planteo-milei","status":"publish","type":"post","link":"https:\/\/atecordoba.org\/?p=41975","title":{"rendered":"Giuliani critic\u00f3 duramente el pacto con gobernadores que plante\u00f3 Milei"},"content":{"rendered":"<div class=\"wp-block-image\">\n<figure class=\"aligncenter size-full is-resized\"><img loading=\"lazy\" decoding=\"async\" src=\"https:\/\/atecordoba.org\/wp-content\/uploads\/2024\/03\/fede-microfono.jpg\" alt=\"\" class=\"wp-image-41976\" width=\"677\" height=\"547\" \/><\/figure>\n<\/div>\n\n\n<p><sup>(fuente ctaacordoba.org)<\/sup><\/p>\n\n\n\n<p>Federico Giuliani ha puesto de relieve la dif\u00edcil situaci\u00f3n econ\u00f3mica que enfrentan los trabajadores, a pesar de los indicadores macroecon\u00f3micos que el Presidente Javier Milei pretende adjudicarse como &#8220;favorables&#8221;. \u201cM\u00e1s all\u00e1 de la macroeconom\u00eda, en lo cotidiano los trabajadores de a pie no llegan a fin de mes, la inflaci\u00f3n pulveriza los salarios b\u00e1sicos y la precarizaci\u00f3n laboral es un flagelo muy grave en la Argentina\u201d, se\u00f1al\u00f3, destacando las crecientes dificultades financieras que enfrenta la clase trabajadora.<\/p>\n\n\n\n<p>En una entrevista con Radio R\u00edo Cuarto, Giuliani expres\u00f3 su escepticismo respecto a la convocatoria presidencial a los gobernadores, a la que se refiri\u00f3 como \u201cel Pacto Extorsivo de Mayo\u201d.<\/p>\n\n\n\n<p>Giuliani hizo hincapi\u00e9 en la necesidad de abordar las preocupaciones y necesidades de los trabajadores, especialmente en lo que respecta a la capacidad de sostenerse econ\u00f3micamente y garantizar una calidad de vida digna.<\/p>\n\n\n\n<p>\u201cEn ninguna de las medidas que propuso para este supuesto \u2018Pacto Extorsivo de Mayo\u2019 Milei no nombra c\u00f3mo va a terminar con el hambre que azota a la mitad de la poblaci\u00f3n, no plante\u00f3 ninguna medida de redistribuci\u00f3n de la riqueza en cuanto a la posibilidad de mejorar salarios, no plante\u00f3 en ning\u00fan momento una convocatoria a los trabajadores para poder sentarse a discutir cu\u00e1l es la realidad que nos toca vivir y, en ese sentido, como dirigente sindical nos sentimos atacados cuando habla de Reforma Laboral, una Reforma que va a impactar a\u00fan m\u00e1s en los derechos que ya estamos perdiendo con este Gobierno fascista. Terminar con los Convenios Colectivos de Trabajo Sectoriales es grav\u00edsimo porque nos lleva cien a\u00f1os para atr\u00e1s, lo mismo que su ataque a los sindicatos\u201d, subray\u00f3.<\/p>\n\n\n\n<p>Para Giuliani, \u201clamentablemente, a 40 a\u00f1os de la democracia, este tipo de discursos atrasan. La convocatoria al Pacto para el 25 de Mayo est\u00e1 muy lejos. No nos cabe duda que el movimiento obrero con las organizaciones sociales en lucha tenemos que seguir con nuestro Plan de Acci\u00f3n para enfrentar la barbarie de este ajuste en la calle\u201d.<\/p>\n\n\n\n<p>Y remat\u00f3: \u201cLa movilizaci\u00f3n popular har\u00e1 que se vuelva a poner en la agenda los problemas de la gente com\u00fan, la gente de a pie, para que este Presidente y sus asesores dejen de mirar para otro lado y empiecen a hablar de lo que nos importa: Terminar con el hambre en la Argentina, terminar con la pobreza, mejorar salarios y generar un shock distributivo en la econom\u00eda que permita que nuevamente vuelva a circular la plata en la calle para que los trabajadores podamos no solamente sobrevivir, como lo hacemos hoy en d\u00eda, sino en pensar en tener una vida digna\u201d.<\/p>\n\n\n\n<p>En sus comentarios el dirigente resalt\u00f3 la importancia de mantener un enfoque centrado en el bienestar de la poblaci\u00f3n, en medio de los desaf\u00edos econ\u00f3micos y pol\u00edticos que enfrenta el pa\u00eds.<\/p>\n","protected":false},"excerpt":{"rendered":"<p>(fuente ctaacordoba.org) Federico Giuliani ha puesto de relieve la dif\u00edcil situaci\u00f3n econ\u00f3mica que enfrentan los trabajadores, a pesar de los indicadores macroecon\u00f3micos que el Presidente Javier Milei pretende adjudicarse como &#8220;favorables&#8221;. \u201cM\u00e1s all\u00e1 de la macroeconom\u00eda, en lo cotidiano los trabajadores de a pie no llegan a fin de mes, la inflaci\u00f3n pulveriza los salarios [&hellip;]<\/p>\n","protected":false},"author":7,"featured_media":41976,"comment_status":"open","ping_status":"open","sticky":false,"template":"","format":"standard","meta":{"_exactmetrics_skip_tracking":false,"_exactmetrics_sitenote_active":false,"_exactmetrics_sitenote_note":"","_exactmetrics_sitenote_category":0,"jnews-multi-image_gallery":[],"jnews_single_post":{"subtitle":"El secretario General de ATE y la CTA Aut\u00f3noma de la provincia de C\u00f3rdoba, expres\u00f3 su preocupaci\u00f3n por la situaci\u00f3n econ\u00f3mica de los trabajadores, se\u00f1alando que muchos no logran llegar a fin de mes a pesar de las incomprobables mejoras en la macroeconom\u00eda.","format":"standard","video":"","gallery":"","source_name":"","source_url":"","via_name":"","via_url":"","override_template":"0","override":[{"template":"1","single_blog_custom":"","parallax":"1","fullscreen":"1","layout":"no-sidebar-narrow","sidebar":"default-sidebar","second_sidebar":"default-sidebar","sticky_sidebar":"1","share_position":"bottom","share_float_style":"share-monocrhome","show_share_counter":"1","show_view_counter":"1","show_featured":"0","show_post_meta":"1","show_post_author":"0","show_post_author_image":"1","show_post_date":"1","post_date_format":"default","post_date_format_custom":"Y\/m\/d","show_post_category":"1","show_post_reading_time":"0","post_reading_time_wpm":"300","show_zoom_button":"0","zoom_button_out_step":"2","zoom_button_in_step":"3","show_post_tag":"1","show_prev_next_post":"0","show_popup_post":"0","number_popup_post":"1","show_author_box":"0","show_post_related":"1","show_inline_post_related":"0"}],"override_image_size":"0","image_override":[{"single_post_thumbnail_size":"crop-500","single_post_gallery_size":"crop-500"}],"trending_post":"0","trending_post_position":"meta","trending_post_label":"Trending","sponsored_post":"0","sponsored_post_label":"Sponsored by","sponsored_post_name":"","sponsored_post_url":"","sponsored_post_logo_enable":"0","sponsored_post_logo":"","sponsored_post_desc":"","disable_ad":"0"},"jnews_primary_category":{"id":"","hide":""},"jnews_social_meta":{"fb_title":"","fb_description":"","fb_image":"","twitter_title":"","twitter_description":"","twitter_image":""},"jnews_review":[],"enable_review":"0","type":"percentage","name":"","summary":"","brand":"","sku":"","good":[{"good_text":""}],"bad":[{"bad_text":""}],"score_override":"","override_value":"","rating":[{"rating_text":"","rating_number":"10"}],"price":[{"shop":"","price":"","link":"","icon":""}],"jnews_override_counter":{"override_view_counter":"0","view_counter_number":"0","override_share_counter":"0","share_counter_number":"0","override_like_counter":"0","like_counter_number":"0","override_dislike_counter":"0","dislike_counter_number":"0"},"jnews_post_split":{"enable_post_split":"0","post_split":[{"template":"1","tag":"h2","numbering":"asc","mode":"normal","first":"0","enable_toc":"0","toc_type":"normal"}]},"footnotes":""},"categories":[10],"tags":[],"class_list":["post-41975","post","type-post","status-publish","format-standard","has-post-thumbnail","hentry","category-accion-politica"],"jetpack_featured_media_url":"https:\/\/atecordoba.org\/wp-content\/uploads\/2024\/03\/fede-microfono-e1709557428843.jpg","_links":{"self":[{"href":"https:\/\/atecordoba.org\/index.php?rest_route=\/wp\/v2\/posts\/41975","targetHints":{"allow":["GET"]}}],"collection":[{"href":"https:\/\/atecordoba.org\/index.php?rest_route=\/wp\/v2\/posts"}],"about":[{"href":"https:\/\/atecordoba.org\/index.php?rest_route=\/wp\/v2\/types\/post"}],"author":[{"embeddable":true,"href":"https:\/\/atecordoba.org\/index.php?rest_route=\/wp\/v2\/users\/7"}],"replies":[{"embeddable":true,"href":"https:\/\/atecordoba.org\/index.php?rest_route=%2Fwp%2Fv2%2Fcomments&post=41975"}],"version-history":[{"count":1,"href":"https:\/\/atecordoba.org\/index.php?rest_route=\/wp\/v2\/posts\/41975\/revisions"}],"predecessor-version":[{"id":41977,"href":"https:\/\/atecordoba.org\/index.php?rest_route=\/wp\/v2\/posts\/41975\/revisions\/41977"}],"wp:featuredmedia":[{"embeddable":true,"href":"https:\/\/atecordoba.org\/index.php?rest_route=\/wp\/v2\/media\/41976"}],"wp:attachment":[{"href":"https:\/\/atecordoba.org\/index.php?rest_route=%2Fwp%2Fv2%2Fmedia&parent=41975"}],"wp:term":[{"taxonomy":"category","embeddable":true,"href":"https:\/\/atecordoba.org\/index.php?rest_route=%2Fwp%2Fv2%2Fcategories&post=41975"},{"taxonomy":"post_tag","embeddable":true,"href":"https:\/\/atecordoba.org\/index.php?rest_route=%2Fwp%2Fv2%2Ftags&post=41975"}],"curies":[{"name":"wp","href":"https:\/\/api.w.org\/{rel}","templated":true}]}}