{"id":41933,"date":"2024-02-28T15:18:49","date_gmt":"2024-02-28T18:18:49","guid":{"rendered":"https:\/\/atecordoba.org\/?p=41933"},"modified":"2024-02-28T15:18:49","modified_gmt":"2024-02-28T18:18:49","slug":"ate-se-solidariza-y-repudia-al-ajuste-a-los-trabajadores-de-los-srt","status":"publish","type":"post","link":"https:\/\/atecordoba.org\/?p=41933","title":{"rendered":"ATE se solidariza y repudia al ajuste a los trabajadores de los SRT"},"content":{"rendered":"<div class=\"wp-block-image\">\n<figure class=\"aligncenter size-full\"><img decoding=\"async\" src=\"https:\/\/atecordoba.org\/wp-content\/uploads\/2024\/02\/SRT.jpg\" alt=\"\" class=\"wp-image-41934\" \/><\/figure>\n<\/div>\n\n\n<p>El plan de ajuste de Milei tiene quien lo instrumente en la Universidad Nacional de C\u00f3rdoba y as\u00ed qued\u00f3 plasmado cuando la m\u00e1s alta esfera de la pol\u00edtica de la UNC aprob\u00f3 el proyecto presentado por el rector Jhon Boretto para reducir dr\u00e1sticamente el plantel del personal de los Servicios de Radio y Televisi\u00f3n (SRT), que incluyen al hist\u00f3rico Canal 10, Radio Universidad, FM 102.3, la web cba24n y dem\u00e1s sectores del multimedio.<\/p>\n\n\n\n<p>De esta forma, se aplicar\u00e1 el rigor del ajuste libertario al promover jubilaciones anticipadas, retiros voluntarios y pases a comisi\u00f3n a la propia UNC.<\/p>\n\n\n\n<p>En la ocasi\u00f3n las y los trabajadores se movilizaron y lograron torcer algunos de los t\u00e9rminos de la resoluci\u00f3n universitaria y, por sobre todo, obtuvieron del propio rector Boretto la definici\u00f3n en el calor del debate que los SRT se mantendr\u00e1n como medio universitario, es decir que no ser\u00eda privatizado, proyecto original del gobierno nacional al incluir a la firma de medios entre las empresas estatales a privatizar en la fenecida Ley \u00d3mnibus.<\/p>\n\n\n\n<p>Ahora, una comisi\u00f3n evaluar\u00e1 los t\u00e9rminos de la reducci\u00f3n de la estructura personal de los SRT, incluyendo \u201cun plan de refuncionalizaci\u00f3n con la participaci\u00f3n de los trabajadores\u201d, seg\u00fan establece la resoluci\u00f3n aprobada ayer.<\/p>\n\n\n\n<p>Vale mencionar que Boretto hab\u00eda advertido que no cuenta con recursos para cubrir los gastos de la empresa en los meses que viene, debido a la reducci\u00f3n fenomenal del presupuesto educativo que impuso Milei, con la renovaci\u00f3n autom\u00e1tica y nominal del Presupuesto del Estado del 2023 para el ejercicio 2024. Y en ese marco, el Rector pidi\u00f3 que se apruebe la utilizaci\u00f3n del \u201crecurso preventivo de crisis\u201d como herramienta administrativa para destrabar la situaci\u00f3n financiera de los SRT.<\/p>\n\n\n\n<p>ATE rechaza la utilizaci\u00f3n de dicho recurso: la larga historia del movimiento obrero demuestra que su utilizaci\u00f3n fue veh\u00edculo para instrumentar los despidos sin causa en miles de conflictos gremiales.<\/p>\n\n\n\n<p>En esa l\u00ednea, ATE repudia el ajuste que se implementa en la Universidad Nacional de C\u00f3rdoba, se solidariza con el conjunto de organizaciones que conforman al \u2018Intersindical de los SRT\u2019, y espera que la participaci\u00f3n de las y los trabajadores en el proceso, que en el proyecto original no estaba contemplada, conduzca a salvaguardar la p\u00e9rdida de puestos de trabajo.<\/p>\n","protected":false},"excerpt":{"rendered":"<p>El plan de ajuste de Milei tiene quien lo instrumente en la Universidad Nacional de C\u00f3rdoba y as\u00ed qued\u00f3 plasmado cuando la m\u00e1s alta esfera de la pol\u00edtica de la UNC aprob\u00f3 el proyecto presentado por el rector Jhon Boretto para reducir dr\u00e1sticamente el plantel del personal de los Servicios de Radio y Televisi\u00f3n (SRT), [&hellip;]<\/p>\n","protected":false},"author":7,"featured_media":41934,"comment_status":"open","ping_status":"open","sticky":false,"template":"","format":"standard","meta":{"_exactmetrics_skip_tracking":false,"_exactmetrics_sitenote_active":false,"_exactmetrics_sitenote_note":"","_exactmetrics_sitenote_category":0,"jnews-multi-image_gallery":[],"jnews_single_post":{"subtitle":"Las y los trabajadores se movilizaron y lograron torcer algunos de los t\u00e9rminos de la resoluci\u00f3n universitaria y, por sobre todo, obtuvieron del propio rector Boretto la definici\u00f3n en el calor del debate que los SRT se mantendr\u00e1n como medio universitario, es decir que no ser\u00eda privatizado, proyecto original del gobierno nacional al incluir a la firma de medios entre las empresas estatales a privatizar en la fenecida Ley \u00d3mnibus.","format":"standard","video":"","gallery":"","source_name":"","source_url":"","via_name":"","via_url":"","override_template":"0","override":[{"template":"1","single_blog_custom":"","parallax":"1","fullscreen":"1","layout":"no-sidebar-narrow","sidebar":"default-sidebar","second_sidebar":"default-sidebar","sticky_sidebar":"1","share_position":"bottom","share_float_style":"share-monocrhome","show_share_counter":"1","show_view_counter":"1","show_featured":"0","show_post_meta":"1","show_post_author":"0","show_post_author_image":"1","show_post_date":"1","post_date_format":"default","post_date_format_custom":"Y\/m\/d","show_post_category":"1","show_post_reading_time":"0","post_reading_time_wpm":"300","show_zoom_button":"0","zoom_button_out_step":"2","zoom_button_in_step":"3","show_post_tag":"1","show_prev_next_post":"0","show_popup_post":"0","number_popup_post":"1","show_author_box":"0","show_post_related":"1","show_inline_post_related":"0"}],"override_image_size":"0","image_override":[{"single_post_thumbnail_size":"crop-500","single_post_gallery_size":"crop-500"}],"trending_post":"0","trending_post_position":"meta","trending_post_label":"Trending","sponsored_post":"0","sponsored_post_label":"Sponsored by","sponsored_post_name":"","sponsored_post_url":"","sponsored_post_logo_enable":"0","sponsored_post_logo":"","sponsored_post_desc":"","disable_ad":"0"},"jnews_primary_category":{"id":"","hide":""},"jnews_social_meta":{"fb_title":"","fb_description":"","fb_image":"","twitter_title":"","twitter_description":"","twitter_image":""},"jnews_review":[],"enable_review":"0","type":"percentage","name":"","summary":"","brand":"","sku":"","good":[{"good_text":""}],"bad":[{"bad_text":""}],"score_override":"","override_value":"","rating":[{"rating_text":"","rating_number":"10"}],"price":[{"shop":"","price":"","link":"","icon":""}],"jnews_override_counter":{"override_view_counter":"0","view_counter_number":"0","override_share_counter":"0","share_counter_number":"0","override_like_counter":"0","like_counter_number":"0","override_dislike_counter":"0","dislike_counter_number":"0"},"jnews_post_split":{"enable_post_split":"0","post_split":[{"template":"1","tag":"h2","numbering":"asc","mode":"normal","first":"0","enable_toc":"0","toc_type":"normal"}]},"footnotes":""},"categories":[10],"tags":[],"class_list":["post-41933","post","type-post","status-publish","format-standard","has-post-thumbnail","hentry","category-accion-politica"],"jetpack_featured_media_url":"https:\/\/atecordoba.org\/wp-content\/uploads\/2024\/02\/SRT-e1709144321105.jpg","_links":{"self":[{"href":"https:\/\/atecordoba.org\/index.php?rest_route=\/wp\/v2\/posts\/41933","targetHints":{"allow":["GET"]}}],"collection":[{"href":"https:\/\/atecordoba.org\/index.php?rest_route=\/wp\/v2\/posts"}],"about":[{"href":"https:\/\/atecordoba.org\/index.php?rest_route=\/wp\/v2\/types\/post"}],"author":[{"embeddable":true,"href":"https:\/\/atecordoba.org\/index.php?rest_route=\/wp\/v2\/users\/7"}],"replies":[{"embeddable":true,"href":"https:\/\/atecordoba.org\/index.php?rest_route=%2Fwp%2Fv2%2Fcomments&post=41933"}],"version-history":[{"count":1,"href":"https:\/\/atecordoba.org\/index.php?rest_route=\/wp\/v2\/posts\/41933\/revisions"}],"predecessor-version":[{"id":41935,"href":"https:\/\/atecordoba.org\/index.php?rest_route=\/wp\/v2\/posts\/41933\/revisions\/41935"}],"wp:featuredmedia":[{"embeddable":true,"href":"https:\/\/atecordoba.org\/index.php?rest_route=\/wp\/v2\/media\/41934"}],"wp:attachment":[{"href":"https:\/\/atecordoba.org\/index.php?rest_route=%2Fwp%2Fv2%2Fmedia&parent=41933"}],"wp:term":[{"taxonomy":"category","embeddable":true,"href":"https:\/\/atecordoba.org\/index.php?rest_route=%2Fwp%2Fv2%2Fcategories&post=41933"},{"taxonomy":"post_tag","embeddable":true,"href":"https:\/\/atecordoba.org\/index.php?rest_route=%2Fwp%2Fv2%2Ftags&post=41933"}],"curies":[{"name":"wp","href":"https:\/\/api.w.org\/{rel}","templated":true}]}}