{"id":41926,"date":"2024-02-28T12:40:30","date_gmt":"2024-02-28T15:40:30","guid":{"rendered":"https:\/\/atecordoba.org\/?p=41926"},"modified":"2024-02-28T12:40:58","modified_gmt":"2024-02-28T15:40:58","slug":"ate-repudia-despidos-en-andis-y-convoca-a-una-asamblea-para-manana","status":"publish","type":"post","link":"https:\/\/atecordoba.org\/?p=41926","title":{"rendered":"ATE repudia despidos en ANDIS y convoca a una asamblea para ma\u00f1ana"},"content":{"rendered":"\n<p>Se trata de  un total de 160 despidos a nivel nacional y 4 en provincia.<\/p>\n\n\n\n<figure class=\"wp-block-image size-full is-resized\"><img loading=\"lazy\" decoding=\"async\" src=\"https:\/\/atecordoba.org\/wp-content\/uploads\/2024\/02\/th-3.jpeg\" alt=\"\" class=\"wp-image-41928\" width=\"428\" height=\"307\" srcset=\"https:\/\/atecordoba.org\/wp-content\/uploads\/2024\/02\/th-3.jpeg 251w, https:\/\/atecordoba.org\/wp-content\/uploads\/2024\/02\/th-3-120x86.jpeg 120w\" sizes=\"auto, (max-width: 428px) 100vw, 428px\" \/><\/figure>\n\n\n\n<p>El d\u00eda de hoy 28 de Febrero trabajadores y trabajadoras de La Agencia Nacional de Discapacidad\u00a0se despertaron con la noticia de m\u00e1s de un centenar de despidos en todo el pa\u00eds, esta noticia impact\u00f3 no solo a las familias de las y los despedidxs, si no, tambi\u00e9n a todas las familias argentinas que tienen integrantes con discapacidades viendo una vez m\u00e1s vulnerados sus derechos por el gobierno nacional.<\/p>\n\n\n\n<p>Es por eso que desde ATE C\u00f3rdoba convocamos ma\u00f1ana a una asamblea a las 10 hs en solidaridad con las y los trabajadores y en b\u00fasqueda de visibilizar el conflicto a nivel social.<\/p>\n\n\n\n<p>La direcci\u00f3n es 9 de julio 360 planta baja.<\/p>\n\n\n\n<p>Si tocan a uno tocan a todxs.<\/p>\n","protected":false},"excerpt":{"rendered":"<p>Se trata de un total de 160 despidos a nivel nacional y 4 en provincia. El d\u00eda de hoy 28 de Febrero trabajadores y trabajadoras de La Agencia Nacional de Discapacidad\u00a0se despertaron con la noticia de m\u00e1s de un centenar de despidos en todo el pa\u00eds, esta noticia impact\u00f3 no solo a las familias de [&hellip;]<\/p>\n","protected":false},"author":3,"featured_media":41928,"comment_status":"open","ping_status":"open","sticky":false,"template":"","format":"standard","meta":{"_exactmetrics_skip_tracking":false,"_exactmetrics_sitenote_active":false,"_exactmetrics_sitenote_note":"","_exactmetrics_sitenote_category":0,"jnews-multi-image_gallery":[],"jnews_single_post":{"subtitle":"","format":"standard","video":"","gallery":"","source_name":"","source_url":"","via_name":"","via_url":"","override_template":"0","override":[{"template":"1","single_blog_custom":"","parallax":"1","fullscreen":"1","layout":"no-sidebar-narrow","sidebar":"default-sidebar","second_sidebar":"default-sidebar","sticky_sidebar":"1","share_position":"bottom","share_float_style":"share-monocrhome","show_share_counter":"1","show_view_counter":"1","show_featured":"0","show_post_meta":"1","show_post_author":"0","show_post_author_image":"1","show_post_date":"1","post_date_format":"default","post_date_format_custom":"Y\/m\/d","show_post_category":"1","show_post_reading_time":"0","post_reading_time_wpm":"300","show_zoom_button":"0","zoom_button_out_step":"2","zoom_button_in_step":"3","show_post_tag":"1","show_prev_next_post":"0","show_popup_post":"0","number_popup_post":"1","show_author_box":"0","show_post_related":"1","show_inline_post_related":"0"}],"override_image_size":"0","image_override":[{"single_post_thumbnail_size":"crop-500","single_post_gallery_size":"crop-500"}],"trending_post":"0","trending_post_position":"meta","trending_post_label":"Trending","sponsored_post":"0","sponsored_post_label":"Sponsored by","sponsored_post_name":"","sponsored_post_url":"","sponsored_post_logo_enable":"0","sponsored_post_logo":"","sponsored_post_desc":"","disable_ad":"0"},"jnews_primary_category":{"id":"","hide":""},"jnews_social_meta":{"fb_title":"","fb_description":"","fb_image":"","twitter_title":"","twitter_description":"","twitter_image":""},"jnews_review":[],"enable_review":"0","type":"percentage","name":"","summary":"","brand":"","sku":"","good":[{"good_text":""}],"bad":[{"bad_text":""}],"score_override":"","override_value":"","rating":[{"rating_text":"","rating_number":"10"}],"price":[{"shop":"","price":"","link":"","icon":""}],"jnews_override_counter":{"override_view_counter":"0","view_counter_number":"0","override_share_counter":"0","share_counter_number":"0","override_like_counter":"0","like_counter_number":"0","override_dislike_counter":"0","dislike_counter_number":"0"},"jnews_post_split":{"enable_post_split":"0","post_split":[{"template":"1","tag":"h2","numbering":"asc","mode":"normal","first":"0","enable_toc":"0","toc_type":"normal"}]},"footnotes":""},"categories":[18],"tags":[],"class_list":["post-41926","post","type-post","status-publish","format-standard","has-post-thumbnail","hentry","category-nacionales"],"jetpack_featured_media_url":"https:\/\/atecordoba.org\/wp-content\/uploads\/2024\/02\/th-3.jpeg","_links":{"self":[{"href":"https:\/\/atecordoba.org\/index.php?rest_route=\/wp\/v2\/posts\/41926","targetHints":{"allow":["GET"]}}],"collection":[{"href":"https:\/\/atecordoba.org\/index.php?rest_route=\/wp\/v2\/posts"}],"about":[{"href":"https:\/\/atecordoba.org\/index.php?rest_route=\/wp\/v2\/types\/post"}],"author":[{"embeddable":true,"href":"https:\/\/atecordoba.org\/index.php?rest_route=\/wp\/v2\/users\/3"}],"replies":[{"embeddable":true,"href":"https:\/\/atecordoba.org\/index.php?rest_route=%2Fwp%2Fv2%2Fcomments&post=41926"}],"version-history":[{"count":2,"href":"https:\/\/atecordoba.org\/index.php?rest_route=\/wp\/v2\/posts\/41926\/revisions"}],"predecessor-version":[{"id":41930,"href":"https:\/\/atecordoba.org\/index.php?rest_route=\/wp\/v2\/posts\/41926\/revisions\/41930"}],"wp:featuredmedia":[{"embeddable":true,"href":"https:\/\/atecordoba.org\/index.php?rest_route=\/wp\/v2\/media\/41928"}],"wp:attachment":[{"href":"https:\/\/atecordoba.org\/index.php?rest_route=%2Fwp%2Fv2%2Fmedia&parent=41926"}],"wp:term":[{"taxonomy":"category","embeddable":true,"href":"https:\/\/atecordoba.org\/index.php?rest_route=%2Fwp%2Fv2%2Fcategories&post=41926"},{"taxonomy":"post_tag","embeddable":true,"href":"https:\/\/atecordoba.org\/index.php?rest_route=%2Fwp%2Fv2%2Ftags&post=41926"}],"curies":[{"name":"wp","href":"https:\/\/api.w.org\/{rel}","templated":true}]}}