{"id":4192,"date":"2014-06-03T16:04:36","date_gmt":"2014-06-03T19:04:36","guid":{"rendered":"http:\/\/www.atecordoba.org\/?p=4192"},"modified":"2014-06-03T16:04:36","modified_gmt":"2014-06-03T19:04:36","slug":"formacion-segundo-curso-apunto-a-las-herramientas-de-la-accion-gremial","status":"publish","type":"post","link":"https:\/\/atecordoba.org\/?p=4192","title":{"rendered":"Formaci\u00f3n: segundo curso apunt\u00f3 a las herramientas de la acci\u00f3n gremial"},"content":{"rendered":"<p style=\"text-align: left;\" align=\"center\">\n<p style=\"text-align: left;\" align=\"center\"><em>Se realiz\u00f3 el segundo encuentro de formaci\u00f3n para delegados de ATE el pasado 22 de mayo con la participaci\u00f3n de compa\u00f1eros de distintos sectores nacionales y provinciales.<\/em><\/p>\n<p style=\"text-align: center;\" align=\"center\"><a href=\"http:\/\/www.atecordoba.org\/wp-content\/uploads\/2014\/06\/formacion-1.png\"><img loading=\"lazy\" decoding=\"async\" class=\"aligncenter  wp-image-4193\" alt=\"formacion 1\" src=\"http:\/\/www.atecordoba.org\/wp-content\/uploads\/2014\/06\/formacion-1.png\" width=\"560\" height=\"315\" \/><\/a><\/p>\n<p style=\"text-align: left;\" align=\"center\">El taller, coordinado el secretario de Formaci\u00f3n del Consejo Directivo Provincial Gustavo Peyroti y el equipo de formaci\u00f3n del CDP, se llev\u00f3 a cabo en el CISPREN y estuvo dirigido a delegados de ATE, con el objetivo de introducir a los compa\u00f1eros en la apropiaci\u00f3n y uso de herramientas que permitan consolidar nuestra actividad en defensa de los derechos de los trabajadores.<\/p>\n<p style=\"text-align: left;\" align=\"center\">Alrededor de 25 compa\u00f1eros de distintas reparticiones del Estado nacional y provincial asistieron en la oportunidad, cont\u00e1ndose \u00a0con la presencia del secretario Gremial Diego Guerra y \u00a0la secretaria de Actas Estela Corzo, de nuestra ATE C\u00f3rdoba.<a href=\"http:\/\/www.atecordoba.org\/wp-content\/uploads\/2014\/06\/formacion-2.png\"><img loading=\"lazy\" decoding=\"async\" class=\" wp-image-4194 alignright\" alt=\"formacion 2\" src=\"http:\/\/www.atecordoba.org\/wp-content\/uploads\/2014\/06\/formacion-2.png\" width=\"336\" height=\"189\" \/><\/a><\/p>\n<p style=\"text-align: left;\" align=\"center\"><b><i>La asamblea, la afiliaci\u00f3n y la comunicaci\u00f3n<\/i><\/b><\/p>\n<p style=\"text-align: left;\" align=\"center\">El curso apunt\u00f3 a profundizar tres herramientas b\u00e1sicas de la acci\u00f3n gremial:\u00a0Se trabaj\u00f3 sobre tres herramientas de acci\u00f3n gremial: la asamblea, la afiliaci\u00f3n y la comunicaci\u00f3n.<\/p>\n<p style=\"text-align: left;\" align=\"center\">Sobre cada una de ellas se analiz\u00f3 las fortalezas y debilidades, sus marcos conceptuales y pol\u00edticos relacionados con nuestro modelo gremial y como utilizamos esas herramientas en cada uno de los sectores. Asimismo se utiliz\u00f3 el manual del Delegado y Delegada Gremial (2011) elaborado por el Consejo Directivo Nacional, que se distribuy\u00f3 entre los presentes.<\/p>\n<p style=\"text-align: left;\" align=\"center\">Como soporte audiovisual se utiliz\u00f3 la pel\u00edcula \u201cLa Patagonia Rebelde\u201d donde se pueden observar diversas herramientas gremiales del anarco-sindicalismo, corriente pol\u00edtico-sindical que dio origen a nuestro gremio.<\/p>\n<p style=\"text-align: left;\" align=\"center\">La participaci\u00f3n de los compa\u00f1eros y compa\u00f1eras fue activa y permanente en todos y cada uno de los temas que se propusieron. Uno de los resultados fue la elaboraci\u00f3n de una gu\u00eda para la realizaci\u00f3n de asambleas en los sectores de trabajo.<\/p>\n<p style=\"text-align: center;\" align=\"center\"><a href=\"http:\/\/www.atecordoba.org\/wp-content\/uploads\/2014\/06\/formacion-3.png\"><img loading=\"lazy\" decoding=\"async\" class=\"aligncenter  wp-image-4195\" alt=\"formacion 3\" src=\"http:\/\/www.atecordoba.org\/wp-content\/uploads\/2014\/06\/formacion-3.png\" width=\"560\" height=\"315\" \/><\/a><\/p>\n<p style=\"text-align: left;\" align=\"center\">As\u00ed, una vez m\u00e1s, evidenciamos que la formaci\u00f3n no es una clase magistral si un proceso de construcci\u00f3n colectiva de todo el colectivo de ATE, que intenta aportar al fortalecimiento de nuestro objetivo como gremio: defender los derechos de todos los trabajadores.<\/p>\n","protected":false},"excerpt":{"rendered":"<p>Se realiz\u00f3 el segundo encuentro de formaci\u00f3n para delegados de ATE el pasado 22 de mayo con la participaci\u00f3n de compa\u00f1eros de distintos sectores nacionales y provinciales. El taller, coordinado el secretario de Formaci\u00f3n del Consejo Directivo Provincial Gustavo Peyroti y el equipo de formaci\u00f3n del CDP, se llev\u00f3 a cabo en el CISPREN y [&hellip;]<\/p>\n","protected":false},"author":1,"featured_media":19220,"comment_status":"open","ping_status":"open","sticky":false,"template":"","format":"standard","meta":{"_exactmetrics_skip_tracking":false,"_exactmetrics_sitenote_active":false,"_exactmetrics_sitenote_note":"","_exactmetrics_sitenote_category":0,"jnews-multi-image_gallery":[],"jnews_single_post":[],"jnews_primary_category":[],"jnews_social_meta":[],"jnews_review":[],"enable_review":"","type":"","name":"","summary":"","brand":"","sku":"","good":[],"bad":[],"score_override":"","override_value":"","rating":[],"price":[],"jnews_override_counter":[],"jnews_post_split":[],"footnotes":""},"categories":[88],"tags":[],"class_list":["post-4192","post","type-post","status-publish","format-standard","has-post-thumbnail","hentry","category-formacion"],"jetpack_featured_media_url":"https:\/\/atecordoba.org\/wp-content\/uploads\/2020\/05\/logo-nuevochico-e1561581322808.png","_links":{"self":[{"href":"https:\/\/atecordoba.org\/index.php?rest_route=\/wp\/v2\/posts\/4192","targetHints":{"allow":["GET"]}}],"collection":[{"href":"https:\/\/atecordoba.org\/index.php?rest_route=\/wp\/v2\/posts"}],"about":[{"href":"https:\/\/atecordoba.org\/index.php?rest_route=\/wp\/v2\/types\/post"}],"author":[{"embeddable":true,"href":"https:\/\/atecordoba.org\/index.php?rest_route=\/wp\/v2\/users\/1"}],"replies":[{"embeddable":true,"href":"https:\/\/atecordoba.org\/index.php?rest_route=%2Fwp%2Fv2%2Fcomments&post=4192"}],"version-history":[{"count":0,"href":"https:\/\/atecordoba.org\/index.php?rest_route=\/wp\/v2\/posts\/4192\/revisions"}],"wp:featuredmedia":[{"embeddable":true,"href":"https:\/\/atecordoba.org\/index.php?rest_route=\/wp\/v2\/media\/19220"}],"wp:attachment":[{"href":"https:\/\/atecordoba.org\/index.php?rest_route=%2Fwp%2Fv2%2Fmedia&parent=4192"}],"wp:term":[{"taxonomy":"category","embeddable":true,"href":"https:\/\/atecordoba.org\/index.php?rest_route=%2Fwp%2Fv2%2Fcategories&post=4192"},{"taxonomy":"post_tag","embeddable":true,"href":"https:\/\/atecordoba.org\/index.php?rest_route=%2Fwp%2Fv2%2Ftags&post=4192"}],"curies":[{"name":"wp","href":"https:\/\/api.w.org\/{rel}","templated":true}]}}