{"id":41912,"date":"2024-02-27T14:14:28","date_gmt":"2024-02-27T17:14:28","guid":{"rendered":"https:\/\/atecordoba.org\/?p=41912"},"modified":"2024-02-27T15:21:47","modified_gmt":"2024-02-27T18:21:47","slug":"ate-consolida-su-crecimiento-organizativo-articulando-el-dialogo-institucional-con-la-comuna","status":"publish","type":"post","link":"https:\/\/atecordoba.org\/?p=41912","title":{"rendered":"Primera reuni\u00f3n institucional de ATE con la comuna de Villa Ciudad de Am\u00e9rica"},"content":{"rendered":"\n<p>ATE consolida su crecimiento organizativo, articulando el di\u00e1logo institucional con la comuna.<\/p>\n\n\n\n<figure class=\"wp-block-image size-large\"><img loading=\"lazy\" decoding=\"async\" width=\"1024\" height=\"460\" src=\"https:\/\/atecordoba.org\/wp-content\/uploads\/2024\/02\/WhatsApp-Image-2024-02-27-at-11.24.23-AM-1024x460.jpeg\" alt=\"\" class=\"wp-image-41913\" srcset=\"https:\/\/atecordoba.org\/wp-content\/uploads\/2024\/02\/WhatsApp-Image-2024-02-27-at-11.24.23-AM-1024x460.jpeg 1024w, https:\/\/atecordoba.org\/wp-content\/uploads\/2024\/02\/WhatsApp-Image-2024-02-27-at-11.24.23-AM-300x135.jpeg 300w, https:\/\/atecordoba.org\/wp-content\/uploads\/2024\/02\/WhatsApp-Image-2024-02-27-at-11.24.23-AM-768x345.jpeg 768w, https:\/\/atecordoba.org\/wp-content\/uploads\/2024\/02\/WhatsApp-Image-2024-02-27-at-11.24.23-AM-1536x690.jpeg 1536w, https:\/\/atecordoba.org\/wp-content\/uploads\/2024\/02\/WhatsApp-Image-2024-02-27-at-11.24.23-AM-750x337.jpeg 750w, https:\/\/atecordoba.org\/wp-content\/uploads\/2024\/02\/WhatsApp-Image-2024-02-27-at-11.24.23-AM-1140x512.jpeg 1140w, https:\/\/atecordoba.org\/wp-content\/uploads\/2024\/02\/WhatsApp-Image-2024-02-27-at-11.24.23-AM.jpeg 1600w\" sizes=\"auto, (max-width: 1024px) 100vw, 1024px\" \/><\/figure>\n\n\n\n<p>En la jornada de hoy se realiz\u00f3 la primera audiencia institucional en la comuna de Villa Ciudad Am\u00e9rica la cual se desarroll\u00f3 en t\u00e9rminos cordiales. <\/p>\n\n\n\n<p>Por el Departamento Ejecutivo estuvieron presentes el tesorero Julio Lahis, acompa\u00f1ado por el contador Oscar Suarez. En tanto por ATE, la comitiva estuvo integrada el secretario de Organizaci\u00f3n, Javier Bracamonte, la secretaria de formaci\u00f3n Irina Silberman, el candidato a delegado de ATE en la localidad Luis Moyano y referentes del Valle de Paravachasca Rodrigo Peralta y Javier Lopez.<\/p>\n\n\n\n<figure class=\"wp-block-image size-large\"><img loading=\"lazy\" decoding=\"async\" width=\"1024\" height=\"461\" src=\"https:\/\/atecordoba.org\/wp-content\/uploads\/2024\/02\/WhatsApp-Image-2024-02-27-at-11.24.22-AM-1-1024x461.jpeg\" alt=\"\" class=\"wp-image-41914\" srcset=\"https:\/\/atecordoba.org\/wp-content\/uploads\/2024\/02\/WhatsApp-Image-2024-02-27-at-11.24.22-AM-1-1024x461.jpeg 1024w, https:\/\/atecordoba.org\/wp-content\/uploads\/2024\/02\/WhatsApp-Image-2024-02-27-at-11.24.22-AM-1-300x135.jpeg 300w, https:\/\/atecordoba.org\/wp-content\/uploads\/2024\/02\/WhatsApp-Image-2024-02-27-at-11.24.22-AM-1-768x346.jpeg 768w, https:\/\/atecordoba.org\/wp-content\/uploads\/2024\/02\/WhatsApp-Image-2024-02-27-at-11.24.22-AM-1-1536x691.jpeg 1536w, https:\/\/atecordoba.org\/wp-content\/uploads\/2024\/02\/WhatsApp-Image-2024-02-27-at-11.24.22-AM-1-750x338.jpeg 750w, https:\/\/atecordoba.org\/wp-content\/uploads\/2024\/02\/WhatsApp-Image-2024-02-27-at-11.24.22-AM-1-1140x513.jpeg 1140w, https:\/\/atecordoba.org\/wp-content\/uploads\/2024\/02\/WhatsApp-Image-2024-02-27-at-11.24.22-AM-1.jpeg 1600w\" sizes=\"auto, (max-width: 1024px) 100vw, 1024px\" \/><\/figure>\n\n\n\n<p>En la misma se present\u00f3 formalmente al sindicato explicando que representamos a todas y todos las y los trabajadores, sea cual fuera la condici\u00f3n contractual de los mismos. Tambi\u00e9n se explic\u00f3 que ya hicimos las presentaciones formales para que nos den el c\u00f3digo de descuento de las y los trabajadores que est\u00e1n en blanco.<\/p>\n\n\n<div class=\"wp-block-image\">\n<figure class=\"alignleft size-large is-resized\"><img loading=\"lazy\" decoding=\"async\" src=\"https:\/\/atecordoba.org\/wp-content\/uploads\/2024\/02\/WhatsApp-Image-2024-02-27-at-11.24.23-AM-1-1024x461.jpeg\" alt=\"\" class=\"wp-image-41915\" width=\"512\" height=\"231\" srcset=\"https:\/\/atecordoba.org\/wp-content\/uploads\/2024\/02\/WhatsApp-Image-2024-02-27-at-11.24.23-AM-1-1024x461.jpeg 1024w, https:\/\/atecordoba.org\/wp-content\/uploads\/2024\/02\/WhatsApp-Image-2024-02-27-at-11.24.23-AM-1-300x135.jpeg 300w, https:\/\/atecordoba.org\/wp-content\/uploads\/2024\/02\/WhatsApp-Image-2024-02-27-at-11.24.23-AM-1-768x346.jpeg 768w, https:\/\/atecordoba.org\/wp-content\/uploads\/2024\/02\/WhatsApp-Image-2024-02-27-at-11.24.23-AM-1-1536x691.jpeg 1536w, https:\/\/atecordoba.org\/wp-content\/uploads\/2024\/02\/WhatsApp-Image-2024-02-27-at-11.24.23-AM-1-750x338.jpeg 750w, https:\/\/atecordoba.org\/wp-content\/uploads\/2024\/02\/WhatsApp-Image-2024-02-27-at-11.24.23-AM-1-1140x513.jpeg 1140w, https:\/\/atecordoba.org\/wp-content\/uploads\/2024\/02\/WhatsApp-Image-2024-02-27-at-11.24.23-AM-1.jpeg 1600w\" sizes=\"auto, (max-width: 512px) 100vw, 512px\" \/><\/figure>\n<\/div>\n\n\n<p><br>Otros de los puntos que se informaron es que ATE presento por mesa de entrada, la fecha de elecciones de delegados, la cual se realizar\u00e1 el pr\u00f3ximo 3 de abril, siendo candidato el compa\u00f1ero Luis Moyano.<br>Por \u00faltimo, se acord\u00f3 en ser convocados para la mesa de negociaci\u00f3n paritaria, que se realizar\u00eda en el mes de marzo.<\/p>\n\n\n<div class=\"wp-block-image\">\n<figure class=\"alignleft size-large is-resized\"><img loading=\"lazy\" decoding=\"async\" src=\"https:\/\/atecordoba.org\/wp-content\/uploads\/2024\/02\/WhatsApp-Image-2024-02-27-at-11.24.22-AM-1024x460.jpeg\" alt=\"\" class=\"wp-image-41917\" width=\"768\" height=\"345\" srcset=\"https:\/\/atecordoba.org\/wp-content\/uploads\/2024\/02\/WhatsApp-Image-2024-02-27-at-11.24.22-AM-1024x460.jpeg 1024w, https:\/\/atecordoba.org\/wp-content\/uploads\/2024\/02\/WhatsApp-Image-2024-02-27-at-11.24.22-AM-300x135.jpeg 300w, https:\/\/atecordoba.org\/wp-content\/uploads\/2024\/02\/WhatsApp-Image-2024-02-27-at-11.24.22-AM-768x345.jpeg 768w, https:\/\/atecordoba.org\/wp-content\/uploads\/2024\/02\/WhatsApp-Image-2024-02-27-at-11.24.22-AM-1536x690.jpeg 1536w, https:\/\/atecordoba.org\/wp-content\/uploads\/2024\/02\/WhatsApp-Image-2024-02-27-at-11.24.22-AM-750x337.jpeg 750w, https:\/\/atecordoba.org\/wp-content\/uploads\/2024\/02\/WhatsApp-Image-2024-02-27-at-11.24.22-AM-1140x512.jpeg 1140w, https:\/\/atecordoba.org\/wp-content\/uploads\/2024\/02\/WhatsApp-Image-2024-02-27-at-11.24.22-AM.jpeg 1600w\" sizes=\"auto, (max-width: 768px) 100vw, 768px\" \/><\/figure>\n<\/div>","protected":false},"excerpt":{"rendered":"<p>ATE consolida su crecimiento organizativo, articulando el di\u00e1logo institucional con la comuna. En la jornada de hoy se realiz\u00f3 la primera audiencia institucional en la comuna de Villa Ciudad Am\u00e9rica la cual se desarroll\u00f3 en t\u00e9rminos cordiales. Por el Departamento Ejecutivo estuvieron presentes el tesorero Julio Lahis, acompa\u00f1ado por el contador Oscar Suarez. En tanto [&hellip;]<\/p>\n","protected":false},"author":3,"featured_media":41913,"comment_status":"open","ping_status":"open","sticky":false,"template":"","format":"standard","meta":{"_exactmetrics_skip_tracking":false,"_exactmetrics_sitenote_active":false,"_exactmetrics_sitenote_note":"","_exactmetrics_sitenote_category":0,"jnews-multi-image_gallery":[],"jnews_single_post":{"subtitle":"","format":"standard","video":"","gallery":"","source_name":"","source_url":"","via_name":"","via_url":"","override_template":"0","override":[{"template":"1","single_blog_custom":"","parallax":"1","fullscreen":"1","layout":"no-sidebar-narrow","sidebar":"default-sidebar","second_sidebar":"default-sidebar","sticky_sidebar":"1","share_position":"bottom","share_float_style":"share-monocrhome","show_share_counter":"1","show_view_counter":"1","show_featured":"0","show_post_meta":"1","show_post_author":"0","show_post_author_image":"1","show_post_date":"1","post_date_format":"default","post_date_format_custom":"Y\/m\/d","show_post_category":"1","show_post_reading_time":"0","post_reading_time_wpm":"300","show_zoom_button":"0","zoom_button_out_step":"2","zoom_button_in_step":"3","show_post_tag":"1","show_prev_next_post":"0","show_popup_post":"0","number_popup_post":"1","show_author_box":"0","show_post_related":"1","show_inline_post_related":"0"}],"override_image_size":"0","image_override":[{"single_post_thumbnail_size":"crop-500","single_post_gallery_size":"crop-500"}],"trending_post":"0","trending_post_position":"meta","trending_post_label":"Trending","sponsored_post":"0","sponsored_post_label":"Sponsored by","sponsored_post_name":"","sponsored_post_url":"","sponsored_post_logo_enable":"0","sponsored_post_logo":"","sponsored_post_desc":"","disable_ad":"0"},"jnews_primary_category":{"id":"","hide":""},"jnews_social_meta":{"fb_title":"","fb_description":"","fb_image":"","twitter_title":"","twitter_description":"","twitter_image":""},"jnews_review":[],"enable_review":"0","type":"percentage","name":"","summary":"","brand":"","sku":"","good":[{"good_text":""}],"bad":[{"bad_text":""}],"score_override":"","override_value":"","rating":[{"rating_text":"","rating_number":"10"}],"price":[{"shop":"","price":"","link":"","icon":""}],"jnews_override_counter":{"override_view_counter":"0","view_counter_number":"0","override_share_counter":"0","share_counter_number":"0","override_like_counter":"0","like_counter_number":"0","override_dislike_counter":"0","dislike_counter_number":"0"},"jnews_post_split":{"enable_post_split":"0","post_split":[{"template":"1","tag":"h2","numbering":"asc","mode":"normal","first":"0","enable_toc":"0","toc_type":"normal"}]},"footnotes":""},"categories":[20],"tags":[],"class_list":["post-41912","post","type-post","status-publish","format-standard","has-post-thumbnail","hentry","category-municipales"],"jetpack_featured_media_url":"https:\/\/atecordoba.org\/wp-content\/uploads\/2024\/02\/WhatsApp-Image-2024-02-27-at-11.24.23-AM.jpeg","_links":{"self":[{"href":"https:\/\/atecordoba.org\/index.php?rest_route=\/wp\/v2\/posts\/41912","targetHints":{"allow":["GET"]}}],"collection":[{"href":"https:\/\/atecordoba.org\/index.php?rest_route=\/wp\/v2\/posts"}],"about":[{"href":"https:\/\/atecordoba.org\/index.php?rest_route=\/wp\/v2\/types\/post"}],"author":[{"embeddable":true,"href":"https:\/\/atecordoba.org\/index.php?rest_route=\/wp\/v2\/users\/3"}],"replies":[{"embeddable":true,"href":"https:\/\/atecordoba.org\/index.php?rest_route=%2Fwp%2Fv2%2Fcomments&post=41912"}],"version-history":[{"count":5,"href":"https:\/\/atecordoba.org\/index.php?rest_route=\/wp\/v2\/posts\/41912\/revisions"}],"predecessor-version":[{"id":41925,"href":"https:\/\/atecordoba.org\/index.php?rest_route=\/wp\/v2\/posts\/41912\/revisions\/41925"}],"wp:featuredmedia":[{"embeddable":true,"href":"https:\/\/atecordoba.org\/index.php?rest_route=\/wp\/v2\/media\/41913"}],"wp:attachment":[{"href":"https:\/\/atecordoba.org\/index.php?rest_route=%2Fwp%2Fv2%2Fmedia&parent=41912"}],"wp:term":[{"taxonomy":"category","embeddable":true,"href":"https:\/\/atecordoba.org\/index.php?rest_route=%2Fwp%2Fv2%2Fcategories&post=41912"},{"taxonomy":"post_tag","embeddable":true,"href":"https:\/\/atecordoba.org\/index.php?rest_route=%2Fwp%2Fv2%2Ftags&post=41912"}],"curies":[{"name":"wp","href":"https:\/\/api.w.org\/{rel}","templated":true}]}}