{"id":41897,"date":"2024-02-27T11:37:40","date_gmt":"2024-02-27T14:37:40","guid":{"rendered":"https:\/\/atecordoba.org\/?p=41897"},"modified":"2024-02-27T14:07:04","modified_gmt":"2024-02-27T17:07:04","slug":"ate-da-inicio-a-las-paritarias-en-mendiolaza","status":"publish","type":"post","link":"https:\/\/atecordoba.org\/?p=41897","title":{"rendered":"ATE da inicio a las paritarias en Mendiolaza"},"content":{"rendered":"\n<p>Tambi\u00e9n se present\u00f3 el pedido de la recomposici\u00f3n salarial para los meses de enero y febrero.<\/p>\n\n\n\n<figure class=\"wp-block-image size-large is-resized\"><img loading=\"lazy\" decoding=\"async\" src=\"https:\/\/atecordoba.org\/wp-content\/uploads\/2024\/02\/WhatsApp-Image-2024-02-27-at-9.44.50-AM-1-1024x768.jpeg\" alt=\"\" class=\"wp-image-41899\" width=\"768\" height=\"576\" srcset=\"https:\/\/atecordoba.org\/wp-content\/uploads\/2024\/02\/WhatsApp-Image-2024-02-27-at-9.44.50-AM-1-1024x768.jpeg 1024w, https:\/\/atecordoba.org\/wp-content\/uploads\/2024\/02\/WhatsApp-Image-2024-02-27-at-9.44.50-AM-1-300x225.jpeg 300w, https:\/\/atecordoba.org\/wp-content\/uploads\/2024\/02\/WhatsApp-Image-2024-02-27-at-9.44.50-AM-1-768x576.jpeg 768w, https:\/\/atecordoba.org\/wp-content\/uploads\/2024\/02\/WhatsApp-Image-2024-02-27-at-9.44.50-AM-1-1536x1152.jpeg 1536w, https:\/\/atecordoba.org\/wp-content\/uploads\/2024\/02\/WhatsApp-Image-2024-02-27-at-9.44.50-AM-1-750x563.jpeg 750w, https:\/\/atecordoba.org\/wp-content\/uploads\/2024\/02\/WhatsApp-Image-2024-02-27-at-9.44.50-AM-1-1140x855.jpeg 1140w, https:\/\/atecordoba.org\/wp-content\/uploads\/2024\/02\/WhatsApp-Image-2024-02-27-at-9.44.50-AM-1.jpeg 1600w\" sizes=\"auto, (max-width: 768px) 100vw, 768px\" \/><\/figure>\n\n\n\n<p>En la jornada de hoy nuestro secretario General Federico Giuliani, junto a los delegados Martin Zamarre\u00f1o y Luciana P\u00e9rez D\u00e1vila, tuvieron una audiencia institucional con el Ejecutivo de Mendiolaza, representado por el secretario de gobierno Luis Roldan y el asesor letrado Cesar Tillard en la cual se dio inicio a las paritarias de la localidad serrana y se present\u00f3 un pedido de la recomposici\u00f3n salarial para los meses de enero y febrero del corriente a\u00f1o.<\/p>\n\n\n\n<p>Cabe destacar que el pasado 9 de febrero Ate convoco una Asamblea con los trabajadores del municipio en la cual el personal del sector dio una respuesta masiva al llamado de nuestra organizaci\u00f3n y reclam\u00f3 al Departamento Ejecutivo la apertura inmediata de la paritaria para abordar un urgente incremento salarial que de respuesta a la p\u00e9rdida de poder adquisitivo de las y los municipales, frente a la escalada de precios generales.<\/p>\n\n\n\n<p>Por ello desde Ate realizamos el pedido de audiencia con el ejecutivo a fin de dar respuesta a la perdida de poder adquisitivo que est\u00e1n sufriendo los compa\u00f1eros y las compa\u00f1eras del municipio de Mendiolaza.<\/p>\n","protected":false},"excerpt":{"rendered":"<p>Tambi\u00e9n se present\u00f3 el pedido de la recomposici\u00f3n salarial para los meses de enero y febrero. En la jornada de hoy nuestro secretario General Federico Giuliani, junto a los delegados Martin Zamarre\u00f1o y Luciana P\u00e9rez D\u00e1vila, tuvieron una audiencia institucional con el Ejecutivo de Mendiolaza, representado por el secretario de gobierno Luis Roldan y el [&hellip;]<\/p>\n","protected":false},"author":3,"featured_media":41899,"comment_status":"open","ping_status":"open","sticky":false,"template":"","format":"standard","meta":{"_exactmetrics_skip_tracking":false,"_exactmetrics_sitenote_active":false,"_exactmetrics_sitenote_note":"","_exactmetrics_sitenote_category":0,"jnews-multi-image_gallery":[],"jnews_single_post":{"subtitle":"","format":"standard","video":"","gallery":"","source_name":"","source_url":"","via_name":"","via_url":"","override_template":"0","override":[{"template":"1","single_blog_custom":"","parallax":"1","fullscreen":"1","layout":"no-sidebar-narrow","sidebar":"default-sidebar","second_sidebar":"default-sidebar","sticky_sidebar":"1","share_position":"bottom","share_float_style":"share-monocrhome","show_share_counter":"1","show_view_counter":"1","show_featured":"0","show_post_meta":"1","show_post_author":"0","show_post_author_image":"1","show_post_date":"1","post_date_format":"default","post_date_format_custom":"Y\/m\/d","show_post_category":"1","show_post_reading_time":"0","post_reading_time_wpm":"300","show_zoom_button":"0","zoom_button_out_step":"2","zoom_button_in_step":"3","show_post_tag":"1","show_prev_next_post":"0","show_popup_post":"0","number_popup_post":"1","show_author_box":"0","show_post_related":"1","show_inline_post_related":"0"}],"override_image_size":"0","image_override":[{"single_post_thumbnail_size":"crop-500","single_post_gallery_size":"crop-500"}],"trending_post":"0","trending_post_position":"meta","trending_post_label":"Trending","sponsored_post":"0","sponsored_post_label":"Sponsored by","sponsored_post_name":"","sponsored_post_url":"","sponsored_post_logo_enable":"0","sponsored_post_logo":"","sponsored_post_desc":"","disable_ad":"0"},"jnews_primary_category":{"id":"","hide":""},"jnews_social_meta":{"fb_title":"","fb_description":"","fb_image":"","twitter_title":"","twitter_description":"","twitter_image":""},"jnews_review":[],"enable_review":"0","type":"percentage","name":"","summary":"","brand":"","sku":"","good":[{"good_text":""}],"bad":[{"bad_text":""}],"score_override":"","override_value":"","rating":[{"rating_text":"","rating_number":"10"}],"price":[{"shop":"","price":"","link":"","icon":""}],"jnews_override_counter":{"override_view_counter":"0","view_counter_number":"0","override_share_counter":"0","share_counter_number":"0","override_like_counter":"0","like_counter_number":"0","override_dislike_counter":"0","dislike_counter_number":"0"},"jnews_post_split":{"enable_post_split":"0","post_split":[{"template":"1","tag":"h2","numbering":"asc","mode":"normal","first":"0","enable_toc":"0","toc_type":"normal"}]},"footnotes":""},"categories":[20],"tags":[],"class_list":["post-41897","post","type-post","status-publish","format-standard","has-post-thumbnail","hentry","category-municipales"],"jetpack_featured_media_url":"https:\/\/atecordoba.org\/wp-content\/uploads\/2024\/02\/WhatsApp-Image-2024-02-27-at-9.44.50-AM-1.jpeg","_links":{"self":[{"href":"https:\/\/atecordoba.org\/index.php?rest_route=\/wp\/v2\/posts\/41897","targetHints":{"allow":["GET"]}}],"collection":[{"href":"https:\/\/atecordoba.org\/index.php?rest_route=\/wp\/v2\/posts"}],"about":[{"href":"https:\/\/atecordoba.org\/index.php?rest_route=\/wp\/v2\/types\/post"}],"author":[{"embeddable":true,"href":"https:\/\/atecordoba.org\/index.php?rest_route=\/wp\/v2\/users\/3"}],"replies":[{"embeddable":true,"href":"https:\/\/atecordoba.org\/index.php?rest_route=%2Fwp%2Fv2%2Fcomments&post=41897"}],"version-history":[{"count":2,"href":"https:\/\/atecordoba.org\/index.php?rest_route=\/wp\/v2\/posts\/41897\/revisions"}],"predecessor-version":[{"id":41911,"href":"https:\/\/atecordoba.org\/index.php?rest_route=\/wp\/v2\/posts\/41897\/revisions\/41911"}],"wp:featuredmedia":[{"embeddable":true,"href":"https:\/\/atecordoba.org\/index.php?rest_route=\/wp\/v2\/media\/41899"}],"wp:attachment":[{"href":"https:\/\/atecordoba.org\/index.php?rest_route=%2Fwp%2Fv2%2Fmedia&parent=41897"}],"wp:term":[{"taxonomy":"category","embeddable":true,"href":"https:\/\/atecordoba.org\/index.php?rest_route=%2Fwp%2Fv2%2Fcategories&post=41897"},{"taxonomy":"post_tag","embeddable":true,"href":"https:\/\/atecordoba.org\/index.php?rest_route=%2Fwp%2Fv2%2Ftags&post=41897"}],"curies":[{"name":"wp","href":"https:\/\/api.w.org\/{rel}","templated":true}]}}