{"id":41889,"date":"2024-02-27T11:09:17","date_gmt":"2024-02-27T14:09:17","guid":{"rendered":"https:\/\/atecordoba.org\/?p=41889"},"modified":"2024-02-27T11:09:18","modified_gmt":"2024-02-27T14:09:18","slug":"trabajadorxs-de-paicor-y-auxiliares-ate-le-exige-al-gobierno-provincial-el-incremento-del-salario-al-minimo-vital-y-movil","status":"publish","type":"post","link":"https:\/\/atecordoba.org\/?p=41889","title":{"rendered":"Trabajadorxs de Paicor y Auxiliares: ATE le exige al gobierno provincial el incremento del salario al M\u00ednimo Vital y M\u00f3vil"},"content":{"rendered":"\n<p>Este es un reclamo necesario ante la realidad de sueldos indignos que cobran lxs trabajadorxs del sector.<\/p>\n\n\n\n<figure class=\"wp-block-image size-full is-resized\"><img loading=\"lazy\" decoding=\"async\" src=\"https:\/\/atecordoba.org\/wp-content\/uploads\/2024\/02\/Auxiliares-PAICOR-Panal.jpg\" alt=\"\" class=\"wp-image-41891\" width=\"1024\" height=\"610\" srcset=\"https:\/\/atecordoba.org\/wp-content\/uploads\/2024\/02\/Auxiliares-PAICOR-Panal.jpg 1024w, https:\/\/atecordoba.org\/wp-content\/uploads\/2024\/02\/Auxiliares-PAICOR-Panal-300x179.jpg 300w, https:\/\/atecordoba.org\/wp-content\/uploads\/2024\/02\/Auxiliares-PAICOR-Panal-768x458.jpg 768w, https:\/\/atecordoba.org\/wp-content\/uploads\/2024\/02\/Auxiliares-PAICOR-Panal-750x447.jpg 750w\" sizes=\"auto, (max-width: 1024px) 100vw, 1024px\" \/><\/figure>\n\n\n\n<p>Los salarios de las y los trabajadores de Paicor y Auxiliares no alcanzan pisos m\u00ednimos de dignidad, es por eso que ATE C\u00f3rdoba envi\u00f3 una nota al gobernador Mart\u00edn Llaryora siendo el \u00fanico gremio que organiza y defiende los derechos en este campo laboral. <\/p>\n\n\n\n<p>Cabe destacar que los conflictos por querer intervenir en este \u00e1mbito iniciaron a comienzos de 2022 como bien indica un fragmento de la nota:<\/p>\n\n\n\n<figure class=\"wp-block-pullquote\"><blockquote><p>&#8220;Desde el a\u00f1o 2022 nuestro sindicato decidi\u00f3 las representaciones de las y los trabajadores del PAICOR y las y los AUXILIARES ESCOLARES &#8230; tal decisi\u00f3n hizo que otro sindicato que representa trabajadoras de empresas de limpieza, decidiera intentar una representaci\u00f3n que no tienen por \u00e1mbito, y que agrediera f\u00edsicamente a nuestras y nuestros afiliados. Lo que motiv\u00f3 una denuncia penal contra el SOELSAC y sus dirigentes&#8221;<\/p><\/blockquote><\/figure>\n\n\n\n<p>Siendo este el puntapi\u00e9 inicial para descubrir un universo de precarizaci\u00f3n que viv\u00edan miles de trabajadorxs estatales y particularmente mujeres.<\/p>\n\n\n\n<figure class=\"wp-block-pullquote\"><blockquote><p>&#8220;Esto nos demostr\u00f3 que la representaci\u00f3n erigida era el camino correcto, dado que hab\u00eda un universo de 5000 trabajadores del estado, totalmente precarizadas por la forma contractual elegido, y muy mal remuneradas sus tareas. Que ese espacio de trabajadoras era casi totalmente llevada a cabo por mujeres (el 95%)&#8221;<\/p><cite>menciona en la nota enviada por ATE C\u00f3rdoba al gobernador Martin Llaryora.<\/cite><\/blockquote><\/figure>\n\n\n<div class=\"wp-block-image\">\n<figure class=\"alignleft size-large is-resized\"><img loading=\"lazy\" decoding=\"async\" src=\"https:\/\/atecordoba.org\/wp-content\/uploads\/2024\/02\/WhatsApp-Image-2024-02-27-at-11.07.41-AM-1024x575.jpeg\" alt=\"\" class=\"wp-image-41894\" width=\"512\" height=\"288\" srcset=\"https:\/\/atecordoba.org\/wp-content\/uploads\/2024\/02\/WhatsApp-Image-2024-02-27-at-11.07.41-AM-1024x575.jpeg 1024w, https:\/\/atecordoba.org\/wp-content\/uploads\/2024\/02\/WhatsApp-Image-2024-02-27-at-11.07.41-AM-300x169.jpeg 300w, https:\/\/atecordoba.org\/wp-content\/uploads\/2024\/02\/WhatsApp-Image-2024-02-27-at-11.07.41-AM-768x432.jpeg 768w, https:\/\/atecordoba.org\/wp-content\/uploads\/2024\/02\/WhatsApp-Image-2024-02-27-at-11.07.41-AM-1536x863.jpeg 1536w, https:\/\/atecordoba.org\/wp-content\/uploads\/2024\/02\/WhatsApp-Image-2024-02-27-at-11.07.41-AM-750x421.jpeg 750w, https:\/\/atecordoba.org\/wp-content\/uploads\/2024\/02\/WhatsApp-Image-2024-02-27-at-11.07.41-AM-1140x641.jpeg 1140w, https:\/\/atecordoba.org\/wp-content\/uploads\/2024\/02\/WhatsApp-Image-2024-02-27-at-11.07.41-AM.jpeg 1600w\" sizes=\"auto, (max-width: 512px) 100vw, 512px\" \/><\/figure>\n<\/div>\n\n\n<p>Tambi\u00e9n se destaca en la nota que desde que iniciaron estos conflictos se le exige al gobierno provincial la representaci\u00f3n de este sector y que, ahora agravado por la situaci\u00f3n econ\u00f3mica actual a la que nos ha llevado el gobierno nacional se solicita en car\u00e1cter de URGENCIA la inmediata recomposici\u00f3n salarial de las trabajadoras del PAICOR y AUXILIARES DE EDUCACI\u00d3N; llevando el salario m\u00ednimo de las trabajadoras al salario M\u00cdNIMO VITAL Y M\u00d3VIL.<\/p>\n\n\n\n<p>Por \u00faltimo y aclararando que de por s\u00ed el monto del Salario Minimo Vital y Movil es muy bajo, es necesario el aumento ya que las trabajadoras cobran muy por debajo de lo solicitado la nota cierra con buenas expectativas respecto a que el gobierno recepte los reclamos y llegue a buen puerto lo solicitado. <\/p>\n\n\n\n<figure class=\"wp-block-pullquote\"><blockquote><p>&#8220;Atento a la buena voluntad de este gobierno de intentar cuidar a la ciudadania que lo vot\u00f3 mediante algunos instrumentos (boleto obrero y estudiantil, etc), es que descontamos su voluntad de cuidar a estas Mujeres y darles lo solicitado por este gremio que las representa&#8221;<\/p><\/blockquote><\/figure>\n\n\n<div class=\"wp-block-image\">\n<figure class=\"alignleft size-large is-resized\"><img loading=\"lazy\" decoding=\"async\" src=\"https:\/\/atecordoba.org\/wp-content\/uploads\/2024\/02\/Nota-Paicor_page-0001-1-791x1024.jpg\" alt=\"\" class=\"wp-image-41892\" width=\"396\" height=\"512\" srcset=\"https:\/\/atecordoba.org\/wp-content\/uploads\/2024\/02\/Nota-Paicor_page-0001-1-791x1024.jpg 791w, https:\/\/atecordoba.org\/wp-content\/uploads\/2024\/02\/Nota-Paicor_page-0001-1-232x300.jpg 232w, https:\/\/atecordoba.org\/wp-content\/uploads\/2024\/02\/Nota-Paicor_page-0001-1-768x994.jpg 768w, https:\/\/atecordoba.org\/wp-content\/uploads\/2024\/02\/Nota-Paicor_page-0001-1-1187x1536.jpg 1187w, https:\/\/atecordoba.org\/wp-content\/uploads\/2024\/02\/Nota-Paicor_page-0001-1-750x971.jpg 750w, https:\/\/atecordoba.org\/wp-content\/uploads\/2024\/02\/Nota-Paicor_page-0001-1-1140x1475.jpg 1140w, https:\/\/atecordoba.org\/wp-content\/uploads\/2024\/02\/Nota-Paicor_page-0001-1.jpg 1275w\" sizes=\"auto, (max-width: 396px) 100vw, 396px\" \/><\/figure>\n<\/div>\n\n<div class=\"wp-block-image\">\n<figure class=\"alignright size-large is-resized\"><img loading=\"lazy\" decoding=\"async\" src=\"https:\/\/atecordoba.org\/wp-content\/uploads\/2024\/02\/Nota-Paicor_page-0002-791x1024.jpg\" alt=\"\" class=\"wp-image-41893\" width=\"396\" height=\"512\" srcset=\"https:\/\/atecordoba.org\/wp-content\/uploads\/2024\/02\/Nota-Paicor_page-0002-791x1024.jpg 791w, https:\/\/atecordoba.org\/wp-content\/uploads\/2024\/02\/Nota-Paicor_page-0002-232x300.jpg 232w, https:\/\/atecordoba.org\/wp-content\/uploads\/2024\/02\/Nota-Paicor_page-0002-768x994.jpg 768w, https:\/\/atecordoba.org\/wp-content\/uploads\/2024\/02\/Nota-Paicor_page-0002-1187x1536.jpg 1187w, https:\/\/atecordoba.org\/wp-content\/uploads\/2024\/02\/Nota-Paicor_page-0002-750x971.jpg 750w, https:\/\/atecordoba.org\/wp-content\/uploads\/2024\/02\/Nota-Paicor_page-0002-1140x1475.jpg 1140w, https:\/\/atecordoba.org\/wp-content\/uploads\/2024\/02\/Nota-Paicor_page-0002.jpg 1275w\" sizes=\"auto, (max-width: 396px) 100vw, 396px\" \/><\/figure>\n<\/div>","protected":false},"excerpt":{"rendered":"<p>Este es un reclamo necesario ante la realidad de sueldos indignos que cobran lxs trabajadorxs del sector. Los salarios de las y los trabajadores de Paicor y Auxiliares no alcanzan pisos m\u00ednimos de dignidad, es por eso que ATE C\u00f3rdoba envi\u00f3 una nota al gobernador Mart\u00edn Llaryora siendo el \u00fanico gremio que organiza y defiende [&hellip;]<\/p>\n","protected":false},"author":3,"featured_media":41894,"comment_status":"open","ping_status":"open","sticky":false,"template":"","format":"standard","meta":{"_exactmetrics_skip_tracking":false,"_exactmetrics_sitenote_active":false,"_exactmetrics_sitenote_note":"","_exactmetrics_sitenote_category":0,"jnews-multi-image_gallery":[],"jnews_single_post":{"subtitle":"","format":"standard","video":"","gallery":"","source_name":"","source_url":"","via_name":"","via_url":"","override_template":"0","override":[{"template":"1","single_blog_custom":"","parallax":"1","fullscreen":"1","layout":"no-sidebar-narrow","sidebar":"default-sidebar","second_sidebar":"default-sidebar","sticky_sidebar":"1","share_position":"bottom","share_float_style":"share-monocrhome","show_share_counter":"1","show_view_counter":"1","show_featured":"0","show_post_meta":"1","show_post_author":"0","show_post_author_image":"1","show_post_date":"1","post_date_format":"default","post_date_format_custom":"Y\/m\/d","show_post_category":"1","show_post_reading_time":"0","post_reading_time_wpm":"300","show_zoom_button":"0","zoom_button_out_step":"2","zoom_button_in_step":"3","show_post_tag":"1","show_prev_next_post":"0","show_popup_post":"0","number_popup_post":"1","show_author_box":"0","show_post_related":"1","show_inline_post_related":"0"}],"override_image_size":"0","image_override":[{"single_post_thumbnail_size":"crop-500","single_post_gallery_size":"crop-500"}],"trending_post":"0","trending_post_position":"meta","trending_post_label":"Trending","sponsored_post":"0","sponsored_post_label":"Sponsored by","sponsored_post_name":"","sponsored_post_url":"","sponsored_post_logo_enable":"0","sponsored_post_logo":"","sponsored_post_desc":"","disable_ad":"0"},"jnews_primary_category":{"id":"","hide":""},"jnews_social_meta":{"fb_title":"","fb_description":"","fb_image":"","twitter_title":"","twitter_description":"","twitter_image":""},"jnews_review":[],"enable_review":"0","type":"percentage","name":"","summary":"","brand":"","sku":"","good":[{"good_text":""}],"bad":[{"bad_text":""}],"score_override":"","override_value":"","rating":[{"rating_text":"","rating_number":"10"}],"price":[{"shop":"","price":"","link":"","icon":""}],"jnews_override_counter":{"override_view_counter":"0","view_counter_number":"0","override_share_counter":"0","share_counter_number":"0","override_like_counter":"0","like_counter_number":"0","override_dislike_counter":"0","dislike_counter_number":"0"},"jnews_post_split":{"enable_post_split":"0","post_split":[{"template":"1","tag":"h2","numbering":"asc","mode":"normal","first":"0","enable_toc":"0","toc_type":"normal"}]},"footnotes":""},"categories":[8],"tags":[],"class_list":["post-41889","post","type-post","status-publish","format-standard","has-post-thumbnail","hentry","category-provinciales"],"jetpack_featured_media_url":"https:\/\/atecordoba.org\/wp-content\/uploads\/2024\/02\/WhatsApp-Image-2024-02-27-at-11.07.41-AM.jpeg","_links":{"self":[{"href":"https:\/\/atecordoba.org\/index.php?rest_route=\/wp\/v2\/posts\/41889","targetHints":{"allow":["GET"]}}],"collection":[{"href":"https:\/\/atecordoba.org\/index.php?rest_route=\/wp\/v2\/posts"}],"about":[{"href":"https:\/\/atecordoba.org\/index.php?rest_route=\/wp\/v2\/types\/post"}],"author":[{"embeddable":true,"href":"https:\/\/atecordoba.org\/index.php?rest_route=\/wp\/v2\/users\/3"}],"replies":[{"embeddable":true,"href":"https:\/\/atecordoba.org\/index.php?rest_route=%2Fwp%2Fv2%2Fcomments&post=41889"}],"version-history":[{"count":1,"href":"https:\/\/atecordoba.org\/index.php?rest_route=\/wp\/v2\/posts\/41889\/revisions"}],"predecessor-version":[{"id":41895,"href":"https:\/\/atecordoba.org\/index.php?rest_route=\/wp\/v2\/posts\/41889\/revisions\/41895"}],"wp:featuredmedia":[{"embeddable":true,"href":"https:\/\/atecordoba.org\/index.php?rest_route=\/wp\/v2\/media\/41894"}],"wp:attachment":[{"href":"https:\/\/atecordoba.org\/index.php?rest_route=%2Fwp%2Fv2%2Fmedia&parent=41889"}],"wp:term":[{"taxonomy":"category","embeddable":true,"href":"https:\/\/atecordoba.org\/index.php?rest_route=%2Fwp%2Fv2%2Fcategories&post=41889"},{"taxonomy":"post_tag","embeddable":true,"href":"https:\/\/atecordoba.org\/index.php?rest_route=%2Fwp%2Fv2%2Ftags&post=41889"}],"curies":[{"name":"wp","href":"https:\/\/api.w.org\/{rel}","templated":true}]}}