{"id":41820,"date":"2024-02-23T10:13:05","date_gmt":"2024-02-23T13:13:05","guid":{"rendered":"https:\/\/atecordoba.org\/?p=41820"},"modified":"2024-02-23T10:13:06","modified_gmt":"2024-02-23T13:13:06","slug":"se-suman-mas-organizaciones-a-la-movilizacion-del-26-de-febrero","status":"publish","type":"post","link":"https:\/\/atecordoba.org\/?p=41820","title":{"rendered":"Se suman m\u00e1s organizaciones a la Movilizaci\u00f3n del 26 de febrero"},"content":{"rendered":"<div class=\"wp-block-image\">\n<figure class=\"aligncenter size-large is-resized\"><img loading=\"lazy\" decoding=\"async\" src=\"https:\/\/atecordoba.org\/wp-content\/uploads\/2024\/02\/IMG-20240222-WA0093-1536x1152-1-1024x768.jpg\" alt=\"\" class=\"wp-image-41821\" width=\"768\" height=\"576\" \/><\/figure>\n<\/div>\n\n\n<p>Dirigentes, delegados y militantes de organizaciones sindicales, sociales y pol\u00edticas coincidieron en fortalecer la movilizaci\u00f3n de los estatales prevista para este lunes 26 de febrero, y darle continuidad al Plan de Lucha contra el brutal ajuste descargado por el Gobierno de Milei sobre las espaldas del pueblo. As\u00ed concluyeron conjuntamente  durante una reuni\u00f3n abierta que tuvo lugar este jueves en la sede del Consejo Directivo Provincial.<\/p>\n\n\n\n<p>El encuentro deliber\u00f3 bajo el lema \u201cPor un Paro Activo y un Plan de Lucha para derrotar el Plan Motosierra de Milei, el FMI y el Protocolo Represivo\u201d y cont\u00f3 con la participaci\u00f3n, entre otros, del Secretario General de ATE y la CTA Aut\u00f3noma C\u00f3rdoba, Federico Giuliani; el Secretario Adjunto de la CTA-A provincial, Walter Camino; el Secretario General de la CTA-A Regional Capital, Jorge Chalup; el Secretario General de la CTA-A Punilla, Juan Yacobs; Cintia Silva por la FeNaT-CTAA; y el integrante del Consejo Directivo Provincial de ATE, Carlos Rang.<\/p>\n\n\n\n<figure class=\"wp-block-gallery has-nested-images columns-default is-cropped wp-block-gallery-1 is-layout-flex wp-block-gallery-is-layout-flex\">\n<figure class=\"wp-block-image size-large\"><img loading=\"lazy\" decoding=\"async\" width=\"240\" height=\"300\" data-id=\"41822\" src=\"https:\/\/atecordoba.org\/wp-content\/uploads\/2024\/02\/3-4-240x300-1.jpg\" alt=\"\" class=\"wp-image-41822\" \/><\/figure>\n\n\n\n<figure class=\"wp-block-image size-large\"><img loading=\"lazy\" decoding=\"async\" width=\"240\" height=\"300\" data-id=\"41823\" src=\"https:\/\/atecordoba.org\/wp-content\/uploads\/2024\/02\/4-3-240x300-1.jpg\" alt=\"\" class=\"wp-image-41823\" \/><\/figure>\n\n\n\n<figure class=\"wp-block-image size-large\"><img loading=\"lazy\" decoding=\"async\" width=\"240\" height=\"300\" data-id=\"41824\" src=\"https:\/\/atecordoba.org\/wp-content\/uploads\/2024\/02\/2-3-240x300-1.jpg\" alt=\"\" class=\"wp-image-41824\" \/><\/figure>\n<\/figure>\n\n\n\n<p>Al cabo del debate se concluy\u00f3 en lo siguiente:<\/p>\n\n\n\n<p>*Sostener la agenda de movilizaciones del 26 de febrero; 1\u00ba de marzo; 8 de marzo y 24 de marzo, hasta confluir en un gran Plenario de Trabajadores Ocupados y Desocupados que unifique un frente de lucha en toda la provincia.<\/p>\n\n\n\n<p>*Se acord\u00f3 que las reuniones de la Multisectorial contra el Ajuste se realizar\u00e1n cada 15 d\u00edas&#8221;.<\/p>\n\n\n\n<p>Tras la reuni\u00f3n, Giuliani apunt\u00f3 que \u201cesta agenda de lucha que arranc\u00f3 el 20 de diciembre quebrando el Protocolo Antipiquetes, prosigui\u00f3 el 24 de enero con el Paro Nacional para quebrar la Ley \u00d3mnibus. Y ahora seguiremos con el Plan de Lucha hasta derrotar el DNU de Milei\u201d.<\/p>\n\n\n\n<p>\u201cParticipamos en la reuni\u00f3n de la Multisectorial contra el Ajuste con la intervenci\u00f3n de organizaciones piqueteras, sindicales, sociales, pol\u00edticas, ambientales y culturales. Le vamos dando forma a la unidad entre trabajadores ocupados y desocupados, activos y jubilados, del barrio y del sindicato\u201d, subray\u00f3.<\/p>\n\n\n\n<p>Y agreg\u00f3: \u201cEst\u00e1 claro que en el Estado se produce el mayor ajuste con miles de despedidos a nivel nacional, cientos de despedidos a nivel provincial, la falta de reconocimiento del Gobierno Provincial que no convoca a una Mesa Paritaria\u201d.<\/p>\n\n\n\n<p>\u201cParticularmente la pelea que estamos dando los estatales es contra la privatizaci\u00f3n de las empresas p\u00fablicas estrat\u00e9gicas radicadas en la provincia que hoy son la fuente de ingreso para m\u00e1s de 3 mil familias cordobesas\u201d, redonde\u00f3 Giuliani.<\/p>\n\n\n\n<figure class=\"wp-block-gallery has-nested-images columns-default is-cropped wp-block-gallery-2 is-layout-flex wp-block-gallery-is-layout-flex\">\n<figure class=\"wp-block-image size-large\"><img loading=\"lazy\" decoding=\"async\" width=\"240\" height=\"300\" data-id=\"41826\" src=\"https:\/\/atecordoba.org\/wp-content\/uploads\/2024\/02\/5-2-240x300-1.jpg\" alt=\"\" class=\"wp-image-41826\" \/><\/figure>\n\n\n\n<figure class=\"wp-block-image size-large\"><img loading=\"lazy\" decoding=\"async\" width=\"240\" height=\"300\" data-id=\"41825\" src=\"https:\/\/atecordoba.org\/wp-content\/uploads\/2024\/02\/6-1-240x300-1.jpg\" alt=\"\" class=\"wp-image-41825\" \/><\/figure>\n\n\n\n<figure class=\"wp-block-image size-large\"><img loading=\"lazy\" decoding=\"async\" width=\"240\" height=\"300\" data-id=\"41827\" src=\"https:\/\/atecordoba.org\/wp-content\/uploads\/2024\/02\/7-1-240x300-1.jpg\" alt=\"\" class=\"wp-image-41827\" \/><\/figure>\n<\/figure>\n\n\n\n<p>Entre otros, estuvieron presentes representantes de la CTA Aut\u00f3noma de la provincia, Regional Capital y Punilla; Federaci\u00f3n Nacional Territorial (FeNaT-CTAA); ATE; UEPC Capital; UTS; Sindicato Joven CIS-CTAA; AMMAR C\u00f3rdoba-CTAA; SUOEM Lista Fucsia Multicolor; Polo Obrero; Jubilados; Fogoneros; Asamblea de Paravachasca; Amaranto; Corriente Universitaria Votamos Luchar; Espacio Marta Ju\u00e1rez; Agrupaci\u00f3n Montoneros C\u00f3rdoba; PO; MST y Nuevo MAS.<\/p>\n\n\n<div class=\"wp-block-image\">\n<figure class=\"alignleft size-full\"><img loading=\"lazy\" decoding=\"async\" width=\"300\" height=\"225\" src=\"https:\/\/atecordoba.org\/wp-content\/uploads\/2024\/02\/IMG-20240222-WA0092-300x225-1.jpg\" alt=\"\" class=\"wp-image-41828\" \/><\/figure>\n<\/div>\n\n\n<p>Giuliani concluy\u00f3: \u201cPara frenar el r\u00e9gimen de saqueo y explotaci\u00f3n necesitamos profundizar el Plan de Lucha porque no est\u00e1 bueno decir, como lo hacen algunos, que \u2018hay que desensillar hasta que aclare\u2019. Al contrario, no hay que darle tregua al revanchismo patronal y olig\u00e1rquico que ha puesto bandera de remate a nuestra Patria. Frente a la barbarie de la ultraderecha, hay que construir m\u00e1s organizaci\u00f3n, unidad y poder popular\u201d.<\/p>\n\n\n\n<p>Los organizadores de la juntada aseguraron que \u201cel Gobierno se ufana de haber despedido 50 mil trabajadores estatales, de haber cortado la asistencia a 40 mil comedores populares y dar de baja a 200 mil programas. Hace unos d\u00edas el Gobierno y los empresarios hicieron fracasar la reuni\u00f3n del Salario M\u00ednimo, que se encuentra en la mitad de la L\u00ednea de la Indigencia ($156.000). Para llevar adelante este verdadero plan de guerra contra el pueblo, el Gobierno insiste con el Protocolo Represivo de Bullrich que ha sido cuestionado hasta por la ONU\u201d.<\/p>\n\n\n\n<p>\u201cLos gobernadores no enfrentan este programa antipopular y antinacional. Por el contrario, desarrollan su propio ajustazo imponiendo despidos, impuestazos y tarifazos y un ataque contra trabajadores estatales y docentes recortando salarios y persiguiendo a quienes reclaman. El Gobierno de C\u00f3rdoba es un adelantado en perseguir y criminalizar la lucha social\u201d, finalizaron.<\/p>\n","protected":false},"excerpt":{"rendered":"<p>Dirigentes, delegados y militantes de organizaciones sindicales, sociales y pol\u00edticas coincidieron en fortalecer la movilizaci\u00f3n de los estatales prevista para este lunes 26 de febrero, y darle continuidad al Plan de Lucha contra el brutal ajuste descargado por el Gobierno de Milei sobre las espaldas del pueblo. As\u00ed concluyeron conjuntamente durante una reuni\u00f3n abierta que [&hellip;]<\/p>\n","protected":false},"author":7,"featured_media":41821,"comment_status":"open","ping_status":"open","sticky":false,"template":"","format":"standard","meta":{"_exactmetrics_skip_tracking":false,"_exactmetrics_sitenote_active":false,"_exactmetrics_sitenote_note":"","_exactmetrics_sitenote_category":0,"jnews-multi-image_gallery":[],"jnews_single_post":{"subtitle":"Tras la reuni\u00f3n, el secretario General de ATE C\u00f3rdoba y la CTAA provincia de C\u00f3rdoba, Federico Giuliani, apunt\u00f3 que \u201cesta agenda de lucha que arranc\u00f3 el 20 de diciembre quebrando el Protocolo Antipiquetes, prosigui\u00f3 el 24 de enero con el Paro Nacional para quebrar la Ley \u00d3mnibus. Y ahora seguiremos con el Plan de Lucha hasta derrotar el DNU de Milei\u201d.","format":"standard","video":"","gallery":"","source_name":"","source_url":"","via_name":"","via_url":"","override_template":"0","override":[{"template":"1","single_blog_custom":"","parallax":"1","fullscreen":"1","layout":"no-sidebar-narrow","sidebar":"default-sidebar","second_sidebar":"default-sidebar","sticky_sidebar":"1","share_position":"bottom","share_float_style":"share-monocrhome","show_share_counter":"1","show_view_counter":"1","show_featured":"0","show_post_meta":"1","show_post_author":"0","show_post_author_image":"1","show_post_date":"1","post_date_format":"default","post_date_format_custom":"Y\/m\/d","show_post_category":"1","show_post_reading_time":"0","post_reading_time_wpm":"300","show_zoom_button":"0","zoom_button_out_step":"2","zoom_button_in_step":"3","show_post_tag":"1","show_prev_next_post":"0","show_popup_post":"0","number_popup_post":"1","show_author_box":"0","show_post_related":"1","show_inline_post_related":"0"}],"override_image_size":"0","image_override":[{"single_post_thumbnail_size":"crop-500","single_post_gallery_size":"crop-500"}],"trending_post":"0","trending_post_position":"meta","trending_post_label":"Trending","sponsored_post":"0","sponsored_post_label":"Sponsored by","sponsored_post_name":"","sponsored_post_url":"","sponsored_post_logo_enable":"0","sponsored_post_logo":"","sponsored_post_desc":"","disable_ad":"0"},"jnews_primary_category":{"id":"","hide":""},"jnews_social_meta":{"fb_title":"","fb_description":"","fb_image":"","twitter_title":"","twitter_description":"","twitter_image":""},"jnews_review":[],"enable_review":"0","type":"percentage","name":"","summary":"","brand":"","sku":"","good":[{"good_text":""}],"bad":[{"bad_text":""}],"score_override":"","override_value":"","rating":[{"rating_text":"","rating_number":"10"}],"price":[{"shop":"","price":"","link":"","icon":""}],"jnews_override_counter":{"override_view_counter":"0","view_counter_number":"0","override_share_counter":"0","share_counter_number":"0","override_like_counter":"0","like_counter_number":"0","override_dislike_counter":"0","dislike_counter_number":"0"},"jnews_post_split":{"enable_post_split":"0","post_split":[{"template":"1","tag":"h2","numbering":"asc","mode":"normal","first":"0","enable_toc":"0","toc_type":"normal"}]},"footnotes":""},"categories":[92],"tags":[],"class_list":["post-41820","post","type-post","status-publish","format-standard","has-post-thumbnail","hentry","category-cta"],"jetpack_featured_media_url":"https:\/\/atecordoba.org\/wp-content\/uploads\/2024\/02\/IMG-20240222-WA0093-1536x1152-1-e1708693977444.jpg","_links":{"self":[{"href":"https:\/\/atecordoba.org\/index.php?rest_route=\/wp\/v2\/posts\/41820","targetHints":{"allow":["GET"]}}],"collection":[{"href":"https:\/\/atecordoba.org\/index.php?rest_route=\/wp\/v2\/posts"}],"about":[{"href":"https:\/\/atecordoba.org\/index.php?rest_route=\/wp\/v2\/types\/post"}],"author":[{"embeddable":true,"href":"https:\/\/atecordoba.org\/index.php?rest_route=\/wp\/v2\/users\/7"}],"replies":[{"embeddable":true,"href":"https:\/\/atecordoba.org\/index.php?rest_route=%2Fwp%2Fv2%2Fcomments&post=41820"}],"version-history":[{"count":1,"href":"https:\/\/atecordoba.org\/index.php?rest_route=\/wp\/v2\/posts\/41820\/revisions"}],"predecessor-version":[{"id":41829,"href":"https:\/\/atecordoba.org\/index.php?rest_route=\/wp\/v2\/posts\/41820\/revisions\/41829"}],"wp:featuredmedia":[{"embeddable":true,"href":"https:\/\/atecordoba.org\/index.php?rest_route=\/wp\/v2\/media\/41821"}],"wp:attachment":[{"href":"https:\/\/atecordoba.org\/index.php?rest_route=%2Fwp%2Fv2%2Fmedia&parent=41820"}],"wp:term":[{"taxonomy":"category","embeddable":true,"href":"https:\/\/atecordoba.org\/index.php?rest_route=%2Fwp%2Fv2%2Fcategories&post=41820"},{"taxonomy":"post_tag","embeddable":true,"href":"https:\/\/atecordoba.org\/index.php?rest_route=%2Fwp%2Fv2%2Ftags&post=41820"}],"curies":[{"name":"wp","href":"https:\/\/api.w.org\/{rel}","templated":true}]}}