{"id":4182,"date":"2014-05-30T17:37:37","date_gmt":"2014-05-30T20:37:37","guid":{"rendered":"http:\/\/www.atecordoba.org\/?p=4182"},"modified":"2014-05-30T17:37:37","modified_gmt":"2014-05-30T20:37:37","slug":"contundente-triunfo-de-la-lista-1-consagro-a-guido-dreizik-en-la-cta-cordoba","status":"publish","type":"post","link":"https:\/\/atecordoba.org\/?p=4182","title":{"rendered":"Contundente triunfo de la lista 1 consagr\u00f3 a Guido Dreizik en la CTA C\u00f3rdoba"},"content":{"rendered":"<p><em>La Agrupaci\u00f3n Germ\u00e1n Abdala se impuso en toda la provincia por m\u00e1s del 90% de los votos emitidos. El dirigente de prensa reemplaza a nuestro hist\u00f3rico secretario General Cacho Mengarelli y tendr\u00e1 como adjuntos a Lu\u00eds B\u00e1rcena, de ATE, y Ra\u00fal G\u00f3mez, docente universitario de la Corriente Sindical del MST. Dreizik felicit\u00f3 a la militancia por el esfuerzo realizado para la elecci\u00f3n.<\/em><\/p>\n<figure id=\"attachment_4184\" aria-describedby=\"caption-attachment-4184\" style=\"width: 400px\" class=\"wp-caption aligncenter\"><a href=\"http:\/\/www.atecordoba.org\/wp-content\/uploads\/2014\/05\/dreizikvota.jpg\"><img loading=\"lazy\" decoding=\"async\" class=\"size-full wp-image-4184\" alt=\"dreizikvota\" src=\"http:\/\/www.atecordoba.org\/wp-content\/uploads\/2014\/05\/dreizikvota.jpg\" width=\"400\" height=\"267\" \/><\/a><figcaption id=\"caption-attachment-4184\" class=\"wp-caption-text\">Dreizik vot\u00f3 en el Cispren<\/figcaption><\/figure>\n<p>Con 3200 votos contra 85, la German Abdala triunf\u00f3 en todas las 98 mesas dispuestas en la provincia para la elecci\u00f3n de autoridades de la Centra de Trabajadores de la Argentina en C\u00f3rdoba. Al cierre del comisio, en el comando electoral de la lista 1 ubicado el local de ATE, Drezik agradeci\u00f3 a la militancia &#8220;por el esfuerzo realizado para concretar esta elecci\u00f3n, superando las trabas impuestas por el Ministerio de Trabajo que pretendi\u00f3 prohibir a los trabajadores ejercer su derecho democr\u00e1tico a decidir quienes van a conducir a la Central en esta nueva etapa que se abre&#8221;.<\/p>\n<figure id=\"attachment_4185\" aria-describedby=\"caption-attachment-4185\" style=\"width: 553px\" class=\"wp-caption aligncenter\"><a href=\"http:\/\/www.atecordoba.org\/wp-content\/uploads\/2014\/05\/DSC_0034.jpg\"><img loading=\"lazy\" decoding=\"async\" class=\" wp-image-4185\" alt=\"DSC_0034\" src=\"http:\/\/www.atecordoba.org\/wp-content\/uploads\/2014\/05\/DSC_0034.jpg\" width=\"553\" height=\"311\" \/><\/a><figcaption id=\"caption-attachment-4185\" class=\"wp-caption-text\">Comando electoral de la German Abdala<\/figcaption><\/figure>\n<p>El nuevo secretario General de la CTA C\u00f3rdoba se comprometi\u00f3 a defender el legado de Cacho Mengarelli y dijo que ATE fue &#8220;un puntal fundamental en este proceso&#8221;. &#8220;Ahora tenemos que profundizar el camino de la autonom\u00eda de la CTA, una vez que los compa\u00f1eros resolvieron con su voto la controversia surgida en 2010. Vamos a mostrar que somos alternativa para organizar la conflictividad social existente en la provincia, que est\u00e1 atomizada. hay muchos compa\u00f1eros en cada pueblo que est\u00e1n dispuestos a luchar por una sociedad mejor. Hay que hilvanar esas organizaciones que tiene gran potencialidad&#8221;, se\u00f1al\u00f3 y apunt\u00f3 al secreto privado como otro de los grandes desaf\u00edos gremiales de la Central.<\/p>\n<figure id=\"attachment_4186\" aria-describedby=\"caption-attachment-4186\" style=\"width: 560px\" class=\"wp-caption aligncenter\"><a href=\"http:\/\/www.atecordoba.org\/wp-content\/uploads\/2014\/05\/maria-teresa-romero-y-cacho-mengarelli.png\"><img loading=\"lazy\" decoding=\"async\" class=\" wp-image-4186\" alt=\"maria teresa romero y cacho mengarelli\" src=\"http:\/\/www.atecordoba.org\/wp-content\/uploads\/2014\/05\/maria-teresa-romero-y-cacho-mengarelli.png\" width=\"560\" height=\"315\" \/><\/a><figcaption id=\"caption-attachment-4186\" class=\"wp-caption-text\">Mar\u00eda Teresa Romero, secretaria General de ATE C\u00f3rdoba, y Cacho Mengarelli, secretario General saliente<\/figcaption><\/figure>\n<p>Junto a Lu\u00eds Barcena, de ATE , y Ra\u00fal Gomez, docente de la Corriente Sindical del MTS, el compa\u00f1ero Dreizik cumplir\u00e1 mandato por los pr\u00f3ximos cuatro a\u00f1os.<\/p>\n<p>Adem\u00e1s, resultaron elegidos los compa\u00f1eros Francisco Pav\u00e1n en la Junta Local C\u00f3rdoba Capital, dirigente de los trabajadores no docentes de ATE en la Universidad Nacional de C\u00f3rdoba, Jos\u00e9 Gorozo\u00a0en Villa Mar\u00eda, dirigente de ATE de la F\u00e1brica Militar de P\u00f3lvora, H\u00e9ctor Cirio en R\u00edo Tercero, de ATE de la Central Nuclear de Embalse, Antonio Muratore en San Francisco, dirigente de prensa, y Federico Giuliani en R\u00edo Cuarto, secretario General de ATE de esa ciudad e hijo del secretario de Asuntos Institucionales de la conducci\u00f3n nacional de nuestra Central, Juan Carlos Pipon Giuliani.<\/p>\n<figure id=\"attachment_4151\" aria-describedby=\"caption-attachment-4151\" style=\"width: 560px\" class=\"wp-caption aligncenter\"><a href=\"http:\/\/www.atecordoba.org\/wp-content\/uploads\/2014\/05\/vocal_pancho-pavan.png\"><img loading=\"lazy\" decoding=\"async\" class=\" wp-image-4151\" alt=\"vocal_pancho pavan\" src=\"http:\/\/www.atecordoba.org\/wp-content\/uploads\/2014\/05\/vocal_pancho-pavan.png\" width=\"560\" height=\"315\" \/><\/a><figcaption id=\"caption-attachment-4151\" class=\"wp-caption-text\">Franciso Pavan, secretario General de C\u00f3rdoba Capital.<\/figcaption><\/figure>\n<figure id=\"attachment_4187\" aria-describedby=\"caption-attachment-4187\" style=\"width: 672px\" class=\"wp-caption aligncenter\"><a href=\"http:\/\/www.atecordoba.org\/wp-content\/uploads\/2014\/05\/gorozo.jpg\"><img loading=\"lazy\" decoding=\"async\" class=\" wp-image-4187\" alt=\"gorozo\" src=\"http:\/\/www.atecordoba.org\/wp-content\/uploads\/2014\/05\/gorozo.jpg\" width=\"672\" height=\"485\" \/><\/a><figcaption id=\"caption-attachment-4187\" class=\"wp-caption-text\">Jos\u00e9 Gorozo fue reconocido en la prensa de Villa Mar\u00eda<\/figcaption><\/figure>\n<figure id=\"attachment_4188\" aria-describedby=\"caption-attachment-4188\" style=\"width: 560px\" class=\"wp-caption aligncenter\"><a href=\"http:\/\/www.atecordoba.org\/wp-content\/uploads\/2014\/05\/hector-cirio.png\"><img loading=\"lazy\" decoding=\"async\" class=\" wp-image-4188\" alt=\"hector cirio\" src=\"http:\/\/www.atecordoba.org\/wp-content\/uploads\/2014\/05\/hector-cirio.png\" width=\"560\" height=\"315\" \/><\/a><figcaption id=\"caption-attachment-4188\" class=\"wp-caption-text\">H\u00e9ctor Cirio, nuevo secretario General de la CTA de R\u00edo Tercero<\/figcaption><\/figure>\n<figure id=\"attachment_4189\" aria-describedby=\"caption-attachment-4189\" style=\"width: 300px\" class=\"wp-caption aligncenter\"><a href=\"http:\/\/www.atecordoba.org\/wp-content\/uploads\/2014\/05\/federico-giuliani.jpg\"><img loading=\"lazy\" decoding=\"async\" class=\"size-full wp-image-4189\" alt=\"federico giuliani\" src=\"http:\/\/www.atecordoba.org\/wp-content\/uploads\/2014\/05\/federico-giuliani.jpg\" width=\"300\" height=\"400\" \/><\/a><figcaption id=\"caption-attachment-4189\" class=\"wp-caption-text\">Federico Giuliani, renov\u00f3 mandato en R\u00edo cuarto<\/figcaption><\/figure>\n<p style=\"text-align: center;\">\n<p style=\"text-align: center;\">\n<p style=\"text-align: center;\">\n<p>&nbsp;<\/p>\n","protected":false},"excerpt":{"rendered":"<p>La Agrupaci\u00f3n Germ\u00e1n Abdala se impuso en toda la provincia por m\u00e1s del 90% de los votos emitidos. El dirigente de prensa reemplaza a nuestro hist\u00f3rico secretario General Cacho Mengarelli y tendr\u00e1 como adjuntos a Lu\u00eds B\u00e1rcena, de ATE, y Ra\u00fal G\u00f3mez, docente universitario de la Corriente Sindical del MST. Dreizik felicit\u00f3 a la militancia [&hellip;]<\/p>\n","protected":false},"author":1,"featured_media":19220,"comment_status":"open","ping_status":"open","sticky":false,"template":"","format":"standard","meta":{"_exactmetrics_skip_tracking":false,"_exactmetrics_sitenote_active":false,"_exactmetrics_sitenote_note":"","_exactmetrics_sitenote_category":0,"jnews-multi-image_gallery":[],"jnews_single_post":[],"jnews_primary_category":[],"jnews_social_meta":[],"jnews_review":[],"enable_review":"","type":"","name":"","summary":"","brand":"","sku":"","good":[],"bad":[],"score_override":"","override_value":"","rating":[],"price":[],"jnews_override_counter":[],"jnews_post_split":[],"footnotes":""},"categories":[92],"tags":[],"class_list":["post-4182","post","type-post","status-publish","format-standard","has-post-thumbnail","hentry","category-cta"],"jetpack_featured_media_url":"https:\/\/atecordoba.org\/wp-content\/uploads\/2020\/05\/logo-nuevochico-e1561581322808.png","_links":{"self":[{"href":"https:\/\/atecordoba.org\/index.php?rest_route=\/wp\/v2\/posts\/4182","targetHints":{"allow":["GET"]}}],"collection":[{"href":"https:\/\/atecordoba.org\/index.php?rest_route=\/wp\/v2\/posts"}],"about":[{"href":"https:\/\/atecordoba.org\/index.php?rest_route=\/wp\/v2\/types\/post"}],"author":[{"embeddable":true,"href":"https:\/\/atecordoba.org\/index.php?rest_route=\/wp\/v2\/users\/1"}],"replies":[{"embeddable":true,"href":"https:\/\/atecordoba.org\/index.php?rest_route=%2Fwp%2Fv2%2Fcomments&post=4182"}],"version-history":[{"count":0,"href":"https:\/\/atecordoba.org\/index.php?rest_route=\/wp\/v2\/posts\/4182\/revisions"}],"wp:featuredmedia":[{"embeddable":true,"href":"https:\/\/atecordoba.org\/index.php?rest_route=\/wp\/v2\/media\/19220"}],"wp:attachment":[{"href":"https:\/\/atecordoba.org\/index.php?rest_route=%2Fwp%2Fv2%2Fmedia&parent=4182"}],"wp:term":[{"taxonomy":"category","embeddable":true,"href":"https:\/\/atecordoba.org\/index.php?rest_route=%2Fwp%2Fv2%2Fcategories&post=4182"},{"taxonomy":"post_tag","embeddable":true,"href":"https:\/\/atecordoba.org\/index.php?rest_route=%2Fwp%2Fv2%2Ftags&post=4182"}],"curies":[{"name":"wp","href":"https:\/\/api.w.org\/{rel}","templated":true}]}}