{"id":41792,"date":"2024-02-22T14:08:30","date_gmt":"2024-02-22T17:08:30","guid":{"rendered":"https:\/\/atecordoba.org\/?p=41792"},"modified":"2024-02-22T15:57:19","modified_gmt":"2024-02-22T18:57:19","slug":"se-reunio-la-plenaria-de-mujeres-de-cara-al-8-de-marzo","status":"publish","type":"post","link":"https:\/\/atecordoba.org\/?p=41792","title":{"rendered":"Se reuni\u00f3 la Plenaria de Mujeres de cara al 8 de Marzo"},"content":{"rendered":"<div class=\"wp-block-image\">\n<figure class=\"aligncenter size-large is-resized\"><img loading=\"lazy\" decoding=\"async\" src=\"https:\/\/atecordoba.org\/wp-content\/uploads\/2024\/02\/WhatsApp-Image-2024-02-22-at-09.52.45-1024x576.jpeg\" alt=\"\" class=\"wp-image-41793\" width=\"768\" height=\"432\" \/><\/figure>\n<\/div>\n\n\n<p>El vigoroso movimiento de mujeres tiene en su rama sindical una de las caras m\u00e1s activas. Y ATE viene sumando un fuerte protagonismo en el movimiento, como resultado de una participaci\u00f3n permanente en los diversos Encuentros de Mujeres que se realizan desee hace dedada en el paisa y que dieron fundamento al avance de derechos para mujeres y diversidades.<\/p>\n\n\n\n<p>Pero con el gobierno neofascista de Javier Milei se esta vislumbrando un fuerte retroceso en los derechos conquistados, lo que anticipa que la pr\u00f3xima marcha del 8M, ya que el 8 de marzo celebramos el D\u00eda Internacional de la Mujer Trabajadora, ser\u00e1 masiva en todo el pa\u00eds y tendr\u00e1 un claro mensaje para que el gobierno nacional frene las medidas que d\u00eda a d\u00eda pretenden cercenar los avances sociales logrados.<\/p>\n\n\n<div class=\"wp-block-image\">\n<figure class=\"aligncenter size-large is-resized\"><img loading=\"lazy\" decoding=\"async\" src=\"https:\/\/atecordoba.org\/wp-content\/uploads\/2024\/02\/WhatsApp-Image-2024-02-22-at-09.52.49-3-1024x457.jpeg\" alt=\"\" class=\"wp-image-41794\" width=\"768\" height=\"343\" srcset=\"https:\/\/atecordoba.org\/wp-content\/uploads\/2024\/02\/WhatsApp-Image-2024-02-22-at-09.52.49-3-1024x457.jpeg 1024w, https:\/\/atecordoba.org\/wp-content\/uploads\/2024\/02\/WhatsApp-Image-2024-02-22-at-09.52.49-3-300x134.jpeg 300w, https:\/\/atecordoba.org\/wp-content\/uploads\/2024\/02\/WhatsApp-Image-2024-02-22-at-09.52.49-3-768x343.jpeg 768w, https:\/\/atecordoba.org\/wp-content\/uploads\/2024\/02\/WhatsApp-Image-2024-02-22-at-09.52.49-3-750x335.jpeg 750w, https:\/\/atecordoba.org\/wp-content\/uploads\/2024\/02\/WhatsApp-Image-2024-02-22-at-09.52.49-3.jpeg 1040w\" sizes=\"auto, (max-width: 768px) 100vw, 768px\" \/><\/figure>\n<\/div>\n\n\n<p>en ese marco es que hoy por la ma\u00f1ana se realiz\u00f3 la &#8220;Plenaria de Mujeres Pre 8M&#8221;, con la participaci\u00f3n de compa\u00f1eras estatales de toda la provincia. La actividad cont\u00f3 con la presencia de la secretaria de G\u00e9nero y Diversidad de ATE Nacional, Clarisa Gambera, acompa\u00f1ada por Julia Giuliani, vocal del CDN y representante provincial en la conducci\u00f3n nacional, la secretar\u00eda Adjunta de ATE C\u00f3rdoba, Gabriela Alcoba, la secretaria de G\u00e9nero, Mar\u00eda Spaventa, su par de Acci\u00f3n Pol\u00edtica, Alejandra Agnone, y la secretaria Administrativa, Cintia Conesta, entre otras.<\/p>\n\n\n\n<p>Al cierre de la actividad Spaventa dijo que &#8220;fue muy interesante todo el debate,\u00a0se habl\u00f3 de formaci\u00f3n y de insistir con la campa\u00f1a de afiliaciones porque si las mujeres somos las que m\u00e1s sufrimos los despidos el sindicato es la gran herramienta para defendernos&#8221;.<\/p>\n\n\n<div class=\"wp-block-image\">\n<figure class=\"aligncenter size-large is-resized\"><img loading=\"lazy\" decoding=\"async\" src=\"https:\/\/atecordoba.org\/wp-content\/uploads\/2024\/02\/WhatsApp-Image-2024-02-22-at-09.52.51-1-1024x457.jpeg\" alt=\"\" class=\"wp-image-41795\" width=\"768\" height=\"343\" srcset=\"https:\/\/atecordoba.org\/wp-content\/uploads\/2024\/02\/WhatsApp-Image-2024-02-22-at-09.52.51-1-1024x457.jpeg 1024w, https:\/\/atecordoba.org\/wp-content\/uploads\/2024\/02\/WhatsApp-Image-2024-02-22-at-09.52.51-1-300x134.jpeg 300w, https:\/\/atecordoba.org\/wp-content\/uploads\/2024\/02\/WhatsApp-Image-2024-02-22-at-09.52.51-1-768x343.jpeg 768w, https:\/\/atecordoba.org\/wp-content\/uploads\/2024\/02\/WhatsApp-Image-2024-02-22-at-09.52.51-1-750x335.jpeg 750w, https:\/\/atecordoba.org\/wp-content\/uploads\/2024\/02\/WhatsApp-Image-2024-02-22-at-09.52.51-1.jpeg 1040w\" sizes=\"auto, (max-width: 768px) 100vw, 768px\" \/><\/figure>\n<\/div>\n\n\n<p>&#8220;Hablamos de visibilizar lo que nos est\u00e1 sucediendo, las pol\u00edticas p\u00fablicas recortadas, como dejamos de tener un Ministerio que se ocupe de los problemas que nos afectan como mujeres y diversidades, degradando los organismos a secretar\u00eda en la mayor\u00eda de las provincias, los despidos y el empobrecimiento que afecta sobre todo a las mujeres. Enfrentamos un modelo que promueve el individualismo, aniquilando lo comunitario que es un m\u00e9todo que las mujeres estamos acostumbradas a aplicar&#8221;, abund\u00f3 la dirigenta.<\/p>\n\n\n\n<p>Cabe se\u00f1alar que en ese marco, Clarisa Gambera dio un panorama de c\u00f3mo el departamento de G\u00e9nero elev\u00f3 su rango a Secretar\u00eda,  c\u00f3mo ATE se prepara en todo el pa\u00eds para llevar a cabo la pol\u00edtica sindical con perspectiva de g\u00e9nero y cu\u00e1les ser\u00e1n las acciones del 8 de marzo, que se espera sea muy importante frente a la p\u00e9rdida de derechos que suponen las pol\u00edticas nacionales.<\/p>\n\n\n<div class=\"wp-block-image\">\n<figure class=\"aligncenter size-large is-resized\"><img loading=\"lazy\" decoding=\"async\" src=\"https:\/\/atecordoba.org\/wp-content\/uploads\/2024\/02\/WhatsApp-Image-2024-02-22-at-09.52.48-1-1024x457.jpeg\" alt=\"\" class=\"wp-image-41796\" width=\"768\" height=\"343\" srcset=\"https:\/\/atecordoba.org\/wp-content\/uploads\/2024\/02\/WhatsApp-Image-2024-02-22-at-09.52.48-1-1024x457.jpeg 1024w, https:\/\/atecordoba.org\/wp-content\/uploads\/2024\/02\/WhatsApp-Image-2024-02-22-at-09.52.48-1-300x134.jpeg 300w, https:\/\/atecordoba.org\/wp-content\/uploads\/2024\/02\/WhatsApp-Image-2024-02-22-at-09.52.48-1-768x343.jpeg 768w, https:\/\/atecordoba.org\/wp-content\/uploads\/2024\/02\/WhatsApp-Image-2024-02-22-at-09.52.48-1-750x335.jpeg 750w, https:\/\/atecordoba.org\/wp-content\/uploads\/2024\/02\/WhatsApp-Image-2024-02-22-at-09.52.48-1.jpeg 1040w\" sizes=\"auto, (max-width: 768px) 100vw, 768px\" \/><\/figure>\n<\/div>\n\n\n<p>&#8220;Hubo participaci\u00f3n de trabajadoras nacionales, provinciales y municipales, donde intercambiamos visiones sobre c\u00f3mo nos afectan las medidas que toma el gobierno como mujeres trabajadoras&#8221;, describi\u00f3 Spaventa. Y agreg\u00f3: &#8220;fue una reuni\u00f3n plenaria que realizamos en sinton\u00eda con las actividades que se est\u00e1n desarrollando en todo el pa\u00eds, prepar\u00e1ndonos para esa fecha tan importante como el 8M&#8221;. <\/p>\n\n\n\n<p>La Plenaria fijo como fecha de la pr\u00f3xima reuni\u00f3n el 4 de marzo a los fines de coordinar y preparar la participaci\u00f3n de ATE en la Marcha del D\u00eda Internacional de la Mujer Trabajadora en C\u00f3rdoba. <\/p>\n\n\n\n<figure class=\"wp-block-gallery has-nested-images columns-default is-cropped wp-block-gallery-1 is-layout-flex wp-block-gallery-is-layout-flex\">\n<figure class=\"wp-block-image size-large\"><img loading=\"lazy\" decoding=\"async\" width=\"1024\" height=\"457\" data-id=\"41797\" src=\"https:\/\/atecordoba.org\/wp-content\/uploads\/2024\/02\/WhatsApp-Image-2024-02-22-at-09.52.47-1-1024x457.jpeg\" alt=\"\" class=\"wp-image-41797\" srcset=\"https:\/\/atecordoba.org\/wp-content\/uploads\/2024\/02\/WhatsApp-Image-2024-02-22-at-09.52.47-1-1024x457.jpeg 1024w, https:\/\/atecordoba.org\/wp-content\/uploads\/2024\/02\/WhatsApp-Image-2024-02-22-at-09.52.47-1-300x134.jpeg 300w, https:\/\/atecordoba.org\/wp-content\/uploads\/2024\/02\/WhatsApp-Image-2024-02-22-at-09.52.47-1-768x343.jpeg 768w, https:\/\/atecordoba.org\/wp-content\/uploads\/2024\/02\/WhatsApp-Image-2024-02-22-at-09.52.47-1-750x335.jpeg 750w, https:\/\/atecordoba.org\/wp-content\/uploads\/2024\/02\/WhatsApp-Image-2024-02-22-at-09.52.47-1.jpeg 1040w\" sizes=\"auto, (max-width: 1024px) 100vw, 1024px\" \/><\/figure>\n\n\n\n<figure class=\"wp-block-image size-large\"><img loading=\"lazy\" decoding=\"async\" width=\"1024\" height=\"457\" data-id=\"41798\" src=\"https:\/\/atecordoba.org\/wp-content\/uploads\/2024\/02\/WhatsApp-Image-2024-02-22-at-09.52.49-1-1024x457.jpeg\" alt=\"\" class=\"wp-image-41798\" srcset=\"https:\/\/atecordoba.org\/wp-content\/uploads\/2024\/02\/WhatsApp-Image-2024-02-22-at-09.52.49-1-1024x457.jpeg 1024w, https:\/\/atecordoba.org\/wp-content\/uploads\/2024\/02\/WhatsApp-Image-2024-02-22-at-09.52.49-1-300x134.jpeg 300w, https:\/\/atecordoba.org\/wp-content\/uploads\/2024\/02\/WhatsApp-Image-2024-02-22-at-09.52.49-1-768x343.jpeg 768w, https:\/\/atecordoba.org\/wp-content\/uploads\/2024\/02\/WhatsApp-Image-2024-02-22-at-09.52.49-1-750x335.jpeg 750w, https:\/\/atecordoba.org\/wp-content\/uploads\/2024\/02\/WhatsApp-Image-2024-02-22-at-09.52.49-1.jpeg 1040w\" sizes=\"auto, (max-width: 1024px) 100vw, 1024px\" \/><\/figure>\n\n\n\n<figure class=\"wp-block-image size-large\"><img loading=\"lazy\" decoding=\"async\" width=\"1024\" height=\"457\" data-id=\"41799\" src=\"https:\/\/atecordoba.org\/wp-content\/uploads\/2024\/02\/WhatsApp-Image-2024-02-22-at-09.52.51-1024x457.jpeg\" alt=\"\" class=\"wp-image-41799\" srcset=\"https:\/\/atecordoba.org\/wp-content\/uploads\/2024\/02\/WhatsApp-Image-2024-02-22-at-09.52.51-1024x457.jpeg 1024w, https:\/\/atecordoba.org\/wp-content\/uploads\/2024\/02\/WhatsApp-Image-2024-02-22-at-09.52.51-300x134.jpeg 300w, https:\/\/atecordoba.org\/wp-content\/uploads\/2024\/02\/WhatsApp-Image-2024-02-22-at-09.52.51-768x343.jpeg 768w, https:\/\/atecordoba.org\/wp-content\/uploads\/2024\/02\/WhatsApp-Image-2024-02-22-at-09.52.51-750x335.jpeg 750w, https:\/\/atecordoba.org\/wp-content\/uploads\/2024\/02\/WhatsApp-Image-2024-02-22-at-09.52.51.jpeg 1040w\" sizes=\"auto, (max-width: 1024px) 100vw, 1024px\" \/><\/figure>\n\n\n\n<figure class=\"wp-block-image size-large\"><img loading=\"lazy\" decoding=\"async\" width=\"1024\" height=\"456\" data-id=\"41801\" src=\"https:\/\/atecordoba.org\/wp-content\/uploads\/2024\/02\/WhatsApp-Image-2024-02-22-at-09.52.54-1-1024x456.jpeg\" alt=\"\" class=\"wp-image-41801\" srcset=\"https:\/\/atecordoba.org\/wp-content\/uploads\/2024\/02\/WhatsApp-Image-2024-02-22-at-09.52.54-1-1024x456.jpeg 1024w, https:\/\/atecordoba.org\/wp-content\/uploads\/2024\/02\/WhatsApp-Image-2024-02-22-at-09.52.54-1-300x134.jpeg 300w, https:\/\/atecordoba.org\/wp-content\/uploads\/2024\/02\/WhatsApp-Image-2024-02-22-at-09.52.54-1-768x342.jpeg 768w, https:\/\/atecordoba.org\/wp-content\/uploads\/2024\/02\/WhatsApp-Image-2024-02-22-at-09.52.54-1-1536x684.jpeg 1536w, https:\/\/atecordoba.org\/wp-content\/uploads\/2024\/02\/WhatsApp-Image-2024-02-22-at-09.52.54-1-750x334.jpeg 750w, https:\/\/atecordoba.org\/wp-content\/uploads\/2024\/02\/WhatsApp-Image-2024-02-22-at-09.52.54-1-1140x508.jpeg 1140w, https:\/\/atecordoba.org\/wp-content\/uploads\/2024\/02\/WhatsApp-Image-2024-02-22-at-09.52.54-1.jpeg 1600w\" sizes=\"auto, (max-width: 1024px) 100vw, 1024px\" \/><\/figure>\n\n\n\n<figure class=\"wp-block-image size-large\"><img loading=\"lazy\" decoding=\"async\" width=\"1024\" height=\"456\" data-id=\"41800\" src=\"https:\/\/atecordoba.org\/wp-content\/uploads\/2024\/02\/WhatsApp-Image-2024-02-22-at-09.52.54-1024x456.jpeg\" alt=\"\" class=\"wp-image-41800\" srcset=\"https:\/\/atecordoba.org\/wp-content\/uploads\/2024\/02\/WhatsApp-Image-2024-02-22-at-09.52.54-1024x456.jpeg 1024w, https:\/\/atecordoba.org\/wp-content\/uploads\/2024\/02\/WhatsApp-Image-2024-02-22-at-09.52.54-300x134.jpeg 300w, https:\/\/atecordoba.org\/wp-content\/uploads\/2024\/02\/WhatsApp-Image-2024-02-22-at-09.52.54-768x342.jpeg 768w, https:\/\/atecordoba.org\/wp-content\/uploads\/2024\/02\/WhatsApp-Image-2024-02-22-at-09.52.54-1536x684.jpeg 1536w, https:\/\/atecordoba.org\/wp-content\/uploads\/2024\/02\/WhatsApp-Image-2024-02-22-at-09.52.54-750x334.jpeg 750w, https:\/\/atecordoba.org\/wp-content\/uploads\/2024\/02\/WhatsApp-Image-2024-02-22-at-09.52.54-1140x508.jpeg 1140w, https:\/\/atecordoba.org\/wp-content\/uploads\/2024\/02\/WhatsApp-Image-2024-02-22-at-09.52.54.jpeg 1600w\" sizes=\"auto, (max-width: 1024px) 100vw, 1024px\" \/><\/figure>\n\n\n\n<figure class=\"wp-block-image size-large\"><img loading=\"lazy\" decoding=\"async\" width=\"576\" height=\"1024\" data-id=\"41802\" src=\"https:\/\/atecordoba.org\/wp-content\/uploads\/2024\/02\/WhatsApp-Image-2024-02-22-at-09.52.46-2-576x1024.jpeg\" alt=\"\" class=\"wp-image-41802\" srcset=\"https:\/\/atecordoba.org\/wp-content\/uploads\/2024\/02\/WhatsApp-Image-2024-02-22-at-09.52.46-2-576x1024.jpeg 576w, https:\/\/atecordoba.org\/wp-content\/uploads\/2024\/02\/WhatsApp-Image-2024-02-22-at-09.52.46-2-169x300.jpeg 169w, https:\/\/atecordoba.org\/wp-content\/uploads\/2024\/02\/WhatsApp-Image-2024-02-22-at-09.52.46-2.jpeg 720w\" sizes=\"auto, (max-width: 576px) 100vw, 576px\" \/><\/figure>\n<\/figure>\n","protected":false},"excerpt":{"rendered":"<p>El vigoroso movimiento de mujeres tiene en su rama sindical una de las caras m\u00e1s activas. Y ATE viene sumando un fuerte protagonismo en el movimiento, como resultado de una participaci\u00f3n permanente en los diversos Encuentros de Mujeres que se realizan desee hace dedada en el paisa y que dieron fundamento al avance de derechos [&hellip;]<\/p>\n","protected":false},"author":7,"featured_media":41793,"comment_status":"open","ping_status":"open","sticky":false,"template":"","format":"standard","meta":{"_exactmetrics_skip_tracking":false,"_exactmetrics_sitenote_active":false,"_exactmetrics_sitenote_note":"","_exactmetrics_sitenote_category":0,"jnews-multi-image_gallery":[],"jnews_single_post":{"subtitle":"\"Hubo participaci\u00f3n de trabajadoras nacionales, provinciales y municipales, donde intercambiamos visiones sobre c\u00f3mo nos afectan las medidas que toma el gobierno como mujeres trabajadoras\", describi\u00f3 la secretaria de G\u00e9nero y Diversidad, Mar\u00eda Spaventa. ","format":"standard","video":"","gallery":"","source_name":"","source_url":"","via_name":"","via_url":"","override_template":"0","override":[{"template":"1","single_blog_custom":"","parallax":"1","fullscreen":"1","layout":"no-sidebar-narrow","sidebar":"default-sidebar","second_sidebar":"default-sidebar","sticky_sidebar":"1","share_position":"bottom","share_float_style":"share-monocrhome","show_share_counter":"1","show_view_counter":"1","show_featured":"0","show_post_meta":"1","show_post_author":"0","show_post_author_image":"1","show_post_date":"1","post_date_format":"default","post_date_format_custom":"Y\/m\/d","show_post_category":"1","show_post_reading_time":"0","post_reading_time_wpm":"300","show_zoom_button":"0","zoom_button_out_step":"2","zoom_button_in_step":"3","show_post_tag":"1","show_prev_next_post":"0","show_popup_post":"0","number_popup_post":"1","show_author_box":"0","show_post_related":"1","show_inline_post_related":"0"}],"override_image_size":"0","image_override":[{"single_post_thumbnail_size":"crop-500","single_post_gallery_size":"crop-500"}],"trending_post":"0","trending_post_position":"meta","trending_post_label":"Trending","sponsored_post":"0","sponsored_post_label":"Sponsored by","sponsored_post_name":"","sponsored_post_url":"","sponsored_post_logo_enable":"0","sponsored_post_logo":"","sponsored_post_desc":"","disable_ad":"0"},"jnews_primary_category":{"id":"","hide":""},"jnews_social_meta":{"fb_title":"","fb_description":"","fb_image":"","twitter_title":"","twitter_description":"","twitter_image":""},"jnews_review":[],"enable_review":"0","type":"percentage","name":"","summary":"","brand":"","sku":"","good":[{"good_text":""}],"bad":[{"bad_text":""}],"score_override":"","override_value":"","rating":[{"rating_text":"","rating_number":"10"}],"price":[{"shop":"","price":"","link":"","icon":""}],"jnews_override_counter":{"override_view_counter":"0","view_counter_number":"0","override_share_counter":"0","share_counter_number":"0","override_like_counter":"0","like_counter_number":"0","override_dislike_counter":"0","dislike_counter_number":"0"},"jnews_post_split":{"enable_post_split":"0","post_split":[{"template":"1","tag":"h2","numbering":"asc","mode":"normal","first":"0","enable_toc":"0","toc_type":"normal"}]},"footnotes":""},"categories":[325],"tags":[],"class_list":["post-41792","post","type-post","status-publish","format-standard","has-post-thumbnail","hentry","category-generos-y-diversidades"],"jetpack_featured_media_url":"https:\/\/atecordoba.org\/wp-content\/uploads\/2024\/02\/WhatsApp-Image-2024-02-22-at-09.52.45-e1708621705326.jpeg","_links":{"self":[{"href":"https:\/\/atecordoba.org\/index.php?rest_route=\/wp\/v2\/posts\/41792","targetHints":{"allow":["GET"]}}],"collection":[{"href":"https:\/\/atecordoba.org\/index.php?rest_route=\/wp\/v2\/posts"}],"about":[{"href":"https:\/\/atecordoba.org\/index.php?rest_route=\/wp\/v2\/types\/post"}],"author":[{"embeddable":true,"href":"https:\/\/atecordoba.org\/index.php?rest_route=\/wp\/v2\/users\/7"}],"replies":[{"embeddable":true,"href":"https:\/\/atecordoba.org\/index.php?rest_route=%2Fwp%2Fv2%2Fcomments&post=41792"}],"version-history":[{"count":4,"href":"https:\/\/atecordoba.org\/index.php?rest_route=\/wp\/v2\/posts\/41792\/revisions"}],"predecessor-version":[{"id":41814,"href":"https:\/\/atecordoba.org\/index.php?rest_route=\/wp\/v2\/posts\/41792\/revisions\/41814"}],"wp:featuredmedia":[{"embeddable":true,"href":"https:\/\/atecordoba.org\/index.php?rest_route=\/wp\/v2\/media\/41793"}],"wp:attachment":[{"href":"https:\/\/atecordoba.org\/index.php?rest_route=%2Fwp%2Fv2%2Fmedia&parent=41792"}],"wp:term":[{"taxonomy":"category","embeddable":true,"href":"https:\/\/atecordoba.org\/index.php?rest_route=%2Fwp%2Fv2%2Fcategories&post=41792"},{"taxonomy":"post_tag","embeddable":true,"href":"https:\/\/atecordoba.org\/index.php?rest_route=%2Fwp%2Fv2%2Ftags&post=41792"}],"curies":[{"name":"wp","href":"https:\/\/api.w.org\/{rel}","templated":true}]}}