{"id":4178,"date":"2014-05-27T19:35:44","date_gmt":"2014-05-27T22:35:44","guid":{"rendered":"http:\/\/www.atecordoba.org\/?p=4178"},"modified":"2014-05-27T19:35:44","modified_gmt":"2014-05-27T22:35:44","slug":"los-afiliados-de-ate-votamos-el-29-de-mayo-en-las-elecciones-de-cta","status":"publish","type":"post","link":"https:\/\/atecordoba.org\/?p=4178","title":{"rendered":"Los afiliados de ATE votamos el 29 de mayo en las elecciones de CTA"},"content":{"rendered":"<p><em>Ante la convocatoria para renovar las autoridades de nuestra Central de Trabajadores de la Argentina, el Concejo Directivo Provincial llama a todos los afiliados a participar en el acto eleccionario que se desarrollar\u00e1 el jueves 29 de mayo, de 6 a 18 horas. Consult\u00e1 tu mesa de votaci\u00f3n.<\/em><\/p>\n<p style=\"text-align: center;\"><a href=\"http:\/\/www.atecordoba.org\/wp-content\/uploads\/2014\/05\/urna-CTA.jpg\"><img loading=\"lazy\" decoding=\"async\" class=\"aligncenter  wp-image-4172\" alt=\"urna CTA\" src=\"http:\/\/www.atecordoba.org\/wp-content\/uploads\/2014\/05\/urna-CTA.jpg\" width=\"585\" height=\"306\" \/><\/a><\/p>\n<p>Tras superar la ruptura que sufriera en 2010, nuestra Central realizar\u00e1 el pr\u00f3ximo jueves 29 de mayo la elecci\u00f3n\u00a0de autoridades en todo el pa\u00eds, con voto directo y secreto. En C\u00f3rdoba se elegir\u00e1 la Junta Ejecutiva provincial, as\u00ed como las juntas ejecutivas regionales de C\u00f3rdoba Capital, Villa Mar\u00eda, R\u00edo Tercero y San Francisco.<\/p>\n<p>En la provincia, la lista \u00b01, Agrupaci\u00f3n Germ\u00e1n Abdala, lleva como candidato de secretario General al cro Guido Dreizik, del Cispren, y como adjuntos a los compa\u00f1eros Lu\u00eds Barcena, de ATE, y Ra\u00fal G\u00f3mez, docente universitario. Por su parte, C\u00f3rdoba Capital tendr\u00e1 como candidato a secretario General a Francisco Pavan, de ATE, Villa Mar\u00eda a Jos\u00e9 Gorozo, de ATE, R\u00edo Tercero a H\u00e9ctor Cirio, de ATE, R\u00edo Cuarto a Federico Giuliani, de ATE, y San Francisco a Antonio Muratore, del Cispren.<\/p>\n<p>Esta elecci\u00f3n se realiza en el marco del proceso de reconstrucci\u00f3n de nuestra Central que encabeza el cro Pablo Micheli, que renueva como candidato a secretario General de la conducci\u00f3n nacional, que relanz\u00f3 el hist\u00f3rico esp\u00edritu de lucha de la CTA, asumiendo el compromiso de dar una alternativa de organizaci\u00f3n para el conjunto de la clase trabajadora de car\u00e1cter superador al unicato sindical de la burocracia que comanda otras centrales de gremios en Argentina.<\/p>\n<p>El gran desaf\u00edo de la CTA en esta nueva etapa que comenzar\u00e1 el jueves pr\u00f3ximo ser\u00e1 avanzar en la organizaci\u00f3n de los trabajadores del sector privado, atento que s\u00f3lo el 14% de los lugares de trabajo -seg\u00fan cifras oficiales- cuenta con delegados elegidos por los compa\u00f1eros. Como dijera V\u00edctor de Gennaro &#8220;a 30 a\u00f1os de recuperada la democracia uno de los \u00fanicos sectores donde esta democracia no se hizo efectiva es all\u00ed donde se produce la riqueza&#8221;.<\/p>\n<p>Al mismo tiempo, la CTA trabajar\u00e1 para consolidar la organizaci\u00f3n en el sector estatal, en los distintos niveles (nacional, provincial y municipal), luchando por salarios dignos, pase a planta permanente y mejoras reales en las condiciones de trabajo.<\/p>\n<p>La CTA expresa un proyecto de pa\u00eds desde los trabajadores, aut\u00f3nomo de las patronales, los gobiernos y los partidos pol\u00edticos y para ello es fundamental que todos los compa\u00f1eros participen activamente de esta elecci\u00f3n, dando cuenta que los trabajadores no delegamos m\u00e1s y que es nuestra propia organizaci\u00f3n el fundamento y garant\u00eda de una patria justa, libre y soberana, donde el movimiento obrero organizado sea el sujeto hist\u00f3rico del cambio para recuperar la felicidad de nuestro pueblo.<\/p>\n<p>Para consultar el lugar de votaci\u00f3n, hacer click en el link\u00a0http:\/\/ctaonline.ctanacional.org\/ctanet\/publico\/<\/p>\n<p>&nbsp;<\/p>\n<p>&nbsp;<\/p>\n","protected":false},"excerpt":{"rendered":"<p>Ante la convocatoria para renovar las autoridades de nuestra Central de Trabajadores de la Argentina, el Concejo Directivo Provincial llama a todos los afiliados a participar en el acto eleccionario que se desarrollar\u00e1 el jueves 29 de mayo, de 6 a 18 horas. Consult\u00e1 tu mesa de votaci\u00f3n. Tras superar la ruptura que sufriera en [&hellip;]<\/p>\n","protected":false},"author":1,"featured_media":19220,"comment_status":"open","ping_status":"open","sticky":false,"template":"","format":"standard","meta":{"_exactmetrics_skip_tracking":false,"_exactmetrics_sitenote_active":false,"_exactmetrics_sitenote_note":"","_exactmetrics_sitenote_category":0,"jnews-multi-image_gallery":[],"jnews_single_post":[],"jnews_primary_category":[],"jnews_social_meta":[],"jnews_review":[],"enable_review":"","type":"","name":"","summary":"","brand":"","sku":"","good":[],"bad":[],"score_override":"","override_value":"","rating":[],"price":[],"jnews_override_counter":[],"jnews_post_split":[],"footnotes":""},"categories":[92],"tags":[],"class_list":["post-4178","post","type-post","status-publish","format-standard","has-post-thumbnail","hentry","category-cta"],"jetpack_featured_media_url":"https:\/\/atecordoba.org\/wp-content\/uploads\/2020\/05\/logo-nuevochico-e1561581322808.png","_links":{"self":[{"href":"https:\/\/atecordoba.org\/index.php?rest_route=\/wp\/v2\/posts\/4178","targetHints":{"allow":["GET"]}}],"collection":[{"href":"https:\/\/atecordoba.org\/index.php?rest_route=\/wp\/v2\/posts"}],"about":[{"href":"https:\/\/atecordoba.org\/index.php?rest_route=\/wp\/v2\/types\/post"}],"author":[{"embeddable":true,"href":"https:\/\/atecordoba.org\/index.php?rest_route=\/wp\/v2\/users\/1"}],"replies":[{"embeddable":true,"href":"https:\/\/atecordoba.org\/index.php?rest_route=%2Fwp%2Fv2%2Fcomments&post=4178"}],"version-history":[{"count":0,"href":"https:\/\/atecordoba.org\/index.php?rest_route=\/wp\/v2\/posts\/4178\/revisions"}],"wp:featuredmedia":[{"embeddable":true,"href":"https:\/\/atecordoba.org\/index.php?rest_route=\/wp\/v2\/media\/19220"}],"wp:attachment":[{"href":"https:\/\/atecordoba.org\/index.php?rest_route=%2Fwp%2Fv2%2Fmedia&parent=4178"}],"wp:term":[{"taxonomy":"category","embeddable":true,"href":"https:\/\/atecordoba.org\/index.php?rest_route=%2Fwp%2Fv2%2Fcategories&post=4178"},{"taxonomy":"post_tag","embeddable":true,"href":"https:\/\/atecordoba.org\/index.php?rest_route=%2Fwp%2Fv2%2Ftags&post=4178"}],"curies":[{"name":"wp","href":"https:\/\/api.w.org\/{rel}","templated":true}]}}