{"id":4176,"date":"2014-05-27T17:42:11","date_gmt":"2014-05-27T20:42:11","guid":{"rendered":"http:\/\/www.atecordoba.org\/?p=4176"},"modified":"2014-05-27T17:42:11","modified_gmt":"2014-05-27T20:42:11","slug":"hospitales-directores-presionan-a-delegados-gremiales","status":"publish","type":"post","link":"https:\/\/atecordoba.org\/?p=4176","title":{"rendered":"Hospitales: directores presionan a delegados gremiales"},"content":{"rendered":"<p><em>Ante las distintas situaciones de aprietes y descuentos a los trabajadores y delegados gremiales \u00a0que se realizan tanto en los hospitales como de la administraci\u00f3n central del Gobierno Provincial, ATE convoca a una conferencia de prensa ma\u00f1ana a las 10 horas, en el Polo Sanitario, para denunciar esta situaci\u00f3n y repudiar el accionar de funcionarios que se manejan al margen de la legalidad.<\/em><\/p>\n","protected":false},"excerpt":{"rendered":"<p>Ante las distintas situaciones de aprietes y descuentos a los trabajadores y delegados gremiales \u00a0que se realizan tanto en los hospitales como de la administraci\u00f3n central del Gobierno Provincial, ATE convoca a una conferencia de prensa ma\u00f1ana a las 10 horas, en el Polo Sanitario, para denunciar esta situaci\u00f3n y repudiar el accionar de funcionarios [&hellip;]<\/p>\n","protected":false},"author":1,"featured_media":19220,"comment_status":"open","ping_status":"open","sticky":false,"template":"","format":"standard","meta":{"_exactmetrics_skip_tracking":false,"_exactmetrics_sitenote_active":false,"_exactmetrics_sitenote_note":"","_exactmetrics_sitenote_category":0,"jnews-multi-image_gallery":[],"jnews_single_post":[],"jnews_primary_category":[],"jnews_social_meta":[],"jnews_review":[],"enable_review":"","type":"","name":"","summary":"","brand":"","sku":"","good":[],"bad":[],"score_override":"","override_value":"","rating":[],"price":[],"jnews_override_counter":[],"jnews_post_split":[],"footnotes":""},"categories":[7,8],"tags":[],"class_list":["post-4176","post","type-post","status-publish","format-standard","has-post-thumbnail","hentry","category-hospitales","category-provinciales"],"jetpack_featured_media_url":"https:\/\/atecordoba.org\/wp-content\/uploads\/2020\/05\/logo-nuevochico-e1561581322808.png","_links":{"self":[{"href":"https:\/\/atecordoba.org\/index.php?rest_route=\/wp\/v2\/posts\/4176","targetHints":{"allow":["GET"]}}],"collection":[{"href":"https:\/\/atecordoba.org\/index.php?rest_route=\/wp\/v2\/posts"}],"about":[{"href":"https:\/\/atecordoba.org\/index.php?rest_route=\/wp\/v2\/types\/post"}],"author":[{"embeddable":true,"href":"https:\/\/atecordoba.org\/index.php?rest_route=\/wp\/v2\/users\/1"}],"replies":[{"embeddable":true,"href":"https:\/\/atecordoba.org\/index.php?rest_route=%2Fwp%2Fv2%2Fcomments&post=4176"}],"version-history":[{"count":0,"href":"https:\/\/atecordoba.org\/index.php?rest_route=\/wp\/v2\/posts\/4176\/revisions"}],"wp:featuredmedia":[{"embeddable":true,"href":"https:\/\/atecordoba.org\/index.php?rest_route=\/wp\/v2\/media\/19220"}],"wp:attachment":[{"href":"https:\/\/atecordoba.org\/index.php?rest_route=%2Fwp%2Fv2%2Fmedia&parent=4176"}],"wp:term":[{"taxonomy":"category","embeddable":true,"href":"https:\/\/atecordoba.org\/index.php?rest_route=%2Fwp%2Fv2%2Fcategories&post=4176"},{"taxonomy":"post_tag","embeddable":true,"href":"https:\/\/atecordoba.org\/index.php?rest_route=%2Fwp%2Fv2%2Ftags&post=4176"}],"curies":[{"name":"wp","href":"https:\/\/api.w.org\/{rel}","templated":true}]}}