{"id":41745,"date":"2024-02-21T12:54:24","date_gmt":"2024-02-21T15:54:24","guid":{"rendered":"https:\/\/atecordoba.org\/?p=41745"},"modified":"2024-02-21T12:54:24","modified_gmt":"2024-02-21T15:54:24","slug":"ate-sella-un-convenio-con-el-instituto-de-psicologia-social-pichon-riviere-y-amplia-el-polo-educativo-para-la-comunidad","status":"publish","type":"post","link":"https:\/\/atecordoba.org\/?p=41745","title":{"rendered":"ATE sella un convenio con el Instituto de Psicolog\u00eda Social Pichon Riviere y amplia el polo educativo para la comunidad"},"content":{"rendered":"<div class=\"wp-block-image\">\n<figure class=\"aligncenter size-large is-resized\"><img loading=\"lazy\" decoding=\"async\" src=\"https:\/\/atecordoba.org\/wp-content\/uploads\/2024\/02\/WhatsApp-Image-2024-02-21-at-08.53.04-1-1024x578.jpeg\" alt=\"\" class=\"wp-image-41748\" width=\"768\" height=\"434\" \/><\/figure>\n<\/div>\n\n\n<p>Ayer ATE firm\u00f3, por segundo a\u00f1o consecutivo, el convenio con el Instituto Superior de Estudios Psicosociales de C\u00f3rdoba Dr. Enrique Pichon Riviere que permitir\u00e1 a la instituci\u00f3n funcionar en la sede de ATE C\u00f3rdoba. <\/p>\n\n\n\n<p>A trav\u00e9s de un comodato, la entidad brindar\u00e1 en nuestra sede cursos de formaci\u00f3n en psicolog\u00eda social a partir de m\u00faltiples acciones educativas y de participaci\u00f3n social\u00a0en campos como Violencia familiar; conducci\u00f3n y organizaci\u00f3n de menores abandonados; formaci\u00f3n de agentes comunitarios; alfabetizadores; asesoramiento y supervisi\u00f3n en escuelas primarias y secundarias, con docentes, directores, alumnos y padres; en el Poder Judicial; en situaciones de emergencia social, entre otras.<\/p>\n\n\n\n<figure class=\"wp-block-gallery has-nested-images columns-default is-cropped wp-block-gallery-1 is-layout-flex wp-block-gallery-is-layout-flex\">\n<figure class=\"wp-block-image size-large\"><img loading=\"lazy\" decoding=\"async\" width=\"1024\" height=\"578\" data-id=\"41751\" src=\"https:\/\/atecordoba.org\/wp-content\/uploads\/2024\/02\/WhatsApp-Image-2024-02-21-at-08.53.06-1-1024x578.jpeg\" alt=\"\" class=\"wp-image-41751\" srcset=\"https:\/\/atecordoba.org\/wp-content\/uploads\/2024\/02\/WhatsApp-Image-2024-02-21-at-08.53.06-1-1024x578.jpeg 1024w, https:\/\/atecordoba.org\/wp-content\/uploads\/2024\/02\/WhatsApp-Image-2024-02-21-at-08.53.06-1-300x169.jpeg 300w, https:\/\/atecordoba.org\/wp-content\/uploads\/2024\/02\/WhatsApp-Image-2024-02-21-at-08.53.06-1-768x434.jpeg 768w, https:\/\/atecordoba.org\/wp-content\/uploads\/2024\/02\/WhatsApp-Image-2024-02-21-at-08.53.06-1-1536x867.jpeg 1536w, https:\/\/atecordoba.org\/wp-content\/uploads\/2024\/02\/WhatsApp-Image-2024-02-21-at-08.53.06-1-2048x1156.jpeg 2048w, https:\/\/atecordoba.org\/wp-content\/uploads\/2024\/02\/WhatsApp-Image-2024-02-21-at-08.53.06-1-750x423.jpeg 750w, https:\/\/atecordoba.org\/wp-content\/uploads\/2024\/02\/WhatsApp-Image-2024-02-21-at-08.53.06-1-1140x644.jpeg 1140w\" sizes=\"auto, (max-width: 1024px) 100vw, 1024px\" \/><\/figure>\n\n\n\n<figure class=\"wp-block-image size-large\"><img loading=\"lazy\" decoding=\"async\" width=\"1024\" height=\"578\" data-id=\"41749\" src=\"https:\/\/atecordoba.org\/wp-content\/uploads\/2024\/02\/WhatsApp-Image-2024-02-21-at-08.53.04-3-1024x578.jpeg\" alt=\"\" class=\"wp-image-41749\" srcset=\"https:\/\/atecordoba.org\/wp-content\/uploads\/2024\/02\/WhatsApp-Image-2024-02-21-at-08.53.04-3-1024x578.jpeg 1024w, https:\/\/atecordoba.org\/wp-content\/uploads\/2024\/02\/WhatsApp-Image-2024-02-21-at-08.53.04-3-300x169.jpeg 300w, https:\/\/atecordoba.org\/wp-content\/uploads\/2024\/02\/WhatsApp-Image-2024-02-21-at-08.53.04-3-768x434.jpeg 768w, https:\/\/atecordoba.org\/wp-content\/uploads\/2024\/02\/WhatsApp-Image-2024-02-21-at-08.53.04-3-1536x867.jpeg 1536w, https:\/\/atecordoba.org\/wp-content\/uploads\/2024\/02\/WhatsApp-Image-2024-02-21-at-08.53.04-3-2048x1156.jpeg 2048w, https:\/\/atecordoba.org\/wp-content\/uploads\/2024\/02\/WhatsApp-Image-2024-02-21-at-08.53.04-3-750x423.jpeg 750w, https:\/\/atecordoba.org\/wp-content\/uploads\/2024\/02\/WhatsApp-Image-2024-02-21-at-08.53.04-3-1140x644.jpeg 1140w\" sizes=\"auto, (max-width: 1024px) 100vw, 1024px\" \/><\/figure>\n\n\n\n<figure class=\"wp-block-image size-large\"><img loading=\"lazy\" decoding=\"async\" width=\"1024\" height=\"578\" data-id=\"41750\" src=\"https:\/\/atecordoba.org\/wp-content\/uploads\/2024\/02\/WhatsApp-Image-2024-02-21-at-08.53.05-1024x578.jpeg\" alt=\"\" class=\"wp-image-41750\" srcset=\"https:\/\/atecordoba.org\/wp-content\/uploads\/2024\/02\/WhatsApp-Image-2024-02-21-at-08.53.05-1024x578.jpeg 1024w, https:\/\/atecordoba.org\/wp-content\/uploads\/2024\/02\/WhatsApp-Image-2024-02-21-at-08.53.05-300x169.jpeg 300w, https:\/\/atecordoba.org\/wp-content\/uploads\/2024\/02\/WhatsApp-Image-2024-02-21-at-08.53.05-768x434.jpeg 768w, https:\/\/atecordoba.org\/wp-content\/uploads\/2024\/02\/WhatsApp-Image-2024-02-21-at-08.53.05-1536x867.jpeg 1536w, https:\/\/atecordoba.org\/wp-content\/uploads\/2024\/02\/WhatsApp-Image-2024-02-21-at-08.53.05-2048x1156.jpeg 2048w, https:\/\/atecordoba.org\/wp-content\/uploads\/2024\/02\/WhatsApp-Image-2024-02-21-at-08.53.05-750x423.jpeg 750w, https:\/\/atecordoba.org\/wp-content\/uploads\/2024\/02\/WhatsApp-Image-2024-02-21-at-08.53.05-1140x644.jpeg 1140w\" sizes=\"auto, (max-width: 1024px) 100vw, 1024px\" \/><\/figure>\n<\/figure>\n\n\n\n<p>La firma del convenio estuvo a cargo de nuestro secretario General, Federico Giuliani, acompa\u00f1ado por la secretaria Administrativa, Cintia Conesta, y el secretario de Acci\u00f3n Social, Agust\u00edn Bertone. En tanto por la entidad educativa estuvo presente su directora, Susana Cimadoro.<\/p>\n\n\n\n<p>A la hora de las valoraciones, Cimadoro dijo que &#8220;vamos a poder funcionar en este lugar hermoso. Damos las gracias por habernos facilitado el espacio para que funcione la Escuela de Psicolog\u00eda Social de C\u00f3rdoba. Nuestra instituci\u00f3n marida con las experiencias tanto comunitarias como institucionales o de militancia. Esperamos poder nutrirnos mutuamente&#8221;.<\/p>\n\n\n\n<p>Y se\u00f1al\u00f3 que &#8220;esta escuela viene llevando a cabo algunos trabajos comunitarios y creo que podemos conformar un gran equipo con las y los compa\u00f1eros de ATE y robustecernos mutuamente. Porque tenemos las herramientas necesarias para poder ayudar a cualquier instituci\u00f3n a ir m\u00e1s all\u00e1, m\u00e1s adelante y comprender mejor los procesos. Se inicia un ciclo de aprendizaje conjunto&#8221;.<\/p>\n\n\n\n<figure class=\"wp-block-gallery has-nested-images columns-default is-cropped wp-block-gallery-2 is-layout-flex wp-block-gallery-is-layout-flex\">\n<figure class=\"wp-block-image size-large\"><img loading=\"lazy\" decoding=\"async\" width=\"1024\" height=\"578\" data-id=\"41753\" src=\"https:\/\/atecordoba.org\/wp-content\/uploads\/2024\/02\/WhatsApp-Image-2024-02-21-at-08.53.08-1-1024x578.jpeg\" alt=\"\" class=\"wp-image-41753\" srcset=\"https:\/\/atecordoba.org\/wp-content\/uploads\/2024\/02\/WhatsApp-Image-2024-02-21-at-08.53.08-1-1024x578.jpeg 1024w, https:\/\/atecordoba.org\/wp-content\/uploads\/2024\/02\/WhatsApp-Image-2024-02-21-at-08.53.08-1-300x169.jpeg 300w, https:\/\/atecordoba.org\/wp-content\/uploads\/2024\/02\/WhatsApp-Image-2024-02-21-at-08.53.08-1-768x434.jpeg 768w, https:\/\/atecordoba.org\/wp-content\/uploads\/2024\/02\/WhatsApp-Image-2024-02-21-at-08.53.08-1-1536x867.jpeg 1536w, https:\/\/atecordoba.org\/wp-content\/uploads\/2024\/02\/WhatsApp-Image-2024-02-21-at-08.53.08-1-2048x1156.jpeg 2048w, https:\/\/atecordoba.org\/wp-content\/uploads\/2024\/02\/WhatsApp-Image-2024-02-21-at-08.53.08-1-750x423.jpeg 750w, https:\/\/atecordoba.org\/wp-content\/uploads\/2024\/02\/WhatsApp-Image-2024-02-21-at-08.53.08-1-1140x644.jpeg 1140w\" sizes=\"auto, (max-width: 1024px) 100vw, 1024px\" \/><\/figure>\n\n\n\n<figure class=\"wp-block-image size-large\"><img loading=\"lazy\" decoding=\"async\" width=\"1024\" height=\"578\" data-id=\"41752\" src=\"https:\/\/atecordoba.org\/wp-content\/uploads\/2024\/02\/WhatsApp-Image-2024-02-21-at-08.53.07-3-1024x578.jpeg\" alt=\"\" class=\"wp-image-41752\" srcset=\"https:\/\/atecordoba.org\/wp-content\/uploads\/2024\/02\/WhatsApp-Image-2024-02-21-at-08.53.07-3-1024x578.jpeg 1024w, https:\/\/atecordoba.org\/wp-content\/uploads\/2024\/02\/WhatsApp-Image-2024-02-21-at-08.53.07-3-300x169.jpeg 300w, https:\/\/atecordoba.org\/wp-content\/uploads\/2024\/02\/WhatsApp-Image-2024-02-21-at-08.53.07-3-768x434.jpeg 768w, https:\/\/atecordoba.org\/wp-content\/uploads\/2024\/02\/WhatsApp-Image-2024-02-21-at-08.53.07-3-1536x867.jpeg 1536w, https:\/\/atecordoba.org\/wp-content\/uploads\/2024\/02\/WhatsApp-Image-2024-02-21-at-08.53.07-3-2048x1156.jpeg 2048w, https:\/\/atecordoba.org\/wp-content\/uploads\/2024\/02\/WhatsApp-Image-2024-02-21-at-08.53.07-3-750x423.jpeg 750w, https:\/\/atecordoba.org\/wp-content\/uploads\/2024\/02\/WhatsApp-Image-2024-02-21-at-08.53.07-3-1140x644.jpeg 1140w\" sizes=\"auto, (max-width: 1024px) 100vw, 1024px\" \/><\/figure>\n<\/figure>\n\n\n\n<p>Cimador explic\u00f3 que la escuela suele proponer esquemas educativos psicosociales &#8220;a partir de las necesidades que se nos plantean. Pensamos que podemos transformar esa pr\u00e1ctica, a partir de un v\u00ednculo teor\u00eda-practica bajo el concepto que no hay teor\u00eda v\u00e1lida que no se pueda llevar a la pr\u00e1ctica. Cuando uno conoce la teor\u00eda y se interesa por alg\u00fan concepto, se hace realidad y ese es nuestro criterio de evaluaci\u00f3n&#8221;.<\/p>\n\n\n\n<p>De esta forma, ATE amplia la oferta educativa que brinda nuestra organizaci\u00f3n, tanto sea para afiliadas y afiliados, como para quienes no lo son.<\/p>\n\n\n\n<p><strong>Primaria y secundaria en ATE<\/strong><\/p>\n\n\n\n<p>En continuidad con los ciclos realizados en a\u00f1os anteriores, ma\u00f1ana abren las inscripciones para la escuela primaria Atahualpa Yupanqui para j\u00f3venes, Adultxs y Personas Mayores, donde las y los estudiantes pueden empezar o retomar tus estudios primarios. Est\u00e1n disponibles las modalidades de presencialidad o tutor\u00edas para Ex\u00e1menes Libres.<\/p>\n\n\n\n<p>Informaci\u00f3n o Consultas por WhatsApp en los tel\u00e9fonos 351 6198526 \/ 351 6082302, jueves y viernes de 14 a 16 horas.<\/p>\n\n\n\n<figure class=\"wp-block-gallery has-nested-images columns-default is-cropped wp-block-gallery-3 is-layout-flex wp-block-gallery-is-layout-flex\">\n<figure class=\"wp-block-image size-large\"><img loading=\"lazy\" decoding=\"async\" width=\"940\" height=\"788\" data-id=\"41746\" src=\"https:\/\/atecordoba.org\/wp-content\/uploads\/2024\/02\/WhatsApp-Image-2024-02-21-at-08.15.07.jpeg\" alt=\"\" class=\"wp-image-41746\" srcset=\"https:\/\/atecordoba.org\/wp-content\/uploads\/2024\/02\/WhatsApp-Image-2024-02-21-at-08.15.07.jpeg 940w, https:\/\/atecordoba.org\/wp-content\/uploads\/2024\/02\/WhatsApp-Image-2024-02-21-at-08.15.07-300x251.jpeg 300w, https:\/\/atecordoba.org\/wp-content\/uploads\/2024\/02\/WhatsApp-Image-2024-02-21-at-08.15.07-768x644.jpeg 768w, https:\/\/atecordoba.org\/wp-content\/uploads\/2024\/02\/WhatsApp-Image-2024-02-21-at-08.15.07-750x629.jpeg 750w\" sizes=\"auto, (max-width: 940px) 100vw, 940px\" \/><\/figure>\n\n\n\n<figure class=\"wp-block-image size-large\"><img loading=\"lazy\" decoding=\"async\" width=\"1024\" height=\"1024\" data-id=\"41747\" src=\"https:\/\/atecordoba.org\/wp-content\/uploads\/2024\/02\/WhatsApp-Image-2024-02-21-at-08.18.51-1024x1024.jpeg\" alt=\"\" class=\"wp-image-41747\" srcset=\"https:\/\/atecordoba.org\/wp-content\/uploads\/2024\/02\/WhatsApp-Image-2024-02-21-at-08.18.51-1024x1024.jpeg 1024w, https:\/\/atecordoba.org\/wp-content\/uploads\/2024\/02\/WhatsApp-Image-2024-02-21-at-08.18.51-300x300.jpeg 300w, https:\/\/atecordoba.org\/wp-content\/uploads\/2024\/02\/WhatsApp-Image-2024-02-21-at-08.18.51-150x150.jpeg 150w, https:\/\/atecordoba.org\/wp-content\/uploads\/2024\/02\/WhatsApp-Image-2024-02-21-at-08.18.51-768x767.jpeg 768w, https:\/\/atecordoba.org\/wp-content\/uploads\/2024\/02\/WhatsApp-Image-2024-02-21-at-08.18.51-560x560.jpeg 560w, https:\/\/atecordoba.org\/wp-content\/uploads\/2024\/02\/WhatsApp-Image-2024-02-21-at-08.18.51-75x75.jpeg 75w, https:\/\/atecordoba.org\/wp-content\/uploads\/2024\/02\/WhatsApp-Image-2024-02-21-at-08.18.51-350x350.jpeg 350w, https:\/\/atecordoba.org\/wp-content\/uploads\/2024\/02\/WhatsApp-Image-2024-02-21-at-08.18.51-750x749.jpeg 750w, https:\/\/atecordoba.org\/wp-content\/uploads\/2024\/02\/WhatsApp-Image-2024-02-21-at-08.18.51-1140x1139.jpeg 1140w, https:\/\/atecordoba.org\/wp-content\/uploads\/2024\/02\/WhatsApp-Image-2024-02-21-at-08.18.51.jpeg 1280w\" sizes=\"auto, (max-width: 1024px) 100vw, 1024px\" \/><\/figure>\n<\/figure>\n\n\n\n<p>De la misma forma, est\u00e1n abiertas las inscripciones para la escuela secundaria para adultos CENMA 107 para el ciclo lectivo 2024. En este caso, las y los interesados deben contactarse con los tel\u00e9fonos 3517702260 \/ 3518107645. <\/p>\n\n\n\n<p>Los requisitos de inscripci\u00f3n son: copia de DNI, constancia de CUIL, certificado de nivel primario o pase de otra instituci\u00f3n.  <\/p>\n","protected":false},"excerpt":{"rendered":"<p>Ayer ATE firm\u00f3, por segundo a\u00f1o consecutivo, el convenio con el Instituto Superior de Estudios Psicosociales de C\u00f3rdoba Dr. Enrique Pichon Riviere que permitir\u00e1 a la instituci\u00f3n funcionar en la sede de ATE C\u00f3rdoba. A trav\u00e9s de un comodato, la entidad brindar\u00e1 en nuestra sede cursos de formaci\u00f3n en psicolog\u00eda social a partir de m\u00faltiples [&hellip;]<\/p>\n","protected":false},"author":7,"featured_media":41748,"comment_status":"open","ping_status":"open","sticky":false,"template":"","format":"standard","meta":{"_exactmetrics_skip_tracking":false,"_exactmetrics_sitenote_active":false,"_exactmetrics_sitenote_note":"","_exactmetrics_sitenote_category":0,"jnews-multi-image_gallery":[],"jnews_single_post":{"subtitle":"\"Vamos a poder funcionar en este lugar hermoso. Damos las gracias por habernos facilitado el espacio para que funcione la Escuela de Psicolog\u00eda Social de C\u00f3rdoba. Nuestra instituci\u00f3n marida con las experiencias tanto comunitarias como institucionales o de militancia. Esperamos poder nutrirnos mutuamente\", apuntaron desde la entidad educativa.","format":"standard","video":"","gallery":"","source_name":"","source_url":"","via_name":"","via_url":"","override_template":"0","override":[{"template":"1","single_blog_custom":"","parallax":"1","fullscreen":"1","layout":"no-sidebar-narrow","sidebar":"default-sidebar","second_sidebar":"default-sidebar","sticky_sidebar":"1","share_position":"bottom","share_float_style":"share-monocrhome","show_share_counter":"1","show_view_counter":"1","show_featured":"0","show_post_meta":"1","show_post_author":"0","show_post_author_image":"1","show_post_date":"1","post_date_format":"default","post_date_format_custom":"Y\/m\/d","show_post_category":"1","show_post_reading_time":"0","post_reading_time_wpm":"300","show_zoom_button":"0","zoom_button_out_step":"2","zoom_button_in_step":"3","show_post_tag":"1","show_prev_next_post":"0","show_popup_post":"0","number_popup_post":"1","show_author_box":"0","show_post_related":"1","show_inline_post_related":"0"}],"override_image_size":"0","image_override":[{"single_post_thumbnail_size":"crop-500","single_post_gallery_size":"crop-500"}],"trending_post":"0","trending_post_position":"meta","trending_post_label":"Trending","sponsored_post":"0","sponsored_post_label":"Sponsored by","sponsored_post_name":"","sponsored_post_url":"","sponsored_post_logo_enable":"0","sponsored_post_logo":"","sponsored_post_desc":"","disable_ad":"0"},"jnews_primary_category":{"id":"","hide":""},"jnews_social_meta":{"fb_title":"","fb_description":"","fb_image":"","twitter_title":"","twitter_description":"","twitter_image":""},"jnews_review":[],"enable_review":"0","type":"percentage","name":"","summary":"","brand":"","sku":"","good":[{"good_text":""}],"bad":[{"bad_text":""}],"score_override":"","override_value":"","rating":[{"rating_text":"","rating_number":"10"}],"price":[{"shop":"","price":"","link":"","icon":""}],"jnews_override_counter":{"override_view_counter":"0","view_counter_number":"0","override_share_counter":"0","share_counter_number":"0","override_like_counter":"0","like_counter_number":"0","override_dislike_counter":"0","dislike_counter_number":"0"},"jnews_post_split":{"enable_post_split":"0","post_split":[{"template":"1","tag":"h2","numbering":"asc","mode":"normal","first":"0","enable_toc":"0","toc_type":"normal"}]},"footnotes":""},"categories":[75],"tags":[],"class_list":["post-41745","post","type-post","status-publish","format-standard","has-post-thumbnail","hentry","category-accion-social"],"jetpack_featured_media_url":"https:\/\/atecordoba.org\/wp-content\/uploads\/2024\/02\/WhatsApp-Image-2024-02-21-at-08.53.04-1-scaled-e1708530808399.jpeg","_links":{"self":[{"href":"https:\/\/atecordoba.org\/index.php?rest_route=\/wp\/v2\/posts\/41745","targetHints":{"allow":["GET"]}}],"collection":[{"href":"https:\/\/atecordoba.org\/index.php?rest_route=\/wp\/v2\/posts"}],"about":[{"href":"https:\/\/atecordoba.org\/index.php?rest_route=\/wp\/v2\/types\/post"}],"author":[{"embeddable":true,"href":"https:\/\/atecordoba.org\/index.php?rest_route=\/wp\/v2\/users\/7"}],"replies":[{"embeddable":true,"href":"https:\/\/atecordoba.org\/index.php?rest_route=%2Fwp%2Fv2%2Fcomments&post=41745"}],"version-history":[{"count":1,"href":"https:\/\/atecordoba.org\/index.php?rest_route=\/wp\/v2\/posts\/41745\/revisions"}],"predecessor-version":[{"id":41754,"href":"https:\/\/atecordoba.org\/index.php?rest_route=\/wp\/v2\/posts\/41745\/revisions\/41754"}],"wp:featuredmedia":[{"embeddable":true,"href":"https:\/\/atecordoba.org\/index.php?rest_route=\/wp\/v2\/media\/41748"}],"wp:attachment":[{"href":"https:\/\/atecordoba.org\/index.php?rest_route=%2Fwp%2Fv2%2Fmedia&parent=41745"}],"wp:term":[{"taxonomy":"category","embeddable":true,"href":"https:\/\/atecordoba.org\/index.php?rest_route=%2Fwp%2Fv2%2Fcategories&post=41745"},{"taxonomy":"post_tag","embeddable":true,"href":"https:\/\/atecordoba.org\/index.php?rest_route=%2Fwp%2Fv2%2Ftags&post=41745"}],"curies":[{"name":"wp","href":"https:\/\/api.w.org\/{rel}","templated":true}]}}