{"id":41740,"date":"2024-02-21T11:01:02","date_gmt":"2024-02-21T14:01:02","guid":{"rendered":"https:\/\/atecordoba.org\/?p=41740"},"modified":"2024-02-21T11:01:54","modified_gmt":"2024-02-21T14:01:54","slug":"ate-crece-en-el-sur-provincial","status":"publish","type":"post","link":"https:\/\/atecordoba.org\/?p=41740","title":{"rendered":"ATE crece en el sur provincial"},"content":{"rendered":"<div class=\"wp-block-image\">\n<figure class=\"aligncenter size-full\"><img loading=\"lazy\" decoding=\"async\" width=\"680\" height=\"306\" src=\"https:\/\/atecordoba.org\/wp-content\/uploads\/2024\/02\/alcoba-en-carnerillo.jpg\" alt=\"\" class=\"wp-image-41741\" srcset=\"https:\/\/atecordoba.org\/wp-content\/uploads\/2024\/02\/alcoba-en-carnerillo.jpg 680w, https:\/\/atecordoba.org\/wp-content\/uploads\/2024\/02\/alcoba-en-carnerillo-300x135.jpg 300w\" sizes=\"auto, (max-width: 680px) 100vw, 680px\" \/><\/figure>\n<\/div>\n\n\n<p><sup>(fuente: ctaacordoba.org)<\/sup><\/p>\n\n\n\n<p>La seccional ATE R\u00edo Cuarto contin\u00faa con el proceso de crecimiento organizativo. Ayer, nuestra organizaci\u00f3n hizo pie en la localidad de Carnerillo, distante 40 kil\u00f3metros de la Capital Alterna de la Provincia de C\u00f3rdoba.<\/p>\n\n\n\n<p>Encabezados por la secretaria General de ATE y la CTA Aut\u00f3noma, Rafaela Alcoba, la comitiva gremial present\u00f3 en la Municipalidad toda la documentaci\u00f3n correspondiente y solicit\u00f3 una audiencia con el Departamento Ejecutivo.<\/p>\n\n\n\n<p>De este modo, ATE afianza su presencia en el territorio y se consolida como una fuerza pol\u00edtica y gremial considerable en el sur provincial.<\/p>\n","protected":false},"excerpt":{"rendered":"<p>(fuente: ctaacordoba.org) La seccional ATE R\u00edo Cuarto contin\u00faa con el proceso de crecimiento organizativo. Ayer, nuestra organizaci\u00f3n hizo pie en la localidad de Carnerillo, distante 40 kil\u00f3metros de la Capital Alterna de la Provincia de C\u00f3rdoba. Encabezados por la secretaria General de ATE y la CTA Aut\u00f3noma, Rafaela Alcoba, la comitiva gremial present\u00f3 en la [&hellip;]<\/p>\n","protected":false},"author":7,"featured_media":41741,"comment_status":"open","ping_status":"open","sticky":false,"template":"","format":"standard","meta":{"_exactmetrics_skip_tracking":false,"_exactmetrics_sitenote_active":false,"_exactmetrics_sitenote_note":"","_exactmetrics_sitenote_category":0,"jnews-multi-image_gallery":[],"jnews_single_post":{"subtitle":"Ayer, nuestra organizaci\u00f3n hizo pie en la localidad de Carnerillo, distante 40 kil\u00f3metros de R\u00edo Cuarto.","format":"standard","video":"","gallery":"","source_name":"","source_url":"","via_name":"","via_url":"","override_template":"0","override":[{"template":"1","single_blog_custom":"","parallax":"1","fullscreen":"1","layout":"no-sidebar-narrow","sidebar":"default-sidebar","second_sidebar":"default-sidebar","sticky_sidebar":"1","share_position":"bottom","share_float_style":"share-monocrhome","show_share_counter":"1","show_view_counter":"1","show_featured":"0","show_post_meta":"1","show_post_author":"0","show_post_author_image":"1","show_post_date":"1","post_date_format":"default","post_date_format_custom":"Y\/m\/d","show_post_category":"1","show_post_reading_time":"0","post_reading_time_wpm":"300","show_zoom_button":"0","zoom_button_out_step":"2","zoom_button_in_step":"3","show_post_tag":"1","show_prev_next_post":"0","show_popup_post":"0","number_popup_post":"1","show_author_box":"0","show_post_related":"1","show_inline_post_related":"0"}],"override_image_size":"0","image_override":[{"single_post_thumbnail_size":"crop-500","single_post_gallery_size":"crop-500"}],"trending_post":"0","trending_post_position":"meta","trending_post_label":"Trending","sponsored_post":"0","sponsored_post_label":"Sponsored by","sponsored_post_name":"","sponsored_post_url":"","sponsored_post_logo_enable":"0","sponsored_post_logo":"","sponsored_post_desc":"","disable_ad":"0"},"jnews_primary_category":{"id":"","hide":""},"jnews_social_meta":{"fb_title":"","fb_description":"","fb_image":"","twitter_title":"","twitter_description":"","twitter_image":""},"jnews_review":[],"enable_review":"0","type":"percentage","name":"","summary":"","brand":"","sku":"","good":[{"good_text":""}],"bad":[{"bad_text":""}],"score_override":"","override_value":"","rating":[{"rating_text":"","rating_number":"10"}],"price":[{"shop":"","price":"","link":"","icon":""}],"jnews_override_counter":{"override_view_counter":"0","view_counter_number":"0","override_share_counter":"0","share_counter_number":"0","override_like_counter":"0","like_counter_number":"0","override_dislike_counter":"0","dislike_counter_number":"0"},"jnews_post_split":{"enable_post_split":"0","post_split":[{"template":"1","tag":"h2","numbering":"asc","mode":"normal","first":"0","enable_toc":"0","toc_type":"normal"}]},"footnotes":""},"categories":[12],"tags":[],"class_list":["post-41740","post","type-post","status-publish","format-standard","has-post-thumbnail","hentry","category-rio-cuarto"],"jetpack_featured_media_url":"https:\/\/atecordoba.org\/wp-content\/uploads\/2024\/02\/alcoba-en-carnerillo.jpg","_links":{"self":[{"href":"https:\/\/atecordoba.org\/index.php?rest_route=\/wp\/v2\/posts\/41740","targetHints":{"allow":["GET"]}}],"collection":[{"href":"https:\/\/atecordoba.org\/index.php?rest_route=\/wp\/v2\/posts"}],"about":[{"href":"https:\/\/atecordoba.org\/index.php?rest_route=\/wp\/v2\/types\/post"}],"author":[{"embeddable":true,"href":"https:\/\/atecordoba.org\/index.php?rest_route=\/wp\/v2\/users\/7"}],"replies":[{"embeddable":true,"href":"https:\/\/atecordoba.org\/index.php?rest_route=%2Fwp%2Fv2%2Fcomments&post=41740"}],"version-history":[{"count":2,"href":"https:\/\/atecordoba.org\/index.php?rest_route=\/wp\/v2\/posts\/41740\/revisions"}],"predecessor-version":[{"id":41744,"href":"https:\/\/atecordoba.org\/index.php?rest_route=\/wp\/v2\/posts\/41740\/revisions\/41744"}],"wp:featuredmedia":[{"embeddable":true,"href":"https:\/\/atecordoba.org\/index.php?rest_route=\/wp\/v2\/media\/41741"}],"wp:attachment":[{"href":"https:\/\/atecordoba.org\/index.php?rest_route=%2Fwp%2Fv2%2Fmedia&parent=41740"}],"wp:term":[{"taxonomy":"category","embeddable":true,"href":"https:\/\/atecordoba.org\/index.php?rest_route=%2Fwp%2Fv2%2Fcategories&post=41740"},{"taxonomy":"post_tag","embeddable":true,"href":"https:\/\/atecordoba.org\/index.php?rest_route=%2Fwp%2Fv2%2Ftags&post=41740"}],"curies":[{"name":"wp","href":"https:\/\/api.w.org\/{rel}","templated":true}]}}