{"id":41734,"date":"2024-02-21T10:07:56","date_gmt":"2024-02-21T13:07:56","guid":{"rendered":"https:\/\/atecordoba.org\/?p=41734"},"modified":"2024-02-21T10:07:56","modified_gmt":"2024-02-21T13:07:56","slug":"26-de-febrero-ate-va-al-paro-nacional-junto-al-frente-de-sindicatos-estatales","status":"publish","type":"post","link":"https:\/\/atecordoba.org\/?p=41734","title":{"rendered":"26 de febrero: ATE va al Paro Nacional junto al Frente de Sindicatos Estatales"},"content":{"rendered":"<div class=\"wp-block-image\">\n<figure class=\"alignleft size-full is-resized\"><img loading=\"lazy\" decoding=\"async\" src=\"https:\/\/atecordoba.org\/wp-content\/uploads\/2024\/02\/frentegremiosestatales.png\" alt=\"\" class=\"wp-image-41735\" width=\"548\" height=\"367\" \/><\/figure>\n<\/div>\n\n\n<p>El Frente de Sindicatos Estatales y de Gremios de Empresas del Estado de la Argentina, motorizado por la Asociaci\u00f3n Trabajadores del Estado, resolvi\u00f3 la fecha del Paro Nacional para el pr\u00f3ximo lunes 26 de febrero. La medida de fuerza hab\u00eda sido definida la semana pasada en un plenario de delegados y delegadas de diferentes organizaciones sindicales que se llev\u00f3 a cabo en el anfiteatro Eva Per\u00f3n de ATE.<\/p>\n\n\n\n<p>\u201cLe ponen techo a las paritarias y las quieren hacer desaparecer. El ajuste es intencional y deliberado. Adem\u00e1s, contin\u00faan con las amenazas de despidos y los intentos de privatizar empresas p\u00fablicas\u201d, manifest\u00f3 el Secretario General de ATE, Rodolfo Aguiar, quien agreg\u00f3: \u201cEn tan solo semanas deterioraron de manera grave las condiciones de vida de millones en toda la Argentina. Cuando el Presidente Milei hace alusi\u00f3n a que en marzo o abril vamos a tocar fondo, se refiere a un concepto econ\u00f3mico, que supone que luego existir\u00e1 un rebote. Es bueno que sepan que cada vez que los trabajadores y los jubilados tocaron fondo, no rebotaron, siempre se quedaron ah\u00ed, en el fondo\u201d.<\/p>\n\n\n\n<p>\u201cCon estas ideas, si al Gobierno le va bien, nos va a ir muy mal a todos. Reclamamos aumento salarial ya por encima de la inflaci\u00f3n, inmediata reincorporaci\u00f3n de despedidos sin causa y pase a Planta Permanente. Adem\u00e1s rechazamos cualquier intento de privatizaci\u00f3n, el Estado no est\u00e1 en venta\u201d, agreg\u00f3 el dirigente de ATE.<\/p>\n\n\n\n<p>Se prev\u00e9 que la medida tendr\u00e1 una potencia importante: son m\u00e1s de 20 las organizaciones que integran el Frente que naci\u00f3 en enero y tuvo su bautismo de fuego con la jornada del 15 del mes pasado. Entre los temas por los que se reclama se cuentan la estabilidad laboral en el Estado y en las empresas p\u00fablicas, la recuperaci\u00f3n del poder adquisitivo y el ajuste en las provincias del Presidente Milei, entre otros puntos. Fue com\u00fan entre los sindicatos la visi\u00f3n de que el proyecto de Ley \u00d3mnibus fue herido de muerte en el Paro General del 24 de enero y que la destrucci\u00f3n del DNU amerita otro gran Paro Nacional.<\/p>\n\n\n\n<p>Adem\u00e1s de ATE, participar\u00e1n del Paro la Federaci\u00f3n Judicial Argentina (FJA); la Federaci\u00f3n Sindical de Profesionales de la Salud de la RA (FESPROSA); la Federaci\u00f3n Nacional de Docentes, Investigadores y Creadores Universitarios \u2013 Hist\u00f3rica (CONADU-H); la Federaci\u00f3n del Personal de Vialidad Nacional (FEPEVINA); la Federaci\u00f3n de Trabajadores de la Energ\u00eda de la RA (FETERA); la Federaci\u00f3n de Profesionales del GCBA; el Sindicato \u00danico de Trabajadores de Administraciones Portuarias (SUTAP); el Sindicato Unido de Trabajadores y Empleados del PAMI (SUTEPA); la Asociaci\u00f3n Personal Jer\u00e1rquico de Bancos Oficiales (APJBO); la Uni\u00f3n Personal Jer\u00e1rquico del Banco de la Provincia de Buenos Aires (UPJ); el Sindicato de Trabajadores de Entidades Bancarias y Financieras (SITEBA); la Asociaci\u00f3n de Psic\u00f3logos del GCABA (APGCABA); la Asociaci\u00f3n Civil de Profesionales de Antropolog\u00eda, Comunicaci\u00f3n, Sociolog\u00eda y Afines (APACSA); la Asociaci\u00f3n de Profesionales de Servicio Social del GCABA (APSS); la Asociaci\u00f3n de Bioqu\u00edmicos de la CABA (ABC); la Asociaci\u00f3n Judicial Bonaerense (AJB); el Sindicato de Trabajadores Judiciales de R\u00edo Negro (SITRAJUR); la Asociaci\u00f3n de Empleados y Funcionarios del PJN (AEyFPJN); y la Asociaci\u00f3n del Personal del Instituto Nacional de Tecnolog\u00eda Agropecuaria\u00a0(APINTA).<\/p>\n\n\n\n<p><\/p>\n","protected":false},"excerpt":{"rendered":"<p>El Frente de Sindicatos Estatales y de Gremios de Empresas del Estado de la Argentina, motorizado por la Asociaci\u00f3n Trabajadores del Estado, resolvi\u00f3 la fecha del Paro Nacional para el pr\u00f3ximo lunes 26 de febrero. La medida de fuerza hab\u00eda sido definida la semana pasada en un plenario de delegados y delegadas de diferentes organizaciones [&hellip;]<\/p>\n","protected":false},"author":7,"featured_media":41735,"comment_status":"open","ping_status":"open","sticky":false,"template":"","format":"standard","meta":{"_exactmetrics_skip_tracking":false,"_exactmetrics_sitenote_active":false,"_exactmetrics_sitenote_note":"","_exactmetrics_sitenote_category":0,"jnews-multi-image_gallery":[],"jnews_single_post":{"subtitle":"\u201cPara enfrentar el recorte planificado de salarios y jubilaciones, desde ATE impulsamos una nueva Jornada Nacional de Lucha con paros, asambleas y movilizaciones para el d\u00eda lunes 26 de febrero\u201d, se\u00f1al\u00f3 el Secretario General de ATE, Rodolfo Aguiar.  Fue com\u00fan entre los sindicatos la visi\u00f3n de que el proyecto de Ley \u00d3mnibus fue herido de muerte en el Paro General del 24 de enero y que la destrucci\u00f3n del DNU amerita otro gran Paro Nacional.  ","format":"standard","video":"","gallery":"","source_name":"","source_url":"","via_name":"","via_url":"","override_template":"0","override":[{"template":"1","single_blog_custom":"","parallax":"1","fullscreen":"1","layout":"no-sidebar-narrow","sidebar":"default-sidebar","second_sidebar":"default-sidebar","sticky_sidebar":"1","share_position":"bottom","share_float_style":"share-monocrhome","show_share_counter":"1","show_view_counter":"1","show_featured":"0","show_post_meta":"1","show_post_author":"0","show_post_author_image":"1","show_post_date":"1","post_date_format":"default","post_date_format_custom":"Y\/m\/d","show_post_category":"1","show_post_reading_time":"0","post_reading_time_wpm":"300","show_zoom_button":"0","zoom_button_out_step":"2","zoom_button_in_step":"3","show_post_tag":"1","show_prev_next_post":"0","show_popup_post":"0","number_popup_post":"1","show_author_box":"0","show_post_related":"1","show_inline_post_related":"0"}],"override_image_size":"0","image_override":[{"single_post_thumbnail_size":"crop-500","single_post_gallery_size":"crop-500"}],"trending_post":"0","trending_post_position":"meta","trending_post_label":"Trending","sponsored_post":"0","sponsored_post_label":"Sponsored by","sponsored_post_name":"","sponsored_post_url":"","sponsored_post_logo_enable":"0","sponsored_post_logo":"","sponsored_post_desc":"","disable_ad":"0"},"jnews_primary_category":{"id":"","hide":""},"jnews_social_meta":{"fb_title":"","fb_description":"","fb_image":"","twitter_title":"","twitter_description":"","twitter_image":""},"jnews_review":[],"enable_review":"0","type":"percentage","name":"","summary":"","brand":"","sku":"","good":[{"good_text":""}],"bad":[{"bad_text":""}],"score_override":"","override_value":"","rating":[{"rating_text":"","rating_number":"10"}],"price":[{"shop":"","price":"","link":"","icon":""}],"jnews_override_counter":{"override_view_counter":"0","view_counter_number":"0","override_share_counter":"0","share_counter_number":"0","override_like_counter":"0","like_counter_number":"0","override_dislike_counter":"0","dislike_counter_number":"0"},"jnews_post_split":{"enable_post_split":"0","post_split":[{"template":"1","tag":"h2","numbering":"asc","mode":"normal","first":"0","enable_toc":"0","toc_type":"normal"}]},"footnotes":""},"categories":[756],"tags":[],"class_list":["post-41734","post","type-post","status-publish","format-standard","has-post-thumbnail","hentry","category-consejo-directivo-nacional-cdn"],"jetpack_featured_media_url":"https:\/\/atecordoba.org\/wp-content\/uploads\/2024\/02\/frentegremiosestatales-e1708520836494.png","_links":{"self":[{"href":"https:\/\/atecordoba.org\/index.php?rest_route=\/wp\/v2\/posts\/41734","targetHints":{"allow":["GET"]}}],"collection":[{"href":"https:\/\/atecordoba.org\/index.php?rest_route=\/wp\/v2\/posts"}],"about":[{"href":"https:\/\/atecordoba.org\/index.php?rest_route=\/wp\/v2\/types\/post"}],"author":[{"embeddable":true,"href":"https:\/\/atecordoba.org\/index.php?rest_route=\/wp\/v2\/users\/7"}],"replies":[{"embeddable":true,"href":"https:\/\/atecordoba.org\/index.php?rest_route=%2Fwp%2Fv2%2Fcomments&post=41734"}],"version-history":[{"count":1,"href":"https:\/\/atecordoba.org\/index.php?rest_route=\/wp\/v2\/posts\/41734\/revisions"}],"predecessor-version":[{"id":41736,"href":"https:\/\/atecordoba.org\/index.php?rest_route=\/wp\/v2\/posts\/41734\/revisions\/41736"}],"wp:featuredmedia":[{"embeddable":true,"href":"https:\/\/atecordoba.org\/index.php?rest_route=\/wp\/v2\/media\/41735"}],"wp:attachment":[{"href":"https:\/\/atecordoba.org\/index.php?rest_route=%2Fwp%2Fv2%2Fmedia&parent=41734"}],"wp:term":[{"taxonomy":"category","embeddable":true,"href":"https:\/\/atecordoba.org\/index.php?rest_route=%2Fwp%2Fv2%2Fcategories&post=41734"},{"taxonomy":"post_tag","embeddable":true,"href":"https:\/\/atecordoba.org\/index.php?rest_route=%2Fwp%2Fv2%2Ftags&post=41734"}],"curies":[{"name":"wp","href":"https:\/\/api.w.org\/{rel}","templated":true}]}}