{"id":4171,"date":"2014-05-27T13:49:41","date_gmt":"2014-05-27T16:49:41","guid":{"rendered":"http:\/\/www.atecordoba.org\/?p=4171"},"modified":"2014-05-27T13:49:41","modified_gmt":"2014-05-27T16:49:41","slug":"elecciones-de-cta-el-jueves-29-votamos-porque-la-democracia-sindical-no-se-interviene-conferencia-de-prensa-hoy-a-las-17-horas-parana-140","status":"publish","type":"post","link":"https:\/\/atecordoba.org\/?p=4171","title":{"rendered":"Elecciones de CTA: El jueves 29 votamos porque la democracia sindical no se interviene  Conferencia de prensa, hoy a las 17 horas \u2013 Paran\u00e1 140"},"content":{"rendered":"<p><em>Ante la arbitraria y autoritaria resoluci\u00f3n del ministro de Trabajo Carlos Tomada, pretendiendo prohibir el derecho de los afiliados de la CTA a votar autoridades en todo el pa\u00eds, la conducci\u00f3n provincial de nuestra Central convoca a una conferencia de prensa para repudiar la intervenci\u00f3n del gobierno nacional y ratificar la convocatoria a los trabajadores para participar en la elecci\u00f3n del jueves 29 de mayo.<\/em><\/p>\n<p><a href=\"http:\/\/www.atecordoba.org\/wp-content\/uploads\/2014\/05\/urna-CTA.jpg\"><img loading=\"lazy\" decoding=\"async\" class=\"aligncenter size-full wp-image-4172\" alt=\"urna CTA\" src=\"http:\/\/www.atecordoba.org\/wp-content\/uploads\/2014\/05\/urna-CTA.jpg\" width=\"650\" height=\"340\" \/><\/a><\/p>\n<p>&nbsp;<\/p>\n<p>La intervenci\u00f3n del ministro Carlos Tomada en el proceso electoral, convocado en tiempo y en forma y ratificado en el \u00faltimo Congreso Nacional de la CTA realizado el 4 y 5 de abril en Mar del Plata, constituye una maniobra de corte pol\u00edtico-partidario tendiente a obstaculizar la libre determinaci\u00f3n de m\u00e1s de un mill\u00f3n de trabajadoras y trabajadores que est\u00e1n en condiciones de sufragar este jueves para ratificar las banderas fundacionales de la Central, basadas en la autonom\u00eda de los patrones, los gobiernos y los partidos y en la defensa irrestricta de la libertad y democracia sindical.<\/p>\n<p>La conferencia de prensa se llevar\u00e1 a cabo hoy martes 27 de mayo, a las 17 horas, en la sede de ATE, Paran\u00e1 140, y estar\u00e1n presentes nuestros candidatos a secretario General para la CTA C\u00f3rdoba, Guido Dreizik, y a secretario General para la CTA Capital, Francisco Pavan.<\/p>\n<p>&nbsp;<\/p>\n<p align=\"right\">Oscar Mengarelli<\/p>\n<p align=\"right\">Secretario General<\/p>\n<p align=\"right\">CTA C\u00f3rdoba<\/p>\n","protected":false},"excerpt":{"rendered":"<p>Ante la arbitraria y autoritaria resoluci\u00f3n del ministro de Trabajo Carlos Tomada, pretendiendo prohibir el derecho de los afiliados de la CTA a votar autoridades en todo el pa\u00eds, la conducci\u00f3n provincial de nuestra Central convoca a una conferencia de prensa para repudiar la intervenci\u00f3n del gobierno nacional y ratificar la convocatoria a los trabajadores [&hellip;]<\/p>\n","protected":false},"author":1,"featured_media":19220,"comment_status":"open","ping_status":"open","sticky":false,"template":"","format":"standard","meta":{"_exactmetrics_skip_tracking":false,"_exactmetrics_sitenote_active":false,"_exactmetrics_sitenote_note":"","_exactmetrics_sitenote_category":0,"jnews-multi-image_gallery":[],"jnews_single_post":[],"jnews_primary_category":[],"jnews_social_meta":[],"jnews_review":[],"enable_review":"","type":"","name":"","summary":"","brand":"","sku":"","good":[],"bad":[],"score_override":"","override_value":"","rating":[],"price":[],"jnews_override_counter":[],"jnews_post_split":[],"footnotes":""},"categories":[92],"tags":[],"class_list":["post-4171","post","type-post","status-publish","format-standard","has-post-thumbnail","hentry","category-cta"],"jetpack_featured_media_url":"https:\/\/atecordoba.org\/wp-content\/uploads\/2020\/05\/logo-nuevochico-e1561581322808.png","_links":{"self":[{"href":"https:\/\/atecordoba.org\/index.php?rest_route=\/wp\/v2\/posts\/4171","targetHints":{"allow":["GET"]}}],"collection":[{"href":"https:\/\/atecordoba.org\/index.php?rest_route=\/wp\/v2\/posts"}],"about":[{"href":"https:\/\/atecordoba.org\/index.php?rest_route=\/wp\/v2\/types\/post"}],"author":[{"embeddable":true,"href":"https:\/\/atecordoba.org\/index.php?rest_route=\/wp\/v2\/users\/1"}],"replies":[{"embeddable":true,"href":"https:\/\/atecordoba.org\/index.php?rest_route=%2Fwp%2Fv2%2Fcomments&post=4171"}],"version-history":[{"count":0,"href":"https:\/\/atecordoba.org\/index.php?rest_route=\/wp\/v2\/posts\/4171\/revisions"}],"wp:featuredmedia":[{"embeddable":true,"href":"https:\/\/atecordoba.org\/index.php?rest_route=\/wp\/v2\/media\/19220"}],"wp:attachment":[{"href":"https:\/\/atecordoba.org\/index.php?rest_route=%2Fwp%2Fv2%2Fmedia&parent=4171"}],"wp:term":[{"taxonomy":"category","embeddable":true,"href":"https:\/\/atecordoba.org\/index.php?rest_route=%2Fwp%2Fv2%2Fcategories&post=4171"},{"taxonomy":"post_tag","embeddable":true,"href":"https:\/\/atecordoba.org\/index.php?rest_route=%2Fwp%2Fv2%2Ftags&post=4171"}],"curies":[{"name":"wp","href":"https:\/\/api.w.org\/{rel}","templated":true}]}}