{"id":41694,"date":"2024-02-16T14:09:08","date_gmt":"2024-02-16T17:09:08","guid":{"rendered":"https:\/\/atecordoba.org\/?p=41694"},"modified":"2024-02-16T14:15:48","modified_gmt":"2024-02-16T17:15:48","slug":"encuentro-con-luis-juez-para-defender-las-empresas-estatales-de-cordoba","status":"publish","type":"post","link":"https:\/\/atecordoba.org\/?p=41694","title":{"rendered":"Encuentro con Luis Juez para defender las empresas estatales de Cordoba"},"content":{"rendered":"\n<p>Es en el marco de las reuniones que estamos llevando a cabo con los representantes pol\u00edticos de C\u00f3rdoba para generar acercamientos en defensa de nuestras empresas p\u00fablicas.<\/p>\n\n\n\n<figure class=\"wp-block-image size-large\"><img loading=\"lazy\" decoding=\"async\" width=\"1024\" height=\"576\" src=\"https:\/\/atecordoba.org\/wp-content\/uploads\/2024\/02\/WhatsApp-Image-2024-02-16-at-1.54.45-PM-1-2-1024x576.jpeg\" alt=\"\" class=\"wp-image-41703\" srcset=\"https:\/\/atecordoba.org\/wp-content\/uploads\/2024\/02\/WhatsApp-Image-2024-02-16-at-1.54.45-PM-1-2-1024x576.jpeg 1024w, https:\/\/atecordoba.org\/wp-content\/uploads\/2024\/02\/WhatsApp-Image-2024-02-16-at-1.54.45-PM-1-2-300x169.jpeg 300w, https:\/\/atecordoba.org\/wp-content\/uploads\/2024\/02\/WhatsApp-Image-2024-02-16-at-1.54.45-PM-1-2-768x432.jpeg 768w, https:\/\/atecordoba.org\/wp-content\/uploads\/2024\/02\/WhatsApp-Image-2024-02-16-at-1.54.45-PM-1-2-1536x864.jpeg 1536w, https:\/\/atecordoba.org\/wp-content\/uploads\/2024\/02\/WhatsApp-Image-2024-02-16-at-1.54.45-PM-1-2-750x422.jpeg 750w, https:\/\/atecordoba.org\/wp-content\/uploads\/2024\/02\/WhatsApp-Image-2024-02-16-at-1.54.45-PM-1-2-1140x641.jpeg 1140w, https:\/\/atecordoba.org\/wp-content\/uploads\/2024\/02\/WhatsApp-Image-2024-02-16-at-1.54.45-PM-1-2.jpeg 1600w\" sizes=\"auto, (max-width: 1024px) 100vw, 1024px\" \/><\/figure>\n\n\n\n<p>ATE estuvo representada por nuestro secretario general Federico Giuliani, nuestro secretario de Derechos Humanos Cesar Theaux y nuestro referente en la Comisi\u00f3n Nacional de actividades espaciales Emiliano Baume. <\/p>\n\n\n<div class=\"wp-block-image\">\n<figure class=\"alignleft size-large is-resized\"><img loading=\"lazy\" decoding=\"async\" src=\"https:\/\/atecordoba.org\/wp-content\/uploads\/2024\/02\/WhatsApp-Image-2024-02-16-at-1.54.45-PM-2-576x1024.jpeg\" alt=\"\" class=\"wp-image-41704\" width=\"144\" height=\"256\" srcset=\"https:\/\/atecordoba.org\/wp-content\/uploads\/2024\/02\/WhatsApp-Image-2024-02-16-at-1.54.45-PM-2-576x1024.jpeg 576w, https:\/\/atecordoba.org\/wp-content\/uploads\/2024\/02\/WhatsApp-Image-2024-02-16-at-1.54.45-PM-2-169x300.jpeg 169w, https:\/\/atecordoba.org\/wp-content\/uploads\/2024\/02\/WhatsApp-Image-2024-02-16-at-1.54.45-PM-2-768x1365.jpeg 768w, https:\/\/atecordoba.org\/wp-content\/uploads\/2024\/02\/WhatsApp-Image-2024-02-16-at-1.54.45-PM-2-864x1536.jpeg 864w, https:\/\/atecordoba.org\/wp-content\/uploads\/2024\/02\/WhatsApp-Image-2024-02-16-at-1.54.45-PM-2-750x1333.jpeg 750w, https:\/\/atecordoba.org\/wp-content\/uploads\/2024\/02\/WhatsApp-Image-2024-02-16-at-1.54.45-PM-2.jpeg 900w\" sizes=\"auto, (max-width: 144px) 100vw, 144px\" \/><\/figure>\n<\/div>\n\n\n<figure class=\"wp-block-pullquote\"><blockquote><p>&#8220;Nos reunimos con Luis Juez expresando nuestro rechazo absoluto al DNU de Milei y la posibilidad de que se privaticen las empresas p\u00fablicas que est\u00e1n en territorio cordob\u00e9s como CoNaE, Dioxitek, Radio Nacional, Fadea, las F\u00e1bricas Militares de Villa Mar\u00eda y R\u00edo Tercero y la Central Nuclear de Embalse&#8221; <\/p><cite>expres\u00f3 nuestro secretario general Federico Giuliani<\/cite><\/blockquote><\/figure>\n\n\n\n<p><\/p>\n\n\n\n<p>Por otro lado, el senador nacional Luis Juez luego de destacar que el presidente Javier Milei &#8220;est\u00e1 rompiendo todo&#8221; expres\u00f3 su apoyo a nuestra postura luego de afirmar: <\/p>\n\n\n<div class=\"wp-block-image\">\n<figure class=\"alignleft size-large is-resized\"><img loading=\"lazy\" decoding=\"async\" src=\"https:\/\/atecordoba.org\/wp-content\/uploads\/2024\/02\/WhatsApp-Image-2024-02-16-at-1.54.46-PM-576x1024.jpeg\" alt=\"\" class=\"wp-image-41705\" width=\"144\" height=\"256\" srcset=\"https:\/\/atecordoba.org\/wp-content\/uploads\/2024\/02\/WhatsApp-Image-2024-02-16-at-1.54.46-PM-576x1024.jpeg 576w, https:\/\/atecordoba.org\/wp-content\/uploads\/2024\/02\/WhatsApp-Image-2024-02-16-at-1.54.46-PM-169x300.jpeg 169w, https:\/\/atecordoba.org\/wp-content\/uploads\/2024\/02\/WhatsApp-Image-2024-02-16-at-1.54.46-PM-768x1365.jpeg 768w, https:\/\/atecordoba.org\/wp-content\/uploads\/2024\/02\/WhatsApp-Image-2024-02-16-at-1.54.46-PM-864x1536.jpeg 864w, https:\/\/atecordoba.org\/wp-content\/uploads\/2024\/02\/WhatsApp-Image-2024-02-16-at-1.54.46-PM-750x1333.jpeg 750w, https:\/\/atecordoba.org\/wp-content\/uploads\/2024\/02\/WhatsApp-Image-2024-02-16-at-1.54.46-PM.jpeg 900w\" sizes=\"auto, (max-width: 144px) 100vw, 144px\" \/><\/figure>\n<\/div>\n\n\n<figure class=\"wp-block-pullquote\"><blockquote><p>&#8220;Estoy dispuesto a acompa\u00f1ar la defensa de las empresas estatales en esta avanzada privatizadora del gobierno nacional,  voy a apoyar la pelea en todo lo que me sea posible&#8221;<\/p><cite>mencion\u00f3 el senador nacional Luis Juez<\/cite><\/blockquote><\/figure>\n\n\n\n<p><\/p>\n\n\n\n<p>Este es un esfuerzo m\u00e1s de articulaci\u00f3n pol\u00edtica por parte de nuestro sindicato ya que ATE C\u00f3rdoba contin\u00faa recogiendo apoyos pol\u00edticos e institucionales para rechazar el proceso de privatizaciones que pretende imponer el gobierno de Javier Milei luego de la baja de la &#8220;Ley \u00d3mnibus&#8221; en el congreso.<\/p>\n\n\n\n<p><\/p>\n","protected":false},"excerpt":{"rendered":"<p>Es en el marco de las reuniones que estamos llevando a cabo con los representantes pol\u00edticos de C\u00f3rdoba para generar acercamientos en defensa de nuestras empresas p\u00fablicas. ATE estuvo representada por nuestro secretario general Federico Giuliani, nuestro secretario de Derechos Humanos Cesar Theaux y nuestro referente en la Comisi\u00f3n Nacional de actividades espaciales Emiliano Baume. [&hellip;]<\/p>\n","protected":false},"author":3,"featured_media":41703,"comment_status":"open","ping_status":"open","sticky":false,"template":"","format":"standard","meta":{"_exactmetrics_skip_tracking":false,"_exactmetrics_sitenote_active":false,"_exactmetrics_sitenote_note":"","_exactmetrics_sitenote_category":0,"jnews-multi-image_gallery":[],"jnews_single_post":{"subtitle":"","format":"standard","video":"","gallery":"","source_name":"","source_url":"","via_name":"","via_url":"","override_template":"0","override":[{"template":"1","single_blog_custom":"","parallax":"1","fullscreen":"1","layout":"no-sidebar-narrow","sidebar":"default-sidebar","second_sidebar":"default-sidebar","sticky_sidebar":"1","share_position":"bottom","share_float_style":"share-monocrhome","show_share_counter":"1","show_view_counter":"1","show_featured":"0","show_post_meta":"1","show_post_author":"0","show_post_author_image":"1","show_post_date":"1","post_date_format":"default","post_date_format_custom":"Y\/m\/d","show_post_category":"1","show_post_reading_time":"0","post_reading_time_wpm":"300","show_zoom_button":"0","zoom_button_out_step":"2","zoom_button_in_step":"3","show_post_tag":"1","show_prev_next_post":"0","show_popup_post":"0","number_popup_post":"1","show_author_box":"0","show_post_related":"1","show_inline_post_related":"0"}],"override_image_size":"0","image_override":[{"single_post_thumbnail_size":"crop-500","single_post_gallery_size":"crop-500"}],"trending_post":"0","trending_post_position":"meta","trending_post_label":"Trending","sponsored_post":"0","sponsored_post_label":"Sponsored by","sponsored_post_name":"","sponsored_post_url":"","sponsored_post_logo_enable":"0","sponsored_post_logo":"","sponsored_post_desc":"","disable_ad":"0"},"jnews_primary_category":{"id":"","hide":""},"jnews_social_meta":{"fb_title":"","fb_description":"","fb_image":"","twitter_title":"","twitter_description":"","twitter_image":""},"jnews_review":[],"enable_review":"0","type":"percentage","name":"","summary":"","brand":"","sku":"","good":[{"good_text":""}],"bad":[{"bad_text":""}],"score_override":"","override_value":"","rating":[{"rating_text":"","rating_number":"10"}],"price":[{"shop":"","price":"","link":"","icon":""}],"jnews_override_counter":{"override_view_counter":"0","view_counter_number":"0","override_share_counter":"0","share_counter_number":"0","override_like_counter":"0","like_counter_number":"0","override_dislike_counter":"0","dislike_counter_number":"0"},"jnews_post_split":{"enable_post_split":"0","post_split":[{"template":"1","tag":"h2","numbering":"asc","mode":"normal","first":"0","enable_toc":"0","toc_type":"normal"}]},"footnotes":""},"categories":[10],"tags":[],"class_list":["post-41694","post","type-post","status-publish","format-standard","has-post-thumbnail","hentry","category-accion-politica"],"jetpack_featured_media_url":"https:\/\/atecordoba.org\/wp-content\/uploads\/2024\/02\/WhatsApp-Image-2024-02-16-at-1.54.45-PM-1-2.jpeg","_links":{"self":[{"href":"https:\/\/atecordoba.org\/index.php?rest_route=\/wp\/v2\/posts\/41694","targetHints":{"allow":["GET"]}}],"collection":[{"href":"https:\/\/atecordoba.org\/index.php?rest_route=\/wp\/v2\/posts"}],"about":[{"href":"https:\/\/atecordoba.org\/index.php?rest_route=\/wp\/v2\/types\/post"}],"author":[{"embeddable":true,"href":"https:\/\/atecordoba.org\/index.php?rest_route=\/wp\/v2\/users\/3"}],"replies":[{"embeddable":true,"href":"https:\/\/atecordoba.org\/index.php?rest_route=%2Fwp%2Fv2%2Fcomments&post=41694"}],"version-history":[{"count":2,"href":"https:\/\/atecordoba.org\/index.php?rest_route=\/wp\/v2\/posts\/41694\/revisions"}],"predecessor-version":[{"id":41708,"href":"https:\/\/atecordoba.org\/index.php?rest_route=\/wp\/v2\/posts\/41694\/revisions\/41708"}],"wp:featuredmedia":[{"embeddable":true,"href":"https:\/\/atecordoba.org\/index.php?rest_route=\/wp\/v2\/media\/41703"}],"wp:attachment":[{"href":"https:\/\/atecordoba.org\/index.php?rest_route=%2Fwp%2Fv2%2Fmedia&parent=41694"}],"wp:term":[{"taxonomy":"category","embeddable":true,"href":"https:\/\/atecordoba.org\/index.php?rest_route=%2Fwp%2Fv2%2Fcategories&post=41694"},{"taxonomy":"post_tag","embeddable":true,"href":"https:\/\/atecordoba.org\/index.php?rest_route=%2Fwp%2Fv2%2Ftags&post=41694"}],"curies":[{"name":"wp","href":"https:\/\/api.w.org\/{rel}","templated":true}]}}