{"id":41684,"date":"2024-02-16T11:45:07","date_gmt":"2024-02-16T14:45:07","guid":{"rendered":"https:\/\/atecordoba.org\/?p=41684"},"modified":"2024-02-16T13:27:18","modified_gmt":"2024-02-16T16:27:18","slug":"plenario-del-frente-de-sindicatos-estatales-definio-una-jornada-nacional-de-lucha-para-la-ultima-semana-de-febrero","status":"publish","type":"post","link":"https:\/\/atecordoba.org\/?p=41684","title":{"rendered":"Plenario del Frente de Sindicatos Estatales defini\u00f3 una Jornada Nacional de Lucha para la \u00faltima semana de febrero"},"content":{"rendered":"\n<p>El Frente de Sindicatos Estatales y de Gremios de Empresas del Estado de la Argentina, consensu\u00f3 la convocatoria a una Jornada Nacional de Lucha para la \u00faltima semana de febrero, en un plenario de m\u00e1s de cuatro horas en el anfiteatro Eva Per\u00f3n de ATE, colmado de delegados de organizaciones sindicales.<\/p>\n\n\n\n<figure class=\"wp-block-image size-large\"><img loading=\"lazy\" decoding=\"async\" width=\"1024\" height=\"768\" src=\"https:\/\/atecordoba.org\/wp-content\/uploads\/2024\/02\/GGarCmWaEAA2yfY-1-1024x768.jpg\" alt=\"\" class=\"wp-image-41685\" srcset=\"https:\/\/atecordoba.org\/wp-content\/uploads\/2024\/02\/GGarCmWaEAA2yfY-1-1024x768.jpg 1024w, https:\/\/atecordoba.org\/wp-content\/uploads\/2024\/02\/GGarCmWaEAA2yfY-1-300x225.jpg 300w, https:\/\/atecordoba.org\/wp-content\/uploads\/2024\/02\/GGarCmWaEAA2yfY-1-768x576.jpg 768w, https:\/\/atecordoba.org\/wp-content\/uploads\/2024\/02\/GGarCmWaEAA2yfY-1-750x563.jpg 750w, https:\/\/atecordoba.org\/wp-content\/uploads\/2024\/02\/GGarCmWaEAA2yfY-1.jpg 1040w\" sizes=\"auto, (max-width: 1024px) 100vw, 1024px\" \/><\/figure>\n\n\n\n<p>La potencia de la medida se prev\u00e9 hist\u00f3rica. Cada provincia y distrito definir\u00e1n la modalidad de protesta. Son m\u00e1s de 20 las organizaciones que integran del Frente que naci\u00f3 en enero y tuvo su bautismo de fuego la jornada del 15 de ese mes. El temario que involucr\u00f3 a las intervenciones gir\u00f3 alrededor de la estabilidad laboral en el Estado y en las empresas p\u00fablicas, la recuperaci\u00f3n del poder adquisitivo y el ajuste en las provincias que proyecta el Presidente Milei, entre otros puntos.<\/p>\n\n\n\n<p>\u201cFrente a un Presidente que dice que el Estado es una asociaci\u00f3n criminal, y trabajadores y jubilados que ya sienten el ajuste, el peor error que podr\u00edamos cometer los estatales es abandonar la calle\u201d, dijo Rodolfo Aguiar, Secretario General de ATE.\u201cSomos respetuosos de quienes opinan que hay que medir los tiempos y evaluar cu\u00e1ndo los afiliados van a sentir m\u00e1s o menos el ajuste, pero no lo compartimos. Tampoco creemos que nos corresponda a nosotros evaluar si el Gobierno tiene m\u00e1s o menos apoyo popular. Tenemos que profundizar nuestro plan de acci\u00f3n\u201d, agreg\u00f3.<\/p>\n\n\n\n<figure class=\"wp-block-image size-full is-resized\"><img loading=\"lazy\" decoding=\"async\" src=\"https:\/\/atecordoba.org\/wp-content\/uploads\/2024\/02\/010-5.jpg\" alt=\"\" class=\"wp-image-41686\" width=\"367\" height=\"244\" srcset=\"https:\/\/atecordoba.org\/wp-content\/uploads\/2024\/02\/010-5.jpg 1024w, https:\/\/atecordoba.org\/wp-content\/uploads\/2024\/02\/010-5-300x200.jpg 300w, https:\/\/atecordoba.org\/wp-content\/uploads\/2024\/02\/010-5-768x512.jpg 768w, https:\/\/atecordoba.org\/wp-content\/uploads\/2024\/02\/010-5-750x500.jpg 750w\" sizes=\"auto, (max-width: 367px) 100vw, 367px\" \/><\/figure>\n\n\n\n<figure class=\"wp-block-image size-full\"><img loading=\"lazy\" decoding=\"async\" width=\"1024\" height=\"683\" src=\"https:\/\/atecordoba.org\/wp-content\/uploads\/2024\/02\/008-7.jpg\" alt=\"\" class=\"wp-image-41687\" srcset=\"https:\/\/atecordoba.org\/wp-content\/uploads\/2024\/02\/008-7.jpg 1024w, https:\/\/atecordoba.org\/wp-content\/uploads\/2024\/02\/008-7-300x200.jpg 300w, https:\/\/atecordoba.org\/wp-content\/uploads\/2024\/02\/008-7-768x512.jpg 768w, https:\/\/atecordoba.org\/wp-content\/uploads\/2024\/02\/008-7-750x500.jpg 750w\" sizes=\"auto, (max-width: 1024px) 100vw, 1024px\" \/><\/figure>\n\n\n\n<p>\u201cEl Gobierno intenta licuar nuestro salario y esta nueva medida de fuerza nacional tiene que servir para exigir un inmediato aumento que supere la evoluci\u00f3n de los precios y la reincorporaci\u00f3n de todos los trabajadores despedidos y tambi\u00e9n para rechazar cualquier intento de privatizaci\u00f3n de las empresas estatales\u201d, manifest\u00f3 Aguiar.<\/p>\n\n\n\n<figure class=\"wp-block-image size-full\"><img loading=\"lazy\" decoding=\"async\" width=\"1024\" height=\"683\" src=\"https:\/\/atecordoba.org\/wp-content\/uploads\/2024\/02\/006-10.jpg\" alt=\"\" class=\"wp-image-41688\" srcset=\"https:\/\/atecordoba.org\/wp-content\/uploads\/2024\/02\/006-10.jpg 1024w, https:\/\/atecordoba.org\/wp-content\/uploads\/2024\/02\/006-10-300x200.jpg 300w, https:\/\/atecordoba.org\/wp-content\/uploads\/2024\/02\/006-10-768x512.jpg 768w, https:\/\/atecordoba.org\/wp-content\/uploads\/2024\/02\/006-10-750x500.jpg 750w\" sizes=\"auto, (max-width: 1024px) 100vw, 1024px\" \/><\/figure>\n\n\n\n<figure class=\"wp-block-image size-full\"><img loading=\"lazy\" decoding=\"async\" width=\"1024\" height=\"683\" src=\"https:\/\/atecordoba.org\/wp-content\/uploads\/2024\/02\/004-12.jpg\" alt=\"\" class=\"wp-image-41689\" srcset=\"https:\/\/atecordoba.org\/wp-content\/uploads\/2024\/02\/004-12.jpg 1024w, https:\/\/atecordoba.org\/wp-content\/uploads\/2024\/02\/004-12-300x200.jpg 300w, https:\/\/atecordoba.org\/wp-content\/uploads\/2024\/02\/004-12-768x512.jpg 768w, https:\/\/atecordoba.org\/wp-content\/uploads\/2024\/02\/004-12-750x500.jpg 750w\" sizes=\"auto, (max-width: 1024px) 100vw, 1024px\" \/><\/figure>\n\n\n\n<p>\u201cCon su idea de desfinanciar a las provincias, el Gobierno est\u00e1 destruyendo las condiciones de vida de millones de trabajadoras y trabajadores, jubiladas y jubilados en el interior del pa\u00eds. Tambi\u00e9n nos tenemos que manifestar contra este ajuste que llega a todos los rincones de la Argentina\u201d, se\u00f1al\u00f3 el dirigente de ATE.<\/p>\n\n\n\n<figure class=\"wp-block-image\"><img decoding=\"async\" src=\"https:\/\/i0.wp.com\/ate.org.ar\/wp-content\/uploads\/2024\/02\/005-10.jpg?resize=580%2C387&amp;ssl=1\" alt=\"\" class=\"wp-image-220288\"\/><\/figure>\n\n\n\n<p>Fue com\u00fan entre los sindicatos la visi\u00f3n de que el proyecto de Ley \u00d3mnibus fue herido de muerte en el Paro General del 24 de enero y que la destrucci\u00f3n del DNU amerita otro gran Paro Nacional.Por su parte, el Secretario General de la Federaci\u00f3n Judicial Argentina (FJA) y Secretario de Discapacidad de la CTA Aut\u00f3noma, Mat\u00edas Fachal, opin\u00f3: \u201cEs sumamente necesario que en esta etapa nos demos los debates y las discusiones entre compa\u00f1eros y compa\u00f1eras que tenemos que dar para ver c\u00f3mo, no solo desde un lugar de defensiva o resistencia, enfrentar y terminar de derrotar a este plan econ\u00f3mico y pol\u00edtico del Gobierno Nacional que viene por nuestros puestos de trabajo, por nuestro salario, por nuestras condiciones de vida, por las empresas p\u00fablicas. Es imprescindible que hoy ac\u00e1 discutamos c\u00f3mo continuamos este plan de lucha, este plan de acci\u00f3n que comenzamos el 15 de enero pasado para defender lo p\u00fablico, para defender al Estado, para defender las empresas p\u00fablicas, para defender lo que le pertenece a toda la sociedad. Aqu\u00ed hay representantes de organizaciones con distinto encuadre sindical, de la CTA Aut\u00f3noma, de la CTA de los Trabajadores y de la CGT, porque entendemos que hay que dejar de lado esos matices o esas peque\u00f1as discusiones que en otros tiempos pudimos haber tenido para priorizar la unidad para enfrentar a este Gobierno\u201d.<\/p>\n\n\n\n<p>A su turno, la compa\u00f1era Mar\u00eda Fernanda Boriotti, Presidenta de la Federaci\u00f3n Sindical de Profesionales de la Salud de la Rep\u00fablica Argentina (FESPROSA-CTAA), urgi\u00f3: \u201cTenemos la necesidad de unirnos, tenemos la necesidad de salir a la calle, tenemos la necesidad de estar movilizados, de estar siempre en puntas de pie para reaccionar, para saltar, para correr y estar en la calle que es nuestro lugar. Este contexto hace que si no nos movemos, si no nos decidimos a hacer un gran paro nacional y otro, y otro, y otro m\u00e1s, nos van a pasar por arriba. El tiempo es hoy, el tiempo es ayer. No podemos estar esperando distintas conversaciones, distintos momentos para acordar una medida cuando nos est\u00e1n cacheteando, cuando nos est\u00e1n trompeando. El momento es ahora, definamos una medida, definamos un Paro Nacional para la \u00faltima semana de febrero, que este plenario nos mandate para poder acordar, afinar el d\u00eda. Pero es necesario que salgamos de ac\u00e1 con la decisi\u00f3n de construir desde las bases este gran Paro Nacional\u201d.<\/p>\n\n\n\n<figure class=\"wp-block-image size-full\"><img loading=\"lazy\" decoding=\"async\" width=\"1024\" height=\"683\" src=\"https:\/\/atecordoba.org\/wp-content\/uploads\/2024\/02\/003-20-1.jpg\" alt=\"\" class=\"wp-image-41690\" srcset=\"https:\/\/atecordoba.org\/wp-content\/uploads\/2024\/02\/003-20-1.jpg 1024w, https:\/\/atecordoba.org\/wp-content\/uploads\/2024\/02\/003-20-1-300x200.jpg 300w, https:\/\/atecordoba.org\/wp-content\/uploads\/2024\/02\/003-20-1-768x512.jpg 768w, https:\/\/atecordoba.org\/wp-content\/uploads\/2024\/02\/003-20-1-750x500.jpg 750w\" sizes=\"auto, (max-width: 1024px) 100vw, 1024px\" \/><\/figure>\n\n\n\n<p>Tambi\u00e9n hizo uso de la palabra la compa\u00f1era Mercedes Cabezas, Secretaria Adjunta de ATE Nacional, que asegur\u00f3: \u201cLos gremios estatales estamos en pie de salir a la lucha y por eso debatimos hoy un plan de acci\u00f3n que nos permita plantarnos y decir que el Estado es la soluci\u00f3n, no es el problema. Desde este plenario tenemos que construir una jornada nacional de lucha con paros, con movilizaciones, con radios abiertas, con espacios de debate y de di\u00e1logo social que nos permitan avanzar en ponerle un freno a un Presidente que se cree que puede derogar las leyes que el pueblo ha debatido durante cientos de a\u00f1os de historia. Hemos tenido una peque\u00f1a batalla ganada, la ca\u00edda de la Ley \u00d3mnibus. Sin embargo, prendido de una peque\u00f1a cautelar que solamente ampara los derechos laborales todav\u00eda tenemos un DNU que tratar en ambas c\u00e1maras del Congreso. En este plenario tenemos que decirle al presidente que la gente no vot\u00f3 un monarca, que la gente vot\u00f3 independencia de poderes, que as\u00ed como vot\u00f3 un Presidente vot\u00f3 un Congreso y que es ese Congreso Nacional el que tiene que tratar el DNU y derogarlo definitivamente en pos de los derechos de los trabajadores y de las trabajadoras\u201d.<\/p>\n\n\n\n<figure class=\"wp-block-image size-full\"><img loading=\"lazy\" decoding=\"async\" width=\"1024\" height=\"683\" src=\"https:\/\/atecordoba.org\/wp-content\/uploads\/2024\/02\/002-24-1.jpg\" alt=\"\" class=\"wp-image-41691\" srcset=\"https:\/\/atecordoba.org\/wp-content\/uploads\/2024\/02\/002-24-1.jpg 1024w, https:\/\/atecordoba.org\/wp-content\/uploads\/2024\/02\/002-24-1-300x200.jpg 300w, https:\/\/atecordoba.org\/wp-content\/uploads\/2024\/02\/002-24-1-768x512.jpg 768w, https:\/\/atecordoba.org\/wp-content\/uploads\/2024\/02\/002-24-1-750x500.jpg 750w\" sizes=\"auto, (max-width: 1024px) 100vw, 1024px\" \/><\/figure>\n\n\n\n<p>Adem\u00e1s de la Asociaci\u00f3n Trabajadores del Estado (ATE-CTAA), participan la aFederaci\u00f3n Judicial Argentina (FJA); la Federaci\u00f3n Sindical de Profesionales de la Salud de la Rep\u00fablica Argentina (FESPROSA-CTAA); la Federaci\u00f3n Nacional de Docentes, Investigadores y Creadores Universitarios (CONADU Hist\u00f3rica-CTAA); la Federaci\u00f3n del Personal de Vialidad Nacional (FEPEVINA); la Federaci\u00f3n de Trabajadores de la Energ\u00eda de la Rep\u00fablica Argentina (FeTERA-CTAA); y la Federaci\u00f3n de Profesionales del GCBA.<\/p>\n\n\n\n<figure class=\"wp-block-image size-large\"><img loading=\"lazy\" decoding=\"async\" width=\"1024\" height=\"768\" src=\"https:\/\/atecordoba.org\/wp-content\/uploads\/2024\/02\/GGarCmWaEAA2yfY-1-1-1024x768.jpg\" alt=\"\" class=\"wp-image-41692\" srcset=\"https:\/\/atecordoba.org\/wp-content\/uploads\/2024\/02\/GGarCmWaEAA2yfY-1-1-1024x768.jpg 1024w, https:\/\/atecordoba.org\/wp-content\/uploads\/2024\/02\/GGarCmWaEAA2yfY-1-1-300x225.jpg 300w, https:\/\/atecordoba.org\/wp-content\/uploads\/2024\/02\/GGarCmWaEAA2yfY-1-1-768x576.jpg 768w, https:\/\/atecordoba.org\/wp-content\/uploads\/2024\/02\/GGarCmWaEAA2yfY-1-1-750x563.jpg 750w, https:\/\/atecordoba.org\/wp-content\/uploads\/2024\/02\/GGarCmWaEAA2yfY-1-1.jpg 1040w\" sizes=\"auto, (max-width: 1024px) 100vw, 1024px\" \/><\/figure>\n\n\n\n<p>Tambi\u00e9n figuran el Sindicato \u00danico de Trabajadores de Administraciones Portuarias (SUTAP-CTAA); el Sindicato Unido de Trabajadores y Empleados del PAMI (SUTEPA); la Asociaci\u00f3n Personal Jer\u00e1rquico de Bancos Oficiales (APJBO-CTAA); la Uni\u00f3n Personal Jer\u00e1rquico del Banco de la Provincia de Buenos Aires (UPJ); el Sindicato de Trabajadores de Entidades Bancarias y Financieras (SITEBA-CTAA); la Asociaci\u00f3n de Psic\u00f3logos del GCABA (APGCABA); la Asociaci\u00f3n Civil de Profesionales de Antropolog\u00eda, Comunicaci\u00f3n, Sociolog\u00eda y Afines (APACSA); la&nbsp; Asociaci\u00f3n de Profesionales de Servicio Social del GCABA (APSS); la Asociaci\u00f3n de Bioqu\u00edmicos de la CABA (ABC); la Asociaci\u00f3n Judicial Bonaerense (AJB-FJA); el Sindicato de Trabajadores Judiciales de R\u00edo Negro (SITRAJUR-FJA); la Asociaci\u00f3n de Empleados y Funcionarios del PJN (AEyFPJN); y la Asociaci\u00f3n del Personal del Instituto Nacional de Tecnolog\u00eda Agropecuaria (APINTA).<\/p>\n\n\n\n<p><strong>Fuente: https:\/\/ctaacordoba.org\/<\/strong><\/p>\n","protected":false},"excerpt":{"rendered":"<p>El Frente de Sindicatos Estatales y de Gremios de Empresas del Estado de la Argentina, consensu\u00f3 la convocatoria a una Jornada Nacional de Lucha para la \u00faltima semana de febrero, en un plenario de m\u00e1s de cuatro horas en el anfiteatro Eva Per\u00f3n de ATE, colmado de delegados de organizaciones sindicales. La potencia de la [&hellip;]<\/p>\n","protected":false},"author":3,"featured_media":41685,"comment_status":"open","ping_status":"open","sticky":false,"template":"","format":"standard","meta":{"_exactmetrics_skip_tracking":false,"_exactmetrics_sitenote_active":false,"_exactmetrics_sitenote_note":"","_exactmetrics_sitenote_category":0,"jnews-multi-image_gallery":[],"jnews_single_post":{"subtitle":"","format":"standard","video":"","gallery":"","source_name":"","source_url":"","via_name":"","via_url":"","override_template":"0","override":[{"template":"1","single_blog_custom":"","parallax":"1","fullscreen":"1","layout":"no-sidebar-narrow","sidebar":"default-sidebar","second_sidebar":"default-sidebar","sticky_sidebar":"1","share_position":"bottom","share_float_style":"share-monocrhome","show_share_counter":"1","show_view_counter":"1","show_featured":"0","show_post_meta":"1","show_post_author":"0","show_post_author_image":"1","show_post_date":"1","post_date_format":"default","post_date_format_custom":"Y\/m\/d","show_post_category":"1","show_post_reading_time":"0","post_reading_time_wpm":"300","show_zoom_button":"0","zoom_button_out_step":"2","zoom_button_in_step":"3","show_post_tag":"1","show_prev_next_post":"0","show_popup_post":"0","number_popup_post":"1","show_author_box":"0","show_post_related":"1","show_inline_post_related":"0"}],"override_image_size":"0","image_override":[{"single_post_thumbnail_size":"crop-500","single_post_gallery_size":"crop-500"}],"trending_post":"0","trending_post_position":"meta","trending_post_label":"Trending","sponsored_post":"0","sponsored_post_label":"Sponsored by","sponsored_post_name":"","sponsored_post_url":"","sponsored_post_logo_enable":"0","sponsored_post_logo":"","sponsored_post_desc":"","disable_ad":"0"},"jnews_primary_category":{"id":"","hide":""},"jnews_social_meta":{"fb_title":"","fb_description":"","fb_image":"","twitter_title":"","twitter_description":"","twitter_image":""},"jnews_review":[],"enable_review":"0","type":"percentage","name":"","summary":"","brand":"","sku":"","good":[{"good_text":""}],"bad":[{"bad_text":""}],"score_override":"","override_value":"","rating":[{"rating_text":"","rating_number":"10"}],"price":[{"shop":"","price":"","link":"","icon":""}],"jnews_override_counter":{"override_view_counter":"0","view_counter_number":"0","override_share_counter":"0","share_counter_number":"0","override_like_counter":"0","like_counter_number":"0","override_dislike_counter":"0","dislike_counter_number":"0"},"jnews_post_split":{"enable_post_split":"0","post_split":[{"template":"1","tag":"h2","numbering":"asc","mode":"normal","first":"0","enable_toc":"0","toc_type":"normal"}]},"footnotes":""},"categories":[10],"tags":[],"class_list":["post-41684","post","type-post","status-publish","format-standard","has-post-thumbnail","hentry","category-accion-politica"],"jetpack_featured_media_url":"https:\/\/atecordoba.org\/wp-content\/uploads\/2024\/02\/GGarCmWaEAA2yfY-1.jpg","_links":{"self":[{"href":"https:\/\/atecordoba.org\/index.php?rest_route=\/wp\/v2\/posts\/41684","targetHints":{"allow":["GET"]}}],"collection":[{"href":"https:\/\/atecordoba.org\/index.php?rest_route=\/wp\/v2\/posts"}],"about":[{"href":"https:\/\/atecordoba.org\/index.php?rest_route=\/wp\/v2\/types\/post"}],"author":[{"embeddable":true,"href":"https:\/\/atecordoba.org\/index.php?rest_route=\/wp\/v2\/users\/3"}],"replies":[{"embeddable":true,"href":"https:\/\/atecordoba.org\/index.php?rest_route=%2Fwp%2Fv2%2Fcomments&post=41684"}],"version-history":[{"count":2,"href":"https:\/\/atecordoba.org\/index.php?rest_route=\/wp\/v2\/posts\/41684\/revisions"}],"predecessor-version":[{"id":41697,"href":"https:\/\/atecordoba.org\/index.php?rest_route=\/wp\/v2\/posts\/41684\/revisions\/41697"}],"wp:featuredmedia":[{"embeddable":true,"href":"https:\/\/atecordoba.org\/index.php?rest_route=\/wp\/v2\/media\/41685"}],"wp:attachment":[{"href":"https:\/\/atecordoba.org\/index.php?rest_route=%2Fwp%2Fv2%2Fmedia&parent=41684"}],"wp:term":[{"taxonomy":"category","embeddable":true,"href":"https:\/\/atecordoba.org\/index.php?rest_route=%2Fwp%2Fv2%2Fcategories&post=41684"},{"taxonomy":"post_tag","embeddable":true,"href":"https:\/\/atecordoba.org\/index.php?rest_route=%2Fwp%2Fv2%2Ftags&post=41684"}],"curies":[{"name":"wp","href":"https:\/\/api.w.org\/{rel}","templated":true}]}}