{"id":41680,"date":"2024-02-16T11:13:31","date_gmt":"2024-02-16T14:13:31","guid":{"rendered":"https:\/\/atecordoba.org\/?p=41680"},"modified":"2024-02-16T13:25:30","modified_gmt":"2024-02-16T16:25:30","slug":"fabrica-militar-de-villa-maria-clave-en-la-vida-de-la-ciudad","status":"publish","type":"post","link":"https:\/\/atecordoba.org\/?p=41680","title":{"rendered":"F\u00e1brica Militar de Villa Mar\u00eda, clave en la vida de la ciudad"},"content":{"rendered":"\n<figure class=\"wp-block-image size-large\"><img loading=\"lazy\" decoding=\"async\" width=\"1024\" height=\"683\" src=\"https:\/\/atecordoba.org\/wp-content\/uploads\/2024\/02\/426515319_305890815809060_5484251440408996286_n-1024x683.jpg\" alt=\"\" class=\"wp-image-41682\" srcset=\"https:\/\/atecordoba.org\/wp-content\/uploads\/2024\/02\/426515319_305890815809060_5484251440408996286_n-1024x683.jpg 1024w, https:\/\/atecordoba.org\/wp-content\/uploads\/2024\/02\/426515319_305890815809060_5484251440408996286_n-300x200.jpg 300w, https:\/\/atecordoba.org\/wp-content\/uploads\/2024\/02\/426515319_305890815809060_5484251440408996286_n-768x512.jpg 768w, https:\/\/atecordoba.org\/wp-content\/uploads\/2024\/02\/426515319_305890815809060_5484251440408996286_n-750x500.jpg 750w, https:\/\/atecordoba.org\/wp-content\/uploads\/2024\/02\/426515319_305890815809060_5484251440408996286_n.jpg 1080w\" sizes=\"auto, (max-width: 1024px) 100vw, 1024px\" \/><\/figure>\n\n\n\n<p>La Junta Interna de ATE en la F\u00e1brica de P\u00f3lvora y Explosivos de Villa Mar\u00eda representada por Juan Fern\u00e1ndez, Secretario Adjunto, y Lucas Gorosito, Secretario Gremial, mantuvieron una audiencia con el Intendente, Eduardo Acastello y la legisladora Ver\u00f3nica Navarro.<\/p>\n\n\n\n<p>\u201cDialogamos sobre la preocupaci\u00f3n porque entendemos que la F\u00e1brica Militar est\u00e1 en peligro latente ante las intenciones del Gobierno Nacional de Javier Milei de privatizarla. Atento a esto el apoyo local y provincial de nuestros representantes en el Poder Legislativo y Ejecutivo son centrales para defender a este emblema del Departamento San Mart\u00edn\u201d, se\u00f1alaron Fern\u00e1ndez y Gorosito.<\/p>\n\n\n\n<p>Informaron, adem\u00e1s, sobre algunos de los puntos en los que avanzan con el Intendente Acastello y la Legisladora Navarro, que son los siguientes:<\/p>\n\n\n\n<p><img loading=\"lazy\" decoding=\"async\" src=\"https:\/\/static.xx.fbcdn.net\/images\/emoji.php\/v9\/tfc\/1\/16\/1f7e2.png\" alt=\"\" width=\"16\" height=\"16\">Reuni\u00f3n con el conjunto de la Legislatura para visitar FM, declararla Patrimonio Hist\u00f3rico y Cultural&nbsp; y su defensa.<\/p>\n\n\n\n<p><img loading=\"lazy\" decoding=\"async\" width=\"16\" height=\"16\" src=\"https:\/\/static.xx.fbcdn.net\/images\/emoji.php\/v9\/tef\/1\/16\/1f535.png\" alt=\"\">Creaci\u00f3n del Museo de la F\u00e1brica Militar Villa Mar\u00eda, acercando a la sociedad con algunas propuestas a trabajar en conjunto.<\/p>\n\n\n\n<p><strong>Fuente:<\/strong> https:\/\/ctaacordoba.org\/<\/p>\n\n\n\n<p><\/p>\n","protected":false},"excerpt":{"rendered":"<p>La Junta Interna de ATE en la F\u00e1brica de P\u00f3lvora y Explosivos de Villa Mar\u00eda representada por Juan Fern\u00e1ndez, Secretario Adjunto, y Lucas Gorosito, Secretario Gremial, mantuvieron una audiencia con el Intendente, Eduardo Acastello y la legisladora Ver\u00f3nica Navarro. \u201cDialogamos sobre la preocupaci\u00f3n porque entendemos que la F\u00e1brica Militar est\u00e1 en peligro latente ante las [&hellip;]<\/p>\n","protected":false},"author":3,"featured_media":41682,"comment_status":"open","ping_status":"open","sticky":false,"template":"","format":"standard","meta":{"_exactmetrics_skip_tracking":false,"_exactmetrics_sitenote_active":false,"_exactmetrics_sitenote_note":"","_exactmetrics_sitenote_category":0,"jnews-multi-image_gallery":[],"jnews_single_post":{"subtitle":"","format":"standard","video":"","gallery":"","source_name":"","source_url":"","via_name":"","via_url":"","override_template":"0","override":[{"template":"1","single_blog_custom":"","parallax":"1","fullscreen":"1","layout":"no-sidebar-narrow","sidebar":"default-sidebar","second_sidebar":"default-sidebar","sticky_sidebar":"1","share_position":"bottom","share_float_style":"share-monocrhome","show_share_counter":"1","show_view_counter":"1","show_featured":"0","show_post_meta":"1","show_post_author":"0","show_post_author_image":"1","show_post_date":"1","post_date_format":"default","post_date_format_custom":"Y\/m\/d","show_post_category":"1","show_post_reading_time":"0","post_reading_time_wpm":"300","show_zoom_button":"0","zoom_button_out_step":"2","zoom_button_in_step":"3","show_post_tag":"1","show_prev_next_post":"0","show_popup_post":"0","number_popup_post":"1","show_author_box":"0","show_post_related":"1","show_inline_post_related":"0"}],"override_image_size":"0","image_override":[{"single_post_thumbnail_size":"crop-500","single_post_gallery_size":"crop-500"}],"trending_post":"0","trending_post_position":"meta","trending_post_label":"Trending","sponsored_post":"0","sponsored_post_label":"Sponsored by","sponsored_post_name":"","sponsored_post_url":"","sponsored_post_logo_enable":"0","sponsored_post_logo":"","sponsored_post_desc":"","disable_ad":"0"},"jnews_primary_category":{"id":"","hide":""},"jnews_social_meta":{"fb_title":"","fb_description":"","fb_image":"","twitter_title":"","twitter_description":"","twitter_image":""},"jnews_review":[],"enable_review":"0","type":"percentage","name":"","summary":"","brand":"","sku":"","good":[{"good_text":""}],"bad":[{"bad_text":""}],"score_override":"","override_value":"","rating":[{"rating_text":"","rating_number":"10"}],"price":[{"shop":"","price":"","link":"","icon":""}],"jnews_override_counter":{"override_view_counter":"0","view_counter_number":"0","override_share_counter":"0","share_counter_number":"0","override_like_counter":"0","like_counter_number":"0","override_dislike_counter":"0","dislike_counter_number":"0"},"jnews_post_split":{"enable_post_split":"0","post_split":[{"template":"1","tag":"h2","numbering":"asc","mode":"normal","first":"0","enable_toc":"0","toc_type":"normal"}]},"footnotes":""},"categories":[10,17],"tags":[],"class_list":["post-41680","post","type-post","status-publish","format-standard","has-post-thumbnail","hentry","category-accion-politica","category-fabricaciones-militares"],"jetpack_featured_media_url":"https:\/\/atecordoba.org\/wp-content\/uploads\/2024\/02\/426515319_305890815809060_5484251440408996286_n.jpg","_links":{"self":[{"href":"https:\/\/atecordoba.org\/index.php?rest_route=\/wp\/v2\/posts\/41680","targetHints":{"allow":["GET"]}}],"collection":[{"href":"https:\/\/atecordoba.org\/index.php?rest_route=\/wp\/v2\/posts"}],"about":[{"href":"https:\/\/atecordoba.org\/index.php?rest_route=\/wp\/v2\/types\/post"}],"author":[{"embeddable":true,"href":"https:\/\/atecordoba.org\/index.php?rest_route=\/wp\/v2\/users\/3"}],"replies":[{"embeddable":true,"href":"https:\/\/atecordoba.org\/index.php?rest_route=%2Fwp%2Fv2%2Fcomments&post=41680"}],"version-history":[{"count":2,"href":"https:\/\/atecordoba.org\/index.php?rest_route=\/wp\/v2\/posts\/41680\/revisions"}],"predecessor-version":[{"id":41696,"href":"https:\/\/atecordoba.org\/index.php?rest_route=\/wp\/v2\/posts\/41680\/revisions\/41696"}],"wp:featuredmedia":[{"embeddable":true,"href":"https:\/\/atecordoba.org\/index.php?rest_route=\/wp\/v2\/media\/41682"}],"wp:attachment":[{"href":"https:\/\/atecordoba.org\/index.php?rest_route=%2Fwp%2Fv2%2Fmedia&parent=41680"}],"wp:term":[{"taxonomy":"category","embeddable":true,"href":"https:\/\/atecordoba.org\/index.php?rest_route=%2Fwp%2Fv2%2Fcategories&post=41680"},{"taxonomy":"post_tag","embeddable":true,"href":"https:\/\/atecordoba.org\/index.php?rest_route=%2Fwp%2Fv2%2Ftags&post=41680"}],"curies":[{"name":"wp","href":"https:\/\/api.w.org\/{rel}","templated":true}]}}