{"id":41670,"date":"2024-02-16T11:10:18","date_gmt":"2024-02-16T14:10:18","guid":{"rendered":"https:\/\/atecordoba.org\/?p=41670"},"modified":"2024-02-16T13:24:18","modified_gmt":"2024-02-16T16:24:18","slug":"giuliani-no-se-juega-con-el-hambre-de-nuestro-pueblo","status":"publish","type":"post","link":"https:\/\/atecordoba.org\/?p=41670","title":{"rendered":"Giuliani: \u201cNo se juega con el hambre de nuestro pueblo\u201d"},"content":{"rendered":"\n<p>La CTA Aut\u00f3noma C\u00f3rdoba junto a la Federaci\u00f3n Nacional Territorial (FeNaT-CTAA), encabezados por el Secretario General, Federico Giuliani, participaron ayer de la multitudinaria convocatoria en las calles de C\u00f3rdoba para denunciar que el hambre es un crimen y pedir trabajo y salarios dignos.<\/p>\n\n\n\n<figure class=\"wp-block-image size-full is-resized\"><img loading=\"lazy\" decoding=\"async\" src=\"https:\/\/atecordoba.org\/wp-content\/uploads\/2024\/02\/1-1-1024x506-1.jpg\" alt=\"\" class=\"wp-image-41671\" width=\"364\" height=\"178\"\/><\/figure>\n\n\n\n<p>La Central, junto a gremios combativos, movimientos sociales y organizaciones piqueteras, marcharon hasta la Secretar\u00eda de Trabajo de la Naci\u00f3n en la ciudad Capital para reclamar por un aumento en el Salario M\u00ednimo Vital y M\u00f3vil que garantice una vida digna.<\/p>\n\n\n\n<p>Al hacer uso de la palabra Giuliani destac\u00f3 y salud\u00f3 \u201cesta movilizaci\u00f3n que hemos construido entre los trabajadores ocupados y desocupados, entre los sindicatos y las organizaciones piqueteras. Para el poder nosotros somos los olvidados. Para Macri nosotros somos los orcos, pero para nosotros somos el pueblo que est\u00e1 de pie y no se va a arrodillar ante la pol\u00edtica de ajuste de Milei ni de ning\u00fan banquero que quiera venir a la Argentina\u201d.<\/p>\n\n\n\n<figure class=\"wp-block-image size-full is-resized\"><img loading=\"lazy\" decoding=\"async\" src=\"https:\/\/atecordoba.org\/wp-content\/uploads\/2024\/02\/3-2-768x576-1.jpg\" alt=\"\" class=\"wp-image-41672\" width=\"199\" height=\"149\" srcset=\"https:\/\/atecordoba.org\/wp-content\/uploads\/2024\/02\/3-2-768x576-1.jpg 768w, https:\/\/atecordoba.org\/wp-content\/uploads\/2024\/02\/3-2-768x576-1-300x225.jpg 300w, https:\/\/atecordoba.org\/wp-content\/uploads\/2024\/02\/3-2-768x576-1-750x563.jpg 750w\" sizes=\"auto, (max-width: 199px) 100vw, 199px\" \/><\/figure>\n\n\n\n<figure class=\"wp-block-image size-full is-resized\"><img loading=\"lazy\" decoding=\"async\" src=\"https:\/\/atecordoba.org\/wp-content\/uploads\/2024\/02\/2-1-768x576-1.jpg\" alt=\"\" class=\"wp-image-41673\" width=\"204\" height=\"153\" srcset=\"https:\/\/atecordoba.org\/wp-content\/uploads\/2024\/02\/2-1-768x576-1.jpg 768w, https:\/\/atecordoba.org\/wp-content\/uploads\/2024\/02\/2-1-768x576-1-300x225.jpg 300w, https:\/\/atecordoba.org\/wp-content\/uploads\/2024\/02\/2-1-768x576-1-750x563.jpg 750w\" sizes=\"auto, (max-width: 204px) 100vw, 204px\" \/><\/figure>\n\n\n\n<p>Destac\u00f3 que \u201choy estamos exigiendo que el Salario M\u00ednimo Vital y M\u00f3vil sea lo que dice nuestra Constituci\u00f3n Nacional porque es un derecho tener un Salario M\u00ednimo que garantice una vida digna para nuestro pueblo. Despu\u00e9s podemos discutir de n\u00fameros, de porcentajes y de cifras, pero si ese Salario M\u00ednimo Vital y M\u00f3vil -como hoy en d\u00eda- no sirve ni para raspar la olla, vamos a tener que seguir luchando para construir con dignidad una vida que nos permita que nuestros pibes se puedan proyectar tambi\u00e9n para el futuro\u201d.<\/p>\n\n\n\n<p>Y agreg\u00f3: \u201cS\u00f3lo por el gran Paro General del 24 de enero y la gran movilizaci\u00f3n popular de ese d\u00eda en toda la Argentina la Ley \u00d3minubs no se trat\u00f3 m\u00e1s en el Congreso. Despu\u00e9s pueden discutir si les faltaban m\u00e1s o menos&nbsp; votos, pero hay que decir la verdad: Si no era por la movilizaci\u00f3n del 24 de enero la Ley \u00d3mnibus sal\u00eda\u201d.<\/p>\n\n\n\n<figure class=\"wp-block-image size-full\"><img loading=\"lazy\" decoding=\"async\" width=\"768\" height=\"346\" src=\"https:\/\/atecordoba.org\/wp-content\/uploads\/2024\/02\/5-1-768x346-1.jpg\" alt=\"\" class=\"wp-image-41674\" srcset=\"https:\/\/atecordoba.org\/wp-content\/uploads\/2024\/02\/5-1-768x346-1.jpg 768w, https:\/\/atecordoba.org\/wp-content\/uploads\/2024\/02\/5-1-768x346-1-300x135.jpg 300w, https:\/\/atecordoba.org\/wp-content\/uploads\/2024\/02\/5-1-768x346-1-750x338.jpg 750w\" sizes=\"auto, (max-width: 768px) 100vw, 768px\" \/><\/figure>\n\n\n\n<figure class=\"wp-block-image size-full\"><img loading=\"lazy\" decoding=\"async\" width=\"768\" height=\"346\" src=\"https:\/\/atecordoba.org\/wp-content\/uploads\/2024\/02\/cuaterno-768x346-1.jpg\" alt=\"\" class=\"wp-image-41675\" srcset=\"https:\/\/atecordoba.org\/wp-content\/uploads\/2024\/02\/cuaterno-768x346-1.jpg 768w, https:\/\/atecordoba.org\/wp-content\/uploads\/2024\/02\/cuaterno-768x346-1-300x135.jpg 300w, https:\/\/atecordoba.org\/wp-content\/uploads\/2024\/02\/cuaterno-768x346-1-750x338.jpg 750w\" sizes=\"auto, (max-width: 768px) 100vw, 768px\" \/><\/figure>\n\n\n\n<p>\u201cPor lo cual la tarea sigue siendo encontrarse, debatir, accionar en unidad, en conjunto con los ocupados, los desocupados, las organizaciones ambientales, piqueteras, culturales que entiendan que solamente la salida es colectiva, no va a ser individual ni sectorial, la salida es colectiva y como pueblo\u201d, indic\u00f3.<\/p>\n\n\n\n<figure class=\"wp-block-image size-full\"><img loading=\"lazy\" decoding=\"async\" width=\"768\" height=\"346\" src=\"https:\/\/atecordoba.org\/wp-content\/uploads\/2024\/02\/6-768x346-1.jpg\" alt=\"\" class=\"wp-image-41676\" srcset=\"https:\/\/atecordoba.org\/wp-content\/uploads\/2024\/02\/6-768x346-1.jpg 768w, https:\/\/atecordoba.org\/wp-content\/uploads\/2024\/02\/6-768x346-1-300x135.jpg 300w, https:\/\/atecordoba.org\/wp-content\/uploads\/2024\/02\/6-768x346-1-750x338.jpg 750w\" sizes=\"auto, (max-width: 768px) 100vw, 768px\" \/><\/figure>\n\n\n\n<figure class=\"wp-block-image size-full\"><img loading=\"lazy\" decoding=\"async\" width=\"768\" height=\"346\" src=\"https:\/\/atecordoba.org\/wp-content\/uploads\/2024\/02\/7-768x346-1.jpg\" alt=\"\" class=\"wp-image-41677\" srcset=\"https:\/\/atecordoba.org\/wp-content\/uploads\/2024\/02\/7-768x346-1.jpg 768w, https:\/\/atecordoba.org\/wp-content\/uploads\/2024\/02\/7-768x346-1-300x135.jpg 300w, https:\/\/atecordoba.org\/wp-content\/uploads\/2024\/02\/7-768x346-1-750x338.jpg 750w\" sizes=\"auto, (max-width: 768px) 100vw, 768px\" \/><\/figure>\n\n\n\n<p>Giuliani remat\u00f3: \u201cPas\u00f3 el 24, el norte es la calle, se viene el 8 de marzo, el Movimiento Feminista va a explotar las calles de la Argentina, hay que preparar el 24 de marzo que es el D\u00eda de los Derechos Humanos para que tambi\u00e9n signifique mostrarle a este gobierno negacionista que hubo y hay 30 mil compa\u00f1eros y compa\u00f1eras que siguen presentes en nuestra memoria y son nuestra gu\u00eda para construir una sociedad justa, igualitaria para todas y todos\u201d.<\/p>\n\n\n\n<p><strong>Fuente: https:\/\/ctaacordoba.org\/<\/strong><\/p>\n","protected":false},"excerpt":{"rendered":"<p>La CTA Aut\u00f3noma C\u00f3rdoba junto a la Federaci\u00f3n Nacional Territorial (FeNaT-CTAA), encabezados por el Secretario General, Federico Giuliani, participaron ayer de la multitudinaria convocatoria en las calles de C\u00f3rdoba para denunciar que el hambre es un crimen y pedir trabajo y salarios dignos. La Central, junto a gremios combativos, movimientos sociales y organizaciones piqueteras, marcharon [&hellip;]<\/p>\n","protected":false},"author":3,"featured_media":41671,"comment_status":"open","ping_status":"open","sticky":false,"template":"","format":"standard","meta":{"_exactmetrics_skip_tracking":false,"_exactmetrics_sitenote_active":false,"_exactmetrics_sitenote_note":"","_exactmetrics_sitenote_category":0,"jnews-multi-image_gallery":[],"jnews_single_post":{"subtitle":"","format":"standard","video":"","gallery":"","source_name":"","source_url":"","via_name":"","via_url":"","override_template":"0","override":[{"template":"1","single_blog_custom":"","parallax":"1","fullscreen":"1","layout":"no-sidebar-narrow","sidebar":"default-sidebar","second_sidebar":"default-sidebar","sticky_sidebar":"1","share_position":"bottom","share_float_style":"share-monocrhome","show_share_counter":"1","show_view_counter":"1","show_featured":"0","show_post_meta":"1","show_post_author":"0","show_post_author_image":"1","show_post_date":"1","post_date_format":"default","post_date_format_custom":"Y\/m\/d","show_post_category":"1","show_post_reading_time":"0","post_reading_time_wpm":"300","show_zoom_button":"0","zoom_button_out_step":"2","zoom_button_in_step":"3","show_post_tag":"1","show_prev_next_post":"0","show_popup_post":"0","number_popup_post":"1","show_author_box":"0","show_post_related":"1","show_inline_post_related":"0"}],"override_image_size":"0","image_override":[{"single_post_thumbnail_size":"crop-500","single_post_gallery_size":"crop-500"}],"trending_post":"0","trending_post_position":"meta","trending_post_label":"Trending","sponsored_post":"0","sponsored_post_label":"Sponsored by","sponsored_post_name":"","sponsored_post_url":"","sponsored_post_logo_enable":"0","sponsored_post_logo":"","sponsored_post_desc":"","disable_ad":"0"},"jnews_primary_category":{"id":"","hide":""},"jnews_social_meta":{"fb_title":"","fb_description":"","fb_image":"","twitter_title":"","twitter_description":"","twitter_image":""},"jnews_review":[],"enable_review":"0","type":"percentage","name":"","summary":"","brand":"","sku":"","good":[{"good_text":""}],"bad":[{"bad_text":""}],"score_override":"","override_value":"","rating":[{"rating_text":"","rating_number":"10"}],"price":[{"shop":"","price":"","link":"","icon":""}],"jnews_override_counter":{"override_view_counter":"0","view_counter_number":"0","override_share_counter":"0","share_counter_number":"0","override_like_counter":"0","like_counter_number":"0","override_dislike_counter":"0","dislike_counter_number":"0"},"jnews_post_split":{"enable_post_split":"0","post_split":[{"template":"1","tag":"h2","numbering":"asc","mode":"normal","first":"0","enable_toc":"0","toc_type":"normal"}]},"footnotes":""},"categories":[10],"tags":[],"class_list":["post-41670","post","type-post","status-publish","format-standard","has-post-thumbnail","hentry","category-accion-politica"],"jetpack_featured_media_url":"https:\/\/atecordoba.org\/wp-content\/uploads\/2024\/02\/1-1-1024x506-1.jpg","_links":{"self":[{"href":"https:\/\/atecordoba.org\/index.php?rest_route=\/wp\/v2\/posts\/41670","targetHints":{"allow":["GET"]}}],"collection":[{"href":"https:\/\/atecordoba.org\/index.php?rest_route=\/wp\/v2\/posts"}],"about":[{"href":"https:\/\/atecordoba.org\/index.php?rest_route=\/wp\/v2\/types\/post"}],"author":[{"embeddable":true,"href":"https:\/\/atecordoba.org\/index.php?rest_route=\/wp\/v2\/users\/3"}],"replies":[{"embeddable":true,"href":"https:\/\/atecordoba.org\/index.php?rest_route=%2Fwp%2Fv2%2Fcomments&post=41670"}],"version-history":[{"count":3,"href":"https:\/\/atecordoba.org\/index.php?rest_route=\/wp\/v2\/posts\/41670\/revisions"}],"predecessor-version":[{"id":41695,"href":"https:\/\/atecordoba.org\/index.php?rest_route=\/wp\/v2\/posts\/41670\/revisions\/41695"}],"wp:featuredmedia":[{"embeddable":true,"href":"https:\/\/atecordoba.org\/index.php?rest_route=\/wp\/v2\/media\/41671"}],"wp:attachment":[{"href":"https:\/\/atecordoba.org\/index.php?rest_route=%2Fwp%2Fv2%2Fmedia&parent=41670"}],"wp:term":[{"taxonomy":"category","embeddable":true,"href":"https:\/\/atecordoba.org\/index.php?rest_route=%2Fwp%2Fv2%2Fcategories&post=41670"},{"taxonomy":"post_tag","embeddable":true,"href":"https:\/\/atecordoba.org\/index.php?rest_route=%2Fwp%2Fv2%2Ftags&post=41670"}],"curies":[{"name":"wp","href":"https:\/\/api.w.org\/{rel}","templated":true}]}}