{"id":4167,"date":"2014-05-22T20:00:06","date_gmt":"2014-05-22T23:00:06","guid":{"rendered":"http:\/\/www.atecordoba.org\/?p=4167"},"modified":"2020-08-10T11:03:20","modified_gmt":"2020-08-10T14:03:20","slug":"manana-continuan-las-asambleas-en-pami","status":"publish","type":"post","link":"https:\/\/atecordoba.org\/?p=4167","title":{"rendered":"Ma\u00f1ana contin\u00faan las asambleas en PAMI"},"content":{"rendered":"<p><em>Los trabajadores mantienen el plan de lucha para discutir en paritarias una recomposici\u00f3n salarial que supere la pauta de haberes que otorg\u00f3 el gobierno nacional. Adem\u00e1s reclaman mejoras en las condiciones salariales.<\/em><\/p>\n<p style=\"text-align: center;\"><a href=\"http:\/\/www.atecordoba.org\/wp-content\/uploads\/2014\/05\/PAMI.jpg\"><img loading=\"lazy\" decoding=\"async\" class=\"aligncenter  wp-image-4168\" alt=\"PAMI\" src=\"http:\/\/www.atecordoba.org\/wp-content\/uploads\/2014\/05\/PAMI.jpg\" width=\"567\" height=\"425\" \/><\/a><\/p>\n<p>La asamblea se desarrollar\u00e1 de 12 a 14 horas con la consiguiente paralizaci\u00f3n en la atenci\u00f3n de los beneficiarios. \u00a0Los trabajadores discutir\u00e1n las acciones a seguir en el marco de los reclamos del sector aumento salarial, dado el rechazo a la pauta otorgada por el gobierno nacional del 28%. A esto se suma el reclamo por la falta de personal que satura la atenci\u00f3n de los beneficiarios, sometiendo a los jubilados a largas esperas para ser atendidos al tiempo que sobrecarga el trabajo de los compa\u00f1eros de las diversas dependencias del organismo. Tambi\u00e9n se suma el reclamo por el impuesto a las ganancias.<\/p>\n<p>De esta forma, los trabajadores del PAMI contin\u00faan el plan de lucha que, por el momento, se expresar\u00e1 en el estado de asamblea permanente a la espera que las autoridades den respuesta concreta a los reclamos del sector.<\/p>\n<p>Esta medida se resolvi\u00f3 en la \u00faltima asamblea llevada a cabo ayer y se llevara a cabo tanto en la Unidad de Gesti\u00f3n Local (UGL) ubicada en av. General Paz 374, como \u00a0en las oficinas de atenci\u00f3n de los CPC de Ruta 20, barrio Panamericano y Villa Libertador, as\u00ed como en la UGL de Villa Mar\u00eda, R\u00edo Ceballos, Villa Carlos Paz y R\u00edo Cuarto.<\/p>\n","protected":false},"excerpt":{"rendered":"<p>Los trabajadores mantienen el plan de lucha para discutir en paritarias una recomposici\u00f3n salarial que supere la pauta de haberes que otorg\u00f3 el gobierno nacional. Adem\u00e1s reclaman mejoras en las condiciones salariales. La asamblea se desarrollar\u00e1 de 12 a 14 horas con la consiguiente paralizaci\u00f3n en la atenci\u00f3n de los beneficiarios. \u00a0Los trabajadores discutir\u00e1n las [&hellip;]<\/p>\n","protected":false},"author":1,"featured_media":19220,"comment_status":"open","ping_status":"open","sticky":false,"template":"","format":"standard","meta":{"_exactmetrics_skip_tracking":false,"_exactmetrics_sitenote_active":false,"_exactmetrics_sitenote_note":"","_exactmetrics_sitenote_category":0,"jnews-multi-image_gallery":[],"jnews_single_post":[],"jnews_primary_category":[],"jnews_social_meta":[],"jnews_review":[],"enable_review":"","type":"","name":"","summary":"","brand":"","sku":"","good":[],"bad":[],"score_override":"","override_value":"","rating":[],"price":[],"jnews_override_counter":[],"jnews_post_split":[],"footnotes":""},"categories":[18],"tags":[],"class_list":["post-4167","post","type-post","status-publish","format-standard","has-post-thumbnail","hentry","category-nacionales"],"jetpack_featured_media_url":"https:\/\/atecordoba.org\/wp-content\/uploads\/2020\/05\/logo-nuevochico-e1561581322808.png","_links":{"self":[{"href":"https:\/\/atecordoba.org\/index.php?rest_route=\/wp\/v2\/posts\/4167","targetHints":{"allow":["GET"]}}],"collection":[{"href":"https:\/\/atecordoba.org\/index.php?rest_route=\/wp\/v2\/posts"}],"about":[{"href":"https:\/\/atecordoba.org\/index.php?rest_route=\/wp\/v2\/types\/post"}],"author":[{"embeddable":true,"href":"https:\/\/atecordoba.org\/index.php?rest_route=\/wp\/v2\/users\/1"}],"replies":[{"embeddable":true,"href":"https:\/\/atecordoba.org\/index.php?rest_route=%2Fwp%2Fv2%2Fcomments&post=4167"}],"version-history":[{"count":1,"href":"https:\/\/atecordoba.org\/index.php?rest_route=\/wp\/v2\/posts\/4167\/revisions"}],"predecessor-version":[{"id":21151,"href":"https:\/\/atecordoba.org\/index.php?rest_route=\/wp\/v2\/posts\/4167\/revisions\/21151"}],"wp:featuredmedia":[{"embeddable":true,"href":"https:\/\/atecordoba.org\/index.php?rest_route=\/wp\/v2\/media\/19220"}],"wp:attachment":[{"href":"https:\/\/atecordoba.org\/index.php?rest_route=%2Fwp%2Fv2%2Fmedia&parent=4167"}],"wp:term":[{"taxonomy":"category","embeddable":true,"href":"https:\/\/atecordoba.org\/index.php?rest_route=%2Fwp%2Fv2%2Fcategories&post=4167"},{"taxonomy":"post_tag","embeddable":true,"href":"https:\/\/atecordoba.org\/index.php?rest_route=%2Fwp%2Fv2%2Ftags&post=4167"}],"curies":[{"name":"wp","href":"https:\/\/api.w.org\/{rel}","templated":true}]}}