{"id":41665,"date":"2024-02-15T13:19:26","date_gmt":"2024-02-15T16:19:26","guid":{"rendered":"https:\/\/atecordoba.org\/?p=41665"},"modified":"2024-02-15T13:19:27","modified_gmt":"2024-02-15T16:19:27","slug":"ate-alcanza-acuerdo-paritario-en-cura-brochero-10-al-basico-en-febrero","status":"publish","type":"post","link":"https:\/\/atecordoba.org\/?p=41665","title":{"rendered":"ATE alcanza acuerdo paritario en Cura Brochero: 10% al b\u00e1sico en febrero"},"content":{"rendered":"\n<p>&#8220;Asimismo queda establecido que atento al proceso inflacionario que vive nuestro pa\u00eds con la consecuente devaluaci\u00f3n monetaria, el porcentual de las actualizaciones ser\u00e1 mes a mes&#8221; menciona el acuerdo entre ATE y el municipio.<\/p>\n\n\n\n<figure class=\"wp-block-image size-large is-resized\"><img loading=\"lazy\" decoding=\"async\" src=\"https:\/\/atecordoba.org\/wp-content\/uploads\/2024\/02\/WhatsApp-Image-2024-02-15-at-12.19.53-PM-576x1024.jpeg\" alt=\"\" class=\"wp-image-41667\" width=\"288\" height=\"512\" srcset=\"https:\/\/atecordoba.org\/wp-content\/uploads\/2024\/02\/WhatsApp-Image-2024-02-15-at-12.19.53-PM-576x1024.jpeg 576w, https:\/\/atecordoba.org\/wp-content\/uploads\/2024\/02\/WhatsApp-Image-2024-02-15-at-12.19.53-PM-169x300.jpeg 169w, https:\/\/atecordoba.org\/wp-content\/uploads\/2024\/02\/WhatsApp-Image-2024-02-15-at-12.19.53-PM.jpeg 720w\" sizes=\"auto, (max-width: 288px) 100vw, 288px\" \/><\/figure>\n\n\n\n<p>En reuni\u00f3n realizada con el Intendente, Carlos Mar\u00eda Oviedo, la seccional de ATE Cura Brochero encabezada por los delegados Jos\u00e9 Ignacio Tapia y Gustavo Cohen, firmaron un acuerdo salarial del 10% para el mes de febrero. El mismo alcanza a todo el conjunto de las y los trabajadores independientemente de su condici\u00f3n laboral.<\/p>\n\n\n\n<p>Por \u00faltimo, qued\u00f3 prevista una nueva mesa de negociaciones para el d\u00eda 7 de Marzo  de 2024 a las 10:30hs d\u00f3nde se tratar\u00e1 el incremento de los rubros &#8220;Asistencia&#8221; y &#8220;Puntualidad&#8221; para el mes de Marzo 2024 quedando establecido el compromiso de acordar los salarios de manera mensual.<\/p>\n","protected":false},"excerpt":{"rendered":"<p>&#8220;Asimismo queda establecido que atento al proceso inflacionario que vive nuestro pa\u00eds con la consecuente devaluaci\u00f3n monetaria, el porcentual de las actualizaciones ser\u00e1 mes a mes&#8221; menciona el acuerdo entre ATE y el municipio. En reuni\u00f3n realizada con el Intendente, Carlos Mar\u00eda Oviedo, la seccional de ATE Cura Brochero encabezada por los delegados Jos\u00e9 Ignacio [&hellip;]<\/p>\n","protected":false},"author":3,"featured_media":41667,"comment_status":"open","ping_status":"open","sticky":false,"template":"","format":"standard","meta":{"_exactmetrics_skip_tracking":false,"_exactmetrics_sitenote_active":false,"_exactmetrics_sitenote_note":"","_exactmetrics_sitenote_category":0,"jnews-multi-image_gallery":[],"jnews_single_post":{"subtitle":"","format":"standard","video":"","gallery":"","source_name":"","source_url":"","via_name":"","via_url":"","override_template":"0","override":[{"template":"1","single_blog_custom":"","parallax":"1","fullscreen":"1","layout":"no-sidebar-narrow","sidebar":"default-sidebar","second_sidebar":"default-sidebar","sticky_sidebar":"1","share_position":"bottom","share_float_style":"share-monocrhome","show_share_counter":"1","show_view_counter":"1","show_featured":"0","show_post_meta":"1","show_post_author":"0","show_post_author_image":"1","show_post_date":"1","post_date_format":"default","post_date_format_custom":"Y\/m\/d","show_post_category":"1","show_post_reading_time":"0","post_reading_time_wpm":"300","show_zoom_button":"0","zoom_button_out_step":"2","zoom_button_in_step":"3","show_post_tag":"1","show_prev_next_post":"0","show_popup_post":"0","number_popup_post":"1","show_author_box":"0","show_post_related":"1","show_inline_post_related":"0"}],"override_image_size":"0","image_override":[{"single_post_thumbnail_size":"crop-500","single_post_gallery_size":"crop-500"}],"trending_post":"0","trending_post_position":"meta","trending_post_label":"Trending","sponsored_post":"0","sponsored_post_label":"Sponsored by","sponsored_post_name":"","sponsored_post_url":"","sponsored_post_logo_enable":"0","sponsored_post_logo":"","sponsored_post_desc":"","disable_ad":"0"},"jnews_primary_category":{"id":"","hide":""},"jnews_social_meta":{"fb_title":"","fb_description":"","fb_image":"","twitter_title":"","twitter_description":"","twitter_image":""},"jnews_review":[],"enable_review":"0","type":"percentage","name":"","summary":"","brand":"","sku":"","good":[{"good_text":""}],"bad":[{"bad_text":""}],"score_override":"","override_value":"","rating":[{"rating_text":"","rating_number":"10"}],"price":[{"shop":"","price":"","link":"","icon":""}],"jnews_override_counter":{"override_view_counter":"0","view_counter_number":"0","override_share_counter":"0","share_counter_number":"0","override_like_counter":"0","like_counter_number":"0","override_dislike_counter":"0","dislike_counter_number":"0"},"jnews_post_split":{"enable_post_split":"0","post_split":[{"template":"1","tag":"h2","numbering":"asc","mode":"normal","first":"0","enable_toc":"0","toc_type":"normal"}]},"footnotes":""},"categories":[20],"tags":[],"class_list":["post-41665","post","type-post","status-publish","format-standard","has-post-thumbnail","hentry","category-municipales"],"jetpack_featured_media_url":"https:\/\/atecordoba.org\/wp-content\/uploads\/2024\/02\/WhatsApp-Image-2024-02-15-at-12.19.53-PM.jpeg","_links":{"self":[{"href":"https:\/\/atecordoba.org\/index.php?rest_route=\/wp\/v2\/posts\/41665","targetHints":{"allow":["GET"]}}],"collection":[{"href":"https:\/\/atecordoba.org\/index.php?rest_route=\/wp\/v2\/posts"}],"about":[{"href":"https:\/\/atecordoba.org\/index.php?rest_route=\/wp\/v2\/types\/post"}],"author":[{"embeddable":true,"href":"https:\/\/atecordoba.org\/index.php?rest_route=\/wp\/v2\/users\/3"}],"replies":[{"embeddable":true,"href":"https:\/\/atecordoba.org\/index.php?rest_route=%2Fwp%2Fv2%2Fcomments&post=41665"}],"version-history":[{"count":1,"href":"https:\/\/atecordoba.org\/index.php?rest_route=\/wp\/v2\/posts\/41665\/revisions"}],"predecessor-version":[{"id":41668,"href":"https:\/\/atecordoba.org\/index.php?rest_route=\/wp\/v2\/posts\/41665\/revisions\/41668"}],"wp:featuredmedia":[{"embeddable":true,"href":"https:\/\/atecordoba.org\/index.php?rest_route=\/wp\/v2\/media\/41667"}],"wp:attachment":[{"href":"https:\/\/atecordoba.org\/index.php?rest_route=%2Fwp%2Fv2%2Fmedia&parent=41665"}],"wp:term":[{"taxonomy":"category","embeddable":true,"href":"https:\/\/atecordoba.org\/index.php?rest_route=%2Fwp%2Fv2%2Fcategories&post=41665"},{"taxonomy":"post_tag","embeddable":true,"href":"https:\/\/atecordoba.org\/index.php?rest_route=%2Fwp%2Fv2%2Ftags&post=41665"}],"curies":[{"name":"wp","href":"https:\/\/api.w.org\/{rel}","templated":true}]}}