{"id":41640,"date":"2024-02-14T15:36:14","date_gmt":"2024-02-14T18:36:14","guid":{"rendered":"https:\/\/atecordoba.org\/?p=41640"},"modified":"2024-02-14T15:37:14","modified_gmt":"2024-02-14T18:37:14","slug":"ate-alcanza-un-acuerdo-con-la-secretaria-general-de-la-gobernacion-y-nueve-afiliadas-os-reingresan-a-la-senaf","status":"publish","type":"post","link":"https:\/\/atecordoba.org\/?p=41640","title":{"rendered":"ATE alcanza un acuerdo con la Secretar\u00eda General de la Gobernaci\u00f3n y nueve afiliadas\/os reingresan a la SENAF"},"content":{"rendered":"<div class=\"wp-block-image\">\n<figure class=\"aligncenter size-large is-resized\"><img loading=\"lazy\" decoding=\"async\" src=\"https:\/\/atecordoba.org\/wp-content\/uploads\/2024\/02\/IMG_20240214_133557-1024x576.jpg\" alt=\"\" class=\"wp-image-41642\" width=\"768\" height=\"432\" srcset=\"https:\/\/atecordoba.org\/wp-content\/uploads\/2024\/02\/IMG_20240214_133557-1024x576.jpg 1024w, https:\/\/atecordoba.org\/wp-content\/uploads\/2024\/02\/IMG_20240214_133557-300x169.jpg 300w, https:\/\/atecordoba.org\/wp-content\/uploads\/2024\/02\/IMG_20240214_133557-768x432.jpg 768w, https:\/\/atecordoba.org\/wp-content\/uploads\/2024\/02\/IMG_20240214_133557-1536x864.jpg 1536w, https:\/\/atecordoba.org\/wp-content\/uploads\/2024\/02\/IMG_20240214_133557-2048x1153.jpg 2048w, https:\/\/atecordoba.org\/wp-content\/uploads\/2024\/02\/IMG_20240214_133557-750x422.jpg 750w, https:\/\/atecordoba.org\/wp-content\/uploads\/2024\/02\/IMG_20240214_133557-1140x642.jpg 1140w\" sizes=\"auto, (max-width: 768px) 100vw, 768px\" \/><\/figure>\n<\/div>\n\n\n<p>En una conferencia de prensa realizada este mediod\u00eda el secretario General de ATE C\u00f3rdoba, Federico Giuliani, anunci\u00f3 la reincorporaci\u00f3n de nueve trabajadoras y trabajadores de la Secretar\u00eda de Ni\u00f1ez, Adolescencia y Familia (SENAF) en el marco del plan de lucha para que las decenas de las y los despedidos del organismo recuperen sus puestos de trabajo. <\/p>\n\n\n<div class=\"wp-block-image\">\n<figure class=\"alignright size-large is-resized\"><img loading=\"lazy\" decoding=\"async\" src=\"https:\/\/atecordoba.org\/wp-content\/uploads\/2024\/02\/IMG_20240214_133530-576x1024.jpg\" alt=\"\" class=\"wp-image-41643\" width=\"288\" height=\"512\" srcset=\"https:\/\/atecordoba.org\/wp-content\/uploads\/2024\/02\/IMG_20240214_133530-576x1024.jpg 576w, https:\/\/atecordoba.org\/wp-content\/uploads\/2024\/02\/IMG_20240214_133530-169x300.jpg 169w, https:\/\/atecordoba.org\/wp-content\/uploads\/2024\/02\/IMG_20240214_133530-768x1365.jpg 768w, https:\/\/atecordoba.org\/wp-content\/uploads\/2024\/02\/IMG_20240214_133530-864x1536.jpg 864w, https:\/\/atecordoba.org\/wp-content\/uploads\/2024\/02\/IMG_20240214_133530-1153x2048.jpg 1153w, https:\/\/atecordoba.org\/wp-content\/uploads\/2024\/02\/IMG_20240214_133530-750x1333.jpg 750w, https:\/\/atecordoba.org\/wp-content\/uploads\/2024\/02\/IMG_20240214_133530-1140x2026.jpg 1140w, https:\/\/atecordoba.org\/wp-content\/uploads\/2024\/02\/IMG_20240214_133530-scaled.jpg 1441w\" sizes=\"auto, (max-width: 288px) 100vw, 288px\" \/><\/figure>\n<\/div>\n\n\n<p>&#8220;Resaltamos la importancia de recuperar fuentes laborales y que el 90% de los despidos fueron mujeres&#8221;, destac\u00f3 Giuliani ante la prensa en la sede de nuestro gremio. <\/p>\n\n\n\n<p>Y detall\u00f3 que &#8220;esto es resultado de la lucha de ATE todo este tiempo, que incluy\u00f3 un paro activo, una movilizaci\u00f3n a Desarrollo Humano y una participaci\u00f3n muy importante en el paro general del 24 de enero&#8221;.<\/p>\n\n\n\n<p>El dirigente explic\u00f3 que &#8220;a trav\u00e9s de la Secretaria General de la gobernaci\u00f3n, gracias a la intervenci\u00f3n de David Consalvi, mantuvimos varias reuniones y logramos reincorporar nueve trabajadoras, de las 13 afiliadas de ATE que sufrieron los despidos. Seguiremos peleando por el resto&#8221;.<\/p>\n\n\n\n<p>Cabe se\u00f1alar que con la reincorporaci\u00f3n ATE logr\u00f3 tambi\u00e9n un importante aumento salarial que casi duplica el haber de diciembre.<\/p>\n\n\n\n<p><strong>Crisis estructural<\/strong><\/p>\n\n\n\n<p>Giuliani explic\u00f3 a la prensa que &#8220;venimos denunciando la crisis estructural del organismo, la gravedad que eso significa en la tarea indispensable que las y los compa\u00f1eros cumplen en el territorio, en cuanto a la protecci\u00f3n de los derechos de las infancias, ni\u00f1eces y juventudes&#8221;.<\/p>\n\n\n\n<p>&#8220;Este paso nos permite tener nueve compa\u00f1eras y compa\u00f1eros nuevamente recuperando sus puestos de trabajo. En ese marco, seguimos organizando el sector para que las pol\u00edticas del gobierno de C\u00f3rdoba signifiquen alg\u00fan d\u00eda y de verdad que repercutan en el bienestar de estas ni\u00f1eces. Para ello las y los trabajadores deben cobrar salarios dignos, estabilidad laboral y buenas condiciones de trabajo&#8221;, concluy\u00f3.<\/p>\n\n\n\n<p><strong>Personal capacitado<\/strong><\/p>\n\n\n\n<p>Durante la conferencia de prensa, Y\u00e9sica Rojas, una de las trabajadoras reincorporadas, explic\u00f3 que &#8220;somos personal capacitado que atendemos poblaciones m\u00e1s vulnerabilizadas, tratando garantizar derechos a ni\u00f1os, ni\u00f1as y adolescentes que est\u00e1n en situaci\u00f3n de vulnerabilidad social&#8221;. <\/p>\n\n\n\n<p>Y afirm\u00f3 que &#8220;vamos a seguir peleando con la alegr\u00eda que logramos la estabilidad laboral un tiempo m\u00e1s, pero seguiremos luchando para todos los que quedaron en el camino&#8221;.<\/p>\n\n\n<div class=\"wp-block-image\">\n<figure class=\"aligncenter size-large is-resized\"><img loading=\"lazy\" decoding=\"async\" src=\"https:\/\/atecordoba.org\/wp-content\/uploads\/2024\/02\/IMG_20240214_133621-1024x576.jpg\" alt=\"\" class=\"wp-image-41644\" width=\"768\" height=\"432\" srcset=\"https:\/\/atecordoba.org\/wp-content\/uploads\/2024\/02\/IMG_20240214_133621-1024x576.jpg 1024w, https:\/\/atecordoba.org\/wp-content\/uploads\/2024\/02\/IMG_20240214_133621-300x169.jpg 300w, https:\/\/atecordoba.org\/wp-content\/uploads\/2024\/02\/IMG_20240214_133621-768x432.jpg 768w, https:\/\/atecordoba.org\/wp-content\/uploads\/2024\/02\/IMG_20240214_133621-1536x864.jpg 1536w, https:\/\/atecordoba.org\/wp-content\/uploads\/2024\/02\/IMG_20240214_133621-2048x1153.jpg 2048w, https:\/\/atecordoba.org\/wp-content\/uploads\/2024\/02\/IMG_20240214_133621-750x422.jpg 750w, https:\/\/atecordoba.org\/wp-content\/uploads\/2024\/02\/IMG_20240214_133621-1140x642.jpg 1140w\" sizes=\"auto, (max-width: 768px) 100vw, 768px\" \/><\/figure>\n<\/div>\n\n\n<p>Rojas destac\u00f3 el rol de ATE en la recuperaci\u00f3n de los puestos de trabajo y la organizaci\u00f3n gremial del sector, atento que &#8220;la SENAF tiene un ambiente laboral bastante hostil. Es un organismo donde se manejan de manera bastante arbitraria y discrecional&#8221;. Todas estamos con la vocaci\u00f3n de que esto es lo que <\/p>\n","protected":false},"excerpt":{"rendered":"<p>En una conferencia de prensa realizada este mediod\u00eda el secretario General de ATE C\u00f3rdoba, Federico Giuliani, anunci\u00f3 la reincorporaci\u00f3n de nueve trabajadoras y trabajadores de la Secretar\u00eda de Ni\u00f1ez, Adolescencia y Familia (SENAF) en el marco del plan de lucha para que las decenas de las y los despedidos del organismo recuperen sus puestos de [&hellip;]<\/p>\n","protected":false},"author":7,"featured_media":41641,"comment_status":"open","ping_status":"open","sticky":false,"template":"","format":"standard","meta":{"_exactmetrics_skip_tracking":false,"_exactmetrics_sitenote_active":false,"_exactmetrics_sitenote_note":"","_exactmetrics_sitenote_category":0,"jnews-multi-image_gallery":[],"jnews_single_post":{"subtitle":"Con la reincorporaci\u00f3n ATE logr\u00f3 tambi\u00e9n un importante aumento salarial que casi duplica el haber de diciembre.","format":"standard","video":"","gallery":"","source_name":"","source_url":"","via_name":"","via_url":"","override_template":"0","override":[{"template":"1","single_blog_custom":"","parallax":"1","fullscreen":"1","layout":"no-sidebar-narrow","sidebar":"default-sidebar","second_sidebar":"default-sidebar","sticky_sidebar":"1","share_position":"bottom","share_float_style":"share-monocrhome","show_share_counter":"1","show_view_counter":"1","show_featured":"0","show_post_meta":"1","show_post_author":"0","show_post_author_image":"1","show_post_date":"1","post_date_format":"default","post_date_format_custom":"Y\/m\/d","show_post_category":"1","show_post_reading_time":"0","post_reading_time_wpm":"300","show_zoom_button":"0","zoom_button_out_step":"2","zoom_button_in_step":"3","show_post_tag":"1","show_prev_next_post":"0","show_popup_post":"0","number_popup_post":"1","show_author_box":"0","show_post_related":"1","show_inline_post_related":"0"}],"override_image_size":"0","image_override":[{"single_post_thumbnail_size":"crop-500","single_post_gallery_size":"crop-500"}],"trending_post":"0","trending_post_position":"meta","trending_post_label":"Trending","sponsored_post":"0","sponsored_post_label":"Sponsored by","sponsored_post_name":"","sponsored_post_url":"","sponsored_post_logo_enable":"0","sponsored_post_logo":"","sponsored_post_desc":"","disable_ad":"0"},"jnews_primary_category":{"id":"","hide":""},"jnews_social_meta":{"fb_title":"","fb_description":"","fb_image":"","twitter_title":"","twitter_description":"","twitter_image":""},"jnews_review":[],"enable_review":"0","type":"percentage","name":"","summary":"","brand":"","sku":"","good":[{"good_text":""}],"bad":[{"bad_text":""}],"score_override":"","override_value":"","rating":[{"rating_text":"","rating_number":"10"}],"price":[{"shop":"","price":"","link":"","icon":""}],"jnews_override_counter":{"override_view_counter":"0","view_counter_number":"0","override_share_counter":"0","share_counter_number":"0","override_like_counter":"0","like_counter_number":"0","override_dislike_counter":"0","dislike_counter_number":"0"},"jnews_post_split":{"enable_post_split":"0","post_split":[{"template":"1","tag":"h2","numbering":"asc","mode":"normal","first":"0","enable_toc":"0","toc_type":"normal"}]},"footnotes":""},"categories":[8],"tags":[],"class_list":["post-41640","post","type-post","status-publish","format-standard","has-post-thumbnail","hentry","category-provinciales"],"jetpack_featured_media_url":"https:\/\/atecordoba.org\/wp-content\/uploads\/2024\/02\/IMG_20240214_133558-scaled-e1707935768146.jpg","_links":{"self":[{"href":"https:\/\/atecordoba.org\/index.php?rest_route=\/wp\/v2\/posts\/41640","targetHints":{"allow":["GET"]}}],"collection":[{"href":"https:\/\/atecordoba.org\/index.php?rest_route=\/wp\/v2\/posts"}],"about":[{"href":"https:\/\/atecordoba.org\/index.php?rest_route=\/wp\/v2\/types\/post"}],"author":[{"embeddable":true,"href":"https:\/\/atecordoba.org\/index.php?rest_route=\/wp\/v2\/users\/7"}],"replies":[{"embeddable":true,"href":"https:\/\/atecordoba.org\/index.php?rest_route=%2Fwp%2Fv2%2Fcomments&post=41640"}],"version-history":[{"count":2,"href":"https:\/\/atecordoba.org\/index.php?rest_route=\/wp\/v2\/posts\/41640\/revisions"}],"predecessor-version":[{"id":41646,"href":"https:\/\/atecordoba.org\/index.php?rest_route=\/wp\/v2\/posts\/41640\/revisions\/41646"}],"wp:featuredmedia":[{"embeddable":true,"href":"https:\/\/atecordoba.org\/index.php?rest_route=\/wp\/v2\/media\/41641"}],"wp:attachment":[{"href":"https:\/\/atecordoba.org\/index.php?rest_route=%2Fwp%2Fv2%2Fmedia&parent=41640"}],"wp:term":[{"taxonomy":"category","embeddable":true,"href":"https:\/\/atecordoba.org\/index.php?rest_route=%2Fwp%2Fv2%2Fcategories&post=41640"},{"taxonomy":"post_tag","embeddable":true,"href":"https:\/\/atecordoba.org\/index.php?rest_route=%2Fwp%2Fv2%2Ftags&post=41640"}],"curies":[{"name":"wp","href":"https:\/\/api.w.org\/{rel}","templated":true}]}}