{"id":41625,"date":"2024-02-14T10:17:21","date_gmt":"2024-02-14T13:17:21","guid":{"rendered":"https:\/\/atecordoba.org\/?p=41625"},"modified":"2024-02-14T10:18:36","modified_gmt":"2024-02-14T13:18:36","slug":"giuliani-es-tiempo-de-construir-una-nacion-federal","status":"publish","type":"post","link":"https:\/\/atecordoba.org\/?p=41625","title":{"rendered":"Giuliani: &#8220;Es tiempo de construir una Naci\u00f3n federal&#8221;"},"content":{"rendered":"\n<p>Como Secretario Gral de ATE y CTAA pcia de C\u00f3rdoba, vemos la urgente necesidad de construir federalismo nacional en serio.<\/p>\n\n\n<div class=\"wp-block-image\">\n<figure class=\"alignright size-large is-resized\"><img loading=\"lazy\" decoding=\"async\" src=\"https:\/\/atecordoba.org\/wp-content\/uploads\/2024\/02\/WhatsApp-Image-2024-02-13-at-17.56.57-1024x682.jpeg\" alt=\"\" class=\"wp-image-41626\" width=\"512\" height=\"341\" \/><\/figure>\n<\/div>\n\n\n<p>Las pol\u00edticas de ajuste del gobierno nacional de Javier Milei, afectan la vida de las y los cordobeses y de millones de argentinas y argentinos que a diario trabajan para sobrevivir en un pa\u00eds en el que en dos meses la inflaci\u00f3n a superado los valores de los \u00faltimos 30 a\u00f1os.<\/p>\n\n\n\n<p>En este sentido, repudiamos las pol\u00edticas netamente unitarias y de ajuste de Milei contra las provincias unidas del sur, la quita de los subsidios al transporte, del Fondo de Incentivo Docente, el abandono total del gobierno nacional a comedores populares, el desmantelamiento del programa de entrega de medicamentos oncol\u00f3gicos a quienes menos tienen, la baja de Potenciar trabajo. <\/p>\n\n\n\n<p>Todo lo anterior nos llevan a exigir el cese de gobernar con l\u00e1tigo en mano, castigando la postura de rechazo de las y los diputados a la Ley \u00d3mnibus, normativa que s\u00f3lo buscaba que reine el centralismo porte\u00f1o en desmedro de lo que pasa en C\u00f3rdoba, municipios y comunas.<\/p>\n\n\n\n<p>El presidente Milei no ha le\u00eddo la Constituci\u00f3n Nacional en la que nos definimos como Rep\u00fablica representativa y federal, y que eso no implica que desde la Ciudad Aut\u00f3noma de Buenos Aires se decidan las pol\u00edticas para todo el pa\u00eds sino que tienen que ser consensuadas con los gobiernos Provinciales. <\/p>\n\n\n\n<p>Adem\u00e1s, la Constituci\u00f3n entiende a la Naci\u00f3n como una construcci\u00f3n desde las provincias, que eran las entidades pol\u00edticas pre existentes, cosa que no cumplen las pol\u00edticas llevadas adelante luego del fracaso de la Ley \u00f3mnibus, rompiendo el federalismo, la independencia y pre existencia previa de las provincias, y toda institucionalidad cuando amenaza con gobernar v\u00eda DNU.<\/p>\n\n\n\n<p class=\"has-text-align-left\">Ante esto nos declaramos en alerta en defensa del trabajo, de las y los trabajadores, en defensa de las empresas p\u00fablicas; rechazamos el ajuste y la desregulaci\u00f3n que causa que sea imposible vivir dignamente con tarifas de servicios y transporte impagables, llevando a millones de argentinas y argentinos a la pobreza e indigencia.<\/p>\n\n\n\n<p class=\"has-text-align-center\">Federico Giuliani<\/p>\n\n\n\n<p class=\"has-text-align-center\">Secretario General <\/p>\n\n\n\n<p class=\"has-text-align-center\">ATE C\u00f3rdoba y CTAA C\u00f3rdoba<\/p>\n\n\n\n<p><\/p>\n","protected":false},"excerpt":{"rendered":"<p>Como Secretario Gral de ATE y CTAA pcia de C\u00f3rdoba, vemos la urgente necesidad de construir federalismo nacional en serio. Las pol\u00edticas de ajuste del gobierno nacional de Javier Milei, afectan la vida de las y los cordobeses y de millones de argentinas y argentinos que a diario trabajan para sobrevivir en un pa\u00eds en [&hellip;]<\/p>\n","protected":false},"author":7,"featured_media":41626,"comment_status":"open","ping_status":"open","sticky":false,"template":"","format":"standard","meta":{"_exactmetrics_skip_tracking":false,"_exactmetrics_sitenote_active":false,"_exactmetrics_sitenote_note":"","_exactmetrics_sitenote_category":0,"jnews-multi-image_gallery":[],"jnews_single_post":{"subtitle":"\"El presidente Milei no ha le\u00eddo la Constituci\u00f3n Nacional en la que nos definimos como Rep\u00fablica representativa y federal, y que eso no implica que desde la Ciudad Aut\u00f3noma de Buenos Aires se decidan las pol\u00edticas para todo el pa\u00eds sino que tienen que ser consensuadas con los gobiernos Provinciales\", afirma el secretario General de ATE C\u00f3rdoba, Federico Giuliani.","format":"standard","video":"","gallery":"","source_name":"","source_url":"","via_name":"","via_url":"","override_template":"0","override":[{"template":"1","single_blog_custom":"","parallax":"1","fullscreen":"1","layout":"no-sidebar-narrow","sidebar":"default-sidebar","second_sidebar":"default-sidebar","sticky_sidebar":"1","share_position":"bottom","share_float_style":"share-monocrhome","show_share_counter":"1","show_view_counter":"1","show_featured":"0","show_post_meta":"1","show_post_author":"0","show_post_author_image":"1","show_post_date":"1","post_date_format":"default","post_date_format_custom":"Y\/m\/d","show_post_category":"1","show_post_reading_time":"0","post_reading_time_wpm":"300","show_zoom_button":"0","zoom_button_out_step":"2","zoom_button_in_step":"3","show_post_tag":"1","show_prev_next_post":"0","show_popup_post":"0","number_popup_post":"1","show_author_box":"0","show_post_related":"1","show_inline_post_related":"0"}],"override_image_size":"0","image_override":[{"single_post_thumbnail_size":"crop-500","single_post_gallery_size":"crop-500"}],"trending_post":"0","trending_post_position":"meta","trending_post_label":"Trending","sponsored_post":"0","sponsored_post_label":"Sponsored by","sponsored_post_name":"","sponsored_post_url":"","sponsored_post_logo_enable":"0","sponsored_post_logo":"","sponsored_post_desc":"","disable_ad":"0"},"jnews_primary_category":{"id":"","hide":""},"jnews_social_meta":{"fb_title":"","fb_description":"","fb_image":"","twitter_title":"","twitter_description":"","twitter_image":""},"jnews_review":[],"enable_review":"0","type":"percentage","name":"","summary":"","brand":"","sku":"","good":[{"good_text":""}],"bad":[{"bad_text":""}],"score_override":"","override_value":"","rating":[{"rating_text":"","rating_number":"10"}],"price":[{"shop":"","price":"","link":"","icon":""}],"jnews_override_counter":{"override_view_counter":"0","view_counter_number":"0","override_share_counter":"0","share_counter_number":"0","override_like_counter":"0","like_counter_number":"0","override_dislike_counter":"0","dislike_counter_number":"0"},"jnews_post_split":{"enable_post_split":"0","post_split":[{"template":"1","tag":"h2","numbering":"asc","mode":"normal","first":"0","enable_toc":"0","toc_type":"normal"}]},"footnotes":""},"categories":[53],"tags":[],"class_list":["post-41625","post","type-post","status-publish","format-standard","has-post-thumbnail","hentry","category-comunicados-de-prensa"],"jetpack_featured_media_url":"https:\/\/atecordoba.org\/wp-content\/uploads\/2024\/02\/WhatsApp-Image-2024-02-13-at-17.56.57-e1707916630471.jpeg","_links":{"self":[{"href":"https:\/\/atecordoba.org\/index.php?rest_route=\/wp\/v2\/posts\/41625","targetHints":{"allow":["GET"]}}],"collection":[{"href":"https:\/\/atecordoba.org\/index.php?rest_route=\/wp\/v2\/posts"}],"about":[{"href":"https:\/\/atecordoba.org\/index.php?rest_route=\/wp\/v2\/types\/post"}],"author":[{"embeddable":true,"href":"https:\/\/atecordoba.org\/index.php?rest_route=\/wp\/v2\/users\/7"}],"replies":[{"embeddable":true,"href":"https:\/\/atecordoba.org\/index.php?rest_route=%2Fwp%2Fv2%2Fcomments&post=41625"}],"version-history":[{"count":2,"href":"https:\/\/atecordoba.org\/index.php?rest_route=\/wp\/v2\/posts\/41625\/revisions"}],"predecessor-version":[{"id":41628,"href":"https:\/\/atecordoba.org\/index.php?rest_route=\/wp\/v2\/posts\/41625\/revisions\/41628"}],"wp:featuredmedia":[{"embeddable":true,"href":"https:\/\/atecordoba.org\/index.php?rest_route=\/wp\/v2\/media\/41626"}],"wp:attachment":[{"href":"https:\/\/atecordoba.org\/index.php?rest_route=%2Fwp%2Fv2%2Fmedia&parent=41625"}],"wp:term":[{"taxonomy":"category","embeddable":true,"href":"https:\/\/atecordoba.org\/index.php?rest_route=%2Fwp%2Fv2%2Fcategories&post=41625"},{"taxonomy":"post_tag","embeddable":true,"href":"https:\/\/atecordoba.org\/index.php?rest_route=%2Fwp%2Fv2%2Ftags&post=41625"}],"curies":[{"name":"wp","href":"https:\/\/api.w.org\/{rel}","templated":true}]}}