{"id":41603,"date":"2024-02-09T12:00:50","date_gmt":"2024-02-09T15:00:50","guid":{"rendered":"https:\/\/atecordoba.org\/?p=41603"},"modified":"2024-02-09T12:02:46","modified_gmt":"2024-02-09T15:02:46","slug":"repudio-a-los-despidos-en-el-paicor-de-cordoba-capital","status":"publish","type":"post","link":"https:\/\/atecordoba.org\/?p=41603","title":{"rendered":"Repudio a los despidos en el PAICOR de C\u00f3rdoba Capital"},"content":{"rendered":"<div class=\"wp-block-image\">\n<figure class=\"aligncenter size-large is-resized\"><img loading=\"lazy\" decoding=\"async\" src=\"https:\/\/atecordoba.org\/wp-content\/uploads\/2024\/02\/paicor-1024x684.jpg\" alt=\"\" class=\"wp-image-41604\" width=\"768\" height=\"513\" \/><\/figure>\n<\/div>\n\n\n<p>ATE C\u00f3rdoba rechaza y repudia el despido de al menos 14 trabajadoras del Programa Alimentario Integral C\u00f3rdoba (PAICOR) que se conoci\u00f3 esta semana.  Se trata de compa\u00f1eras auxiliares del programa alimentario que cumplen funciones en establecimientos educativos de C\u00f3rdoba Capital y que cobran sus salarios a trav\u00e9s de un plan social provincial. Dichos emolumentos fueron dados de baja del sistema el 31 de diciembre, seg\u00fan la informaci\u00f3n que pudieron recabar las propias damnificadas cuando llamaron a PAICOR la primera semana del mes corriente para consultar por qu\u00e9 no les hab\u00edan pagado el sueldo. Sin notificarles de ninguna manera fehaciente las dejaron sin trabajo. <\/p>\n\n\n\n<p>\u201cEn un a\u00f1o emblem\u00e1tico para la democracia y la creaci\u00f3n del PAICOR, tomar decisiones por lo m\u00e1s bajo de la pir\u00e1mide laboral, nos lleva a pensar que esta gesti\u00f3n no est\u00e1 aplicando la Justicia Social de la que tanto pregonaron en la campa\u00f1a electoral. De manera arbitraria y poco \u00e9tica deja a las trabajadoras sin empleo y sin remuneraci\u00f3n&#8221;, dijo Marita Sosa, referente de las trabajadoras de PAICOR organizadas en ATE e integrante de la CTA Aut\u00f3noma provincial. <\/p>\n\n\n\n<p>Y agreg\u00f3: &#8220;ya el a\u00f1o pasado, en febrero, hab\u00edamos sufrido el despido de 50 compa\u00f1eras en C\u00f3rdoba Capital, por unirse a una protesta que hicimos junto a la organizaci\u00f3n y acompa\u00f1ados por los chicos del sindicato de petroqu\u00edmicos. &nbsp;Despu\u00e9s de nuestros reclamos las reincorporaron&#8221;.<\/p>\n\n\n\n<p>La dirigente denunci\u00f3 que &#8220;ahora Llaryora realiza este ataque con las trabajadoras que sufren los salarios m\u00e1s bajos de la Provincia. Siempre se ajusta por abajo y no por arriba. Sentimos un rechazo y una indignaci\u00f3n enormes&#8221;.<\/p>\n\n\n\n<p>Estas trabajadoras no cobraron los salarios de enero porque desde PAICOR aducen que les dieron la baja el 31 de diciembre. Frente a la ilegalidad del gobierno con la gran mayor\u00eda del personal del programa, ya que ni siquiera reconoce la relaci\u00f3n laboral, no les notificaron formalmente a las trabajadoras que estaban despedidas. &#8220;Podr\u00edan haber mandado por CIDI o por correo electr\u00f3nico una notificaci\u00f3n. Debieron advertir con tiempo que las iban a dejar sin trabajo. Es una situaci\u00f3n de una crueldad tremenda&#8221;, dijo Sosa.<\/p>\n\n\n\n<p>Y explic\u00f3 que las compa\u00f1eras se enteran de esta situaci\u00f3n porque una llam\u00f3 a PAICOR para preguntar por qu\u00e9 no les pagaban el sueldo que ven\u00edan cobrando.<\/p>\n\n\n\n<p><strong>Crisis alimentaria<\/strong><\/p>\n\n\n\n<p>La referenta de las auxiliares de PAICOR afirm\u00f3 que &#8220;respaldamos a las compa\u00f1eras, repudiamos el accionar de Llaryora y nos comprometemos a trabajar para que estas trabajadoras recuperen sus puestos de trabajo. El programa PAICOR va a seguir funcionando y seguramente se va a incrementar la demanda en el marco de la crisis alimentaria que nos lleva el gobierno de Javier Milei&#8221;.<\/p>\n\n\n\n<p>Y se pregunt\u00f3 &#8220;c\u00f3mo vamos a sostener a esos chicos que cada vez m\u00e1s van a ir a la escuela a comer porque no comen en la casa, qu\u00e9 servicio les piensa dar Llaryora. El Gobierno de C\u00f3rdoba es absolutamente irracional. Le dio la baja a compa\u00f1eras con 20 a\u00f1os de servicio que dejaron su salud en este trabajo y hoy las dejan tiradas para reemplazarlas o para ajustar el programa. No lo sabemos&#8221;.<\/p>\n\n\n\n<p>Por \u00faltimo, Sosa asegur\u00f3 que para la Provincia &#8220;las compa\u00f1eras son un n\u00famero en el sistema, cobran los salarios m\u00e1s bajos del Estado provincial y forman la base del sistema, y son invisibles para el gobierno. Ni siquiera las registra como trabajadoras. Con el PAICOR a punto de cumplir 40 a\u00f1os Llaryora le debe dar dignidad laboral al conjunto de las trabajadoras, reconociendo los a\u00f1os de servicio y pagando sueldos que alcancen para mantener una familia&#8221;. &nbsp;&nbsp;<\/p>\n","protected":false},"excerpt":{"rendered":"<p>ATE C\u00f3rdoba rechaza y repudia el despido de al menos 14 trabajadoras del Programa Alimentario Integral C\u00f3rdoba (PAICOR) que se conoci\u00f3 esta semana. Se trata de compa\u00f1eras auxiliares del programa alimentario que cumplen funciones en establecimientos educativos de C\u00f3rdoba Capital y que cobran sus salarios a trav\u00e9s de un plan social provincial. Dichos emolumentos fueron [&hellip;]<\/p>\n","protected":false},"author":7,"featured_media":41604,"comment_status":"open","ping_status":"open","sticky":false,"template":"","format":"standard","meta":{"_exactmetrics_skip_tracking":false,"_exactmetrics_sitenote_active":false,"_exactmetrics_sitenote_note":"","_exactmetrics_sitenote_category":0,"jnews-multi-image_gallery":[],"jnews_single_post":{"subtitle":"14 trabajadoras no cobraron los salarios de enero porque desde PAICOR aducen que les dieron la baja el 31 de diciembre. Frente a la ilegalidad del gobierno con la gran mayor\u00eda del personal del programa, ya que ni siquiera reconoce la relaci\u00f3n laboral, no les notificaron formalmente a las trabajadoras que estaban despedidas. \"Podr\u00edan haber mandado por CIDI o por correo electr\u00f3nico una notificaci\u00f3n. Debieron advertir con tiempo que las iban a dejar sin trabajo. Es una situaci\u00f3n de una crueldad tremenda\", dijo Marita Sosa, referenta de las auxiliares de PAICOR en ATE e integrante de la conducci\u00f3n provincial de la CTAA.","format":"standard","video":"","gallery":"","source_name":"","source_url":"","via_name":"","via_url":"","override_template":"0","override":[{"template":"1","single_blog_custom":"","parallax":"1","fullscreen":"1","layout":"no-sidebar-narrow","sidebar":"default-sidebar","second_sidebar":"default-sidebar","sticky_sidebar":"1","share_position":"bottom","share_float_style":"share-monocrhome","show_share_counter":"1","show_view_counter":"1","show_featured":"0","show_post_meta":"1","show_post_author":"0","show_post_author_image":"1","show_post_date":"1","post_date_format":"default","post_date_format_custom":"Y\/m\/d","show_post_category":"1","show_post_reading_time":"0","post_reading_time_wpm":"300","show_zoom_button":"0","zoom_button_out_step":"2","zoom_button_in_step":"3","show_post_tag":"1","show_prev_next_post":"0","show_popup_post":"0","number_popup_post":"1","show_author_box":"0","show_post_related":"1","show_inline_post_related":"0"}],"override_image_size":"0","image_override":[{"single_post_thumbnail_size":"crop-500","single_post_gallery_size":"crop-500"}],"trending_post":"0","trending_post_position":"meta","trending_post_label":"Trending","sponsored_post":"0","sponsored_post_label":"Sponsored by","sponsored_post_name":"","sponsored_post_url":"","sponsored_post_logo_enable":"0","sponsored_post_logo":"","sponsored_post_desc":"","disable_ad":"0"},"jnews_primary_category":{"id":"","hide":""},"jnews_social_meta":{"fb_title":"","fb_description":"","fb_image":"","twitter_title":"","twitter_description":"","twitter_image":""},"jnews_review":[],"enable_review":"0","type":"percentage","name":"","summary":"","brand":"","sku":"","good":[{"good_text":""}],"bad":[{"bad_text":""}],"score_override":"","override_value":"","rating":[{"rating_text":"","rating_number":"10"}],"price":[{"shop":"","price":"","link":"","icon":""}],"jnews_override_counter":{"override_view_counter":"0","view_counter_number":"0","override_share_counter":"0","share_counter_number":"0","override_like_counter":"0","like_counter_number":"0","override_dislike_counter":"0","dislike_counter_number":"0"},"jnews_post_split":{"enable_post_split":"0","post_split":[{"template":"1","tag":"h2","numbering":"asc","mode":"normal","first":"0","enable_toc":"0","toc_type":"normal"}]},"footnotes":""},"categories":[8],"tags":[],"class_list":["post-41603","post","type-post","status-publish","format-standard","has-post-thumbnail","hentry","category-provinciales"],"jetpack_featured_media_url":"https:\/\/atecordoba.org\/wp-content\/uploads\/2024\/02\/paicor-e1707490844711.jpg","_links":{"self":[{"href":"https:\/\/atecordoba.org\/index.php?rest_route=\/wp\/v2\/posts\/41603","targetHints":{"allow":["GET"]}}],"collection":[{"href":"https:\/\/atecordoba.org\/index.php?rest_route=\/wp\/v2\/posts"}],"about":[{"href":"https:\/\/atecordoba.org\/index.php?rest_route=\/wp\/v2\/types\/post"}],"author":[{"embeddable":true,"href":"https:\/\/atecordoba.org\/index.php?rest_route=\/wp\/v2\/users\/7"}],"replies":[{"embeddable":true,"href":"https:\/\/atecordoba.org\/index.php?rest_route=%2Fwp%2Fv2%2Fcomments&post=41603"}],"version-history":[{"count":2,"href":"https:\/\/atecordoba.org\/index.php?rest_route=\/wp\/v2\/posts\/41603\/revisions"}],"predecessor-version":[{"id":41607,"href":"https:\/\/atecordoba.org\/index.php?rest_route=\/wp\/v2\/posts\/41603\/revisions\/41607"}],"wp:featuredmedia":[{"embeddable":true,"href":"https:\/\/atecordoba.org\/index.php?rest_route=\/wp\/v2\/media\/41604"}],"wp:attachment":[{"href":"https:\/\/atecordoba.org\/index.php?rest_route=%2Fwp%2Fv2%2Fmedia&parent=41603"}],"wp:term":[{"taxonomy":"category","embeddable":true,"href":"https:\/\/atecordoba.org\/index.php?rest_route=%2Fwp%2Fv2%2Fcategories&post=41603"},{"taxonomy":"post_tag","embeddable":true,"href":"https:\/\/atecordoba.org\/index.php?rest_route=%2Fwp%2Fv2%2Ftags&post=41603"}],"curies":[{"name":"wp","href":"https:\/\/api.w.org\/{rel}","templated":true}]}}